{"id":13802242,"date":"2016-06-15T03:55:38","date_gmt":"2016-06-15T03:55:38","guid":{"rendered":"https:\/\/www.upo.es\/diario\/?p=13802242"},"modified":"2016-06-15T07:44:31","modified_gmt":"2016-06-15T07:44:31","slug":"la-proxima-semana-se-clausura-el-programa-universitario-aula-abierta-de-mayores-de-la-upo","status":"publish","type":"post","link":"https:\/\/www.upo.es\/diario\/institucional\/2016\/06\/la-proxima-semana-se-clausura-el-programa-universitario-aula-abierta-de-mayores-de-la-upo\/","title":{"rendered":"Clausura del Programa Universitario \u00abAula Abierta de Mayores\u00bb de la UPO"},"content":{"rendered":"<p style=\"text-align: justify;\">La Universidad Pablo de Olavide ha celebrado esta semana, los d\u00edas 13 y 14 de junio, el acto de clausura de su Programa Universitario Aula Abierta de Mayores, con la imposici\u00f3n de becas al alumnado de los ocho municipios que han finalizado el tercer curso del Ciclo B\u00e1sico: <strong>Alcal\u00e1 de Guada\u00edra, Aznalcollar, Bormujos<\/strong>,\u00a0<b>Gilena, Gines, Herrera, Pedrera y Tomares.<\/b><\/p>\n<figure id=\"attachment_13863103\" aria-describedby=\"caption-attachment-13863103\" style=\"width: 320px\" class=\"wp-caption alignright\"><a href=\"https:\/\/www.upo.es\/diario\/wp-content\/uploads\/2016\/06\/7-UPO.jpg\"><img loading=\"lazy\" decoding=\"async\" class=\"size-medium wp-image-13863103\" alt=\"Acto de clausura  de los municipios de Alcal\u00e1 de Guada\u00edra, Aznalc\u00f3llar y Bormujos.\" src=\"https:\/\/www.upo.es\/diario\/wp-content\/uploads\/2016\/06\/7-UPO-320x213.jpg\" width=\"320\" height=\"213\" srcset=\"https:\/\/www.upo.es\/diario\/wp-content\/uploads\/2016\/06\/7-UPO-320x213.jpg 320w, https:\/\/www.upo.es\/diario\/wp-content\/uploads\/2016\/06\/7-UPO-600x400.jpg 600w\" sizes=\"auto, (max-width: 320px) 100vw, 320px\" \/><\/a><figcaption id=\"caption-attachment-13863103\" class=\"wp-caption-text\">Acto de clausura de los municipios de Alcal\u00e1 de Guada\u00edra, Aznalc\u00f3llar y Bormujos.<\/figcaption><\/figure>\n<p style=\"text-align: justify;\">El primer acto se celebr\u00f3 el lunes, 13 de junio, con la clausura de los\u00a0tres municipios que han finalizado el tercer curso del Ciclo B\u00e1sico y Continuidad,\u00a0<b>Alcal\u00e1 de Guada\u00edra<\/b>,\u00a0<b>Aznalc\u00f3llar y Bormujos<\/b>. El acto de clausura estuvo presidido por la vicerrectora de Cultura y Compromiso Social de la UPO, Elodia Hern\u00e1ndez Le\u00f3n, quien estuvo acompa\u00f1ada por el padrino de estas tres promociones que se grad\u00faan, Eugenio Pizarro Moreno, profesor del Departamento de Derecho privado de la UPO, y Roc\u00edo C\u00e1rdenas Rodr\u00edguez, directora general de Programaci\u00f3n Cultural y Social. Al acto tambi\u00e9n asistieron Mar\u00eda Jes\u00fas Campos Galeano, delegada de Educaci\u00f3n\u00a0del Ayuntamiento de Alcal\u00e1 de Guada\u00edra; Juan Jos\u00e9 Fern\u00e1ndez Garrido, alcalde del Ayuntamiento de Aznalc\u00f3llar; Francisco Miguel Molina Haro, alcalde del Ayuntamiento de Bormujos, y Roc\u00edo Sutil Dom\u00ednguez, diputada del \u00c1rea de Cultura y Ciudadan\u00eda de la Diputaci\u00f3n de Sevilla.<\/p>\n<figure id=\"attachment_13877674\" aria-describedby=\"caption-attachment-13877674\" style=\"width: 320px\" class=\"wp-caption alignright\"><a href=\"https:\/\/www.upo.es\/diario\/wp-content\/uploads\/2016\/06\/14062016-1MOT5084.jpg\"><img loading=\"lazy\" decoding=\"async\" class=\"size-medium wp-image-13877674\" alt=\"Acto de clausura de los municipios de Gilena, Gines, Herrera, Tomares y Pedrera.\" src=\"https:\/\/www.upo.es\/diario\/wp-content\/uploads\/2016\/06\/14062016-1MOT5084-320x213.jpg\" width=\"320\" height=\"213\" srcset=\"https:\/\/www.upo.es\/diario\/wp-content\/uploads\/2016\/06\/14062016-1MOT5084-320x213.jpg 320w, https:\/\/www.upo.es\/diario\/wp-content\/uploads\/2016\/06\/14062016-1MOT5084-600x400.jpg 600w\" sizes=\"auto, (max-width: 320px) 100vw, 320px\" \/><\/a><figcaption id=\"caption-attachment-13877674\" class=\"wp-caption-text\">Acto de clausura de los municipios de Gilena, Gines, Herrera, Tomares y Pedrera.<\/figcaption><\/figure>\n<p style=\"text-align: justify;\">El segundo acto de clausura del Programa Universitario Aula Abierta de Mayores de la UPO se celebr\u00f3 el martes, 14 de junio, con la imposici\u00f3n de becas al alumnado de los municipios de\u00a0<b>Gilena, Gines, Herrera, Pedrera y Tomares. \u00a0<\/b>El acto estuvo presidido por la vicerrectora de Cultura y Compromiso Social, Elodia Hern\u00e1ndez Le\u00f3n, que estuvo acompa\u00f1ada por Guillermo L\u00f3pez Lluch, padrino de estas promociones y profesor del Departamento de Fisiolog\u00eda de la UPO. Al acto tambi\u00e9n asistieron Emilio G\u00f3mez Gonz\u00e1lez, alcalde del Ayuntamiento de Gilena; Romualdo Garrido S\u00e1nchez, alcalde del Ayuntamiento de Gines; Jorge Muriel Jim\u00e9nez, alcalde del Ayuntamiento de Herrera; Antonio Nogales Monedero, alcalde del Ayuntamiento de Pedrera, \u00a0Mar\u00eda Teresa Garay S\u00e1nchez, concejala de Cultura del Ayuntamiento de Tomares, y Mercedes M\u00e9ndez Zubiria, directora general del \u00c1rea de Cultura y Ciudadan\u00eda de la Diputaci\u00f3n de Sevilla.<\/p>\n<p style=\"text-align: justify;\">Las ceremonias contaron tambi\u00e9n con las palabras que dedicaron los alumnos representantes de los municipios egresados, Amalia Borrero Gallardo (Alcal\u00e1 de Guadaira), Dolores Escobar Nieto y \u00c1ngeles Delgado Enamorado (Aznalc\u00f3llar), M\u00aa Carmen Monta\u00f1o Borrego y M\u00aa \u00c1ngeles Monta\u00f1o Corrales (Gilena), Rosario Tello S\u00e1nchez (Gines), Pilar Benjumea Garc\u00eda (Herrera), Dolores Romero Agout (Pedrera) y Milagros de Castro Saavedra (Tomares).<\/p>\n<p style=\"text-align: justify;\">El Aula Abierta de Mayores de la <a href=\"http:\/\/www.upo.es\/portal\/impe\/web\/portada\">Universidad Pablo de Olavide<\/a> es un programa de intervenci\u00f3n socioeducativa para fomentar el acceso a la formaci\u00f3n permanente de los mayores de 50 a\u00f1os, para el que no se necesita titulaci\u00f3n previa. Las instituciones que colaboran, adem\u00e1s de la propia <a href=\"http:\/\/www.upo.es\/portal\/impe\/web\/portada\">Universidad Pablo de Olavide<\/a>, \u00a0son la <a href=\"http:\/\/www.juntadeandalucia.es\/organismos\/igualdadsaludypoliticassociales.html\">Consejer\u00eda de Igualdad y Pol\u00edticas Sociales de la Junta de Andaluc\u00eda<\/a>, la <a href=\"http:\/\/www.dipusevilla.es\/\">Diputaci\u00f3n de Sevilla<\/a>, y <a href=\"https:\/\/obrasociallacaixa.org\/es\/\">Obra Social \u201cLa Caixa\u201d<\/a>.\u00a0 El Aula Abierta de Mayores de la UPO se imparte, adem\u00e1s de en los ocho municipios ya mencionados, en Gerena, La Puebla de Cazalla, Lebrija, Mairena del Alcor, Salteras y Santiponce, que tambi\u00e9n clausuran el curso acad\u00e9mico. Los estudiantes del Aula Abierta de Mayores de la UPO de los 14 municipios suman un total de 641.<\/p>\n","protected":false},"excerpt":{"rendered":"<p>La Universidad Pablo de Olavide ha celebrado esta semana, los d\u00edas 13 y 14 de junio, el acto de clausura de su Programa Universitario Aula Abierta de Mayores, con la imposici\u00f3n de becas al alumnado de los ocho municipios que han finalizado el tercer curso del Ciclo B\u00e1sico: Alcal\u00e1 de Guada\u00edra, Aznalcollar, Bormujos, Gilena, Gines, Herrera, Pedrera y Tomares.<\/p>\n","protected":false},"author":2,"featured_media":0,"comment_status":"closed","ping_status":"open","sticky":false,"template":"","format":"standard","meta":{"_monsterinsights_skip_tracking":false,"_monsterinsights_sitenote_active":false,"_monsterinsights_sitenote_note":"","_monsterinsights_sitenote_category":0,"footnotes":""},"categories":[6],"tags":[52,509,53,2052],"class_list":["post-13802242","post","type-post","status-publish","format-standard","hentry","category-institucional","tag-aula-abierta-de-mayores","tag-formacion","tag-mayores","tag-municipios"],"_links":{"self":[{"href":"https:\/\/www.upo.es\/diario\/wp-json\/wp\/v2\/posts\/13802242","targetHints":{"allow":["GET"]}}],"collection":[{"href":"https:\/\/www.upo.es\/diario\/wp-json\/wp\/v2\/posts"}],"about":[{"href":"https:\/\/www.upo.es\/diario\/wp-json\/wp\/v2\/types\/post"}],"author":[{"embeddable":true,"href":"https:\/\/www.upo.es\/diario\/wp-json\/wp\/v2\/users\/2"}],"replies":[{"embeddable":true,"href":"https:\/\/www.upo.es\/diario\/wp-json\/wp\/v2\/comments?post=13802242"}],"version-history":[{"count":11,"href":"https:\/\/www.upo.es\/diario\/wp-json\/wp\/v2\/posts\/13802242\/revisions"}],"predecessor-version":[{"id":13878210,"href":"https:\/\/www.upo.es\/diario\/wp-json\/wp\/v2\/posts\/13802242\/revisions\/13878210"}],"wp:attachment":[{"href":"https:\/\/www.upo.es\/diario\/wp-json\/wp\/v2\/media?parent=13802242"}],"wp:term":[{"taxonomy":"category","embeddable":true,"href":"https:\/\/www.upo.es\/diario\/wp-json\/wp\/v2\/categories?post=13802242"},{"taxonomy":"post_tag","embeddable":true,"href":"https:\/\/www.upo.es\/diario\/wp-json\/wp\/v2\/tags?post=13802242"}],"curies":[{"name":"wp","href":"https:\/\/api.w.org\/{rel}","templated":true}]}}