{"id":13802245,"date":"2016-06-10T08:40:44","date_gmt":"2016-06-10T08:40:44","guid":{"rendered":"https:\/\/www.upo.es\/diario\/?p=13802245"},"modified":"2016-06-10T12:44:37","modified_gmt":"2016-06-10T12:44:37","slug":"los-alumnos-del-master-de-guitarra-clasica-de-la-upo-realizan-una-gira-por-andalucia-durante-junio-y-julio","status":"publish","type":"post","link":"https:\/\/www.upo.es\/diario\/institucional\/2016\/06\/los-alumnos-del-master-de-guitarra-clasica-de-la-upo-realizan-una-gira-por-andalucia-durante-junio-y-julio\/","title":{"rendered":"Los alumnos del M\u00e1ster de Guitarra Cl\u00e1sica de la UPO realizan una gira por Andaluc\u00eda durante junio y julio"},"content":{"rendered":"<figure id=\"attachment_10798757\" aria-describedby=\"caption-attachment-10798757\" style=\"width: 320px\" class=\"wp-caption alignright\"><img loading=\"lazy\" decoding=\"async\" class=\"size-medium wp-image-10798757 \" alt=\"M\u00e1ster de Interpretaci\u00f3n de Guitarra Cl\u00e1sica\" src=\"https:\/\/www.upo.es\/diario\/wp-content\/uploads\/2015\/10\/guitar-670087_1280-320x213.jpg\" width=\"320\" height=\"213\" srcset=\"https:\/\/www.upo.es\/diario\/wp-content\/uploads\/2015\/10\/guitar-670087_1280-320x213.jpg 320w, https:\/\/www.upo.es\/diario\/wp-content\/uploads\/2015\/10\/guitar-670087_1280-600x399.jpg 600w, https:\/\/www.upo.es\/diario\/wp-content\/uploads\/2015\/10\/guitar-670087_1280.jpg 1280w\" sizes=\"auto, (max-width: 320px) 100vw, 320px\" \/><figcaption id=\"caption-attachment-10798757\" class=\"wp-caption-text\">El M\u00e1ster en Interpretaci\u00f3n de Guitarra Cl\u00e1sica forma especialistas en la interpretaci\u00f3n musical a trav\u00e9s de un programa de perfeccionamiento en el instrumento<\/figcaption><\/figure>\n<p>Los <strong>alumnos de la primera edici\u00f3n del M\u00e1ster de Guitara Cl\u00e1sica de la Universidad Pablo de Olavide dar\u00e1n un total de siete conciertos a los largo de junio y julio en varias capitales de provincia andaluzas<\/strong>. Diez alumnos de ocho nacionalidades distintas mostrar\u00e1n todo su talento y lo aprendido en este m\u00e1ster dirigido por Francisco Bernier, guitarrista y catedr\u00e1tico del Conservatorio Superior de M\u00fasica Manuel Castillo de Sevilla.<\/p>\n<p>Jaxon Williams (Estados Unidos), Jos\u00e9 Carlos Cabrera (Paraguay), Nathan Guineberteau (Francia), Carmen \u00c1lvarez (Espa\u00f1a) Francisco Morais (Portugal), Elena Ortega (Espa\u00f1a), Masataka Suganuma (Jap\u00f3n), Adrik Cristobal (Filipinas), Giuseppe Mennuti (Italia) y Antonio Escalante (Espa\u00f1a), estudiantes y concertistas, actuar\u00e1n en Sevilla (el 12 y el 21 de junio), Huelva (el 17 y el 24 de junio) y C\u00f3rdoba (el 23 y el 30 de junio y el 6 de julio).<\/p>\n<p>Concretamente <strong>en Sevilla, el 12 de junio, el concierto tendr\u00e1 lugar en la Capilla G\u00f3tica de los Reales Alc\u00e1zares a las 12.30 horas<\/strong>, mientras que el d\u00eda 21 se celebrar\u00e1 en la Capilla de San Jos\u00e9. En Huelva y C\u00f3rdoba, ser\u00e1n las sedes de la Fundaci\u00f3n Cajasol en cada una de esas ciudades quienes acojan estos conciertos. La entrada para estos conciertos es gratuita hasta completar aforo.<\/p>\n<p>El objetivo fundamental del M\u00e1ster en Interpretaci\u00f3n de Guitarra Cl\u00e1sica, es formar especialistas en la interpretaci\u00f3n musical a trav\u00e9s de un programa de perfeccionamiento en el instrumento, a la vez que profundizar en el repertorio espec\u00edfico, para que sean capaces de desarrollarse de forma aut\u00f3noma en el entorno profesional, ya sea como solistas o como miembros de formaciones musicales, seg\u00fan Bernier.<\/p>\n<p>Adem\u00e1s, esta actividad formativa est\u00e1 dirigida a preparar a los m\u00fasicos al m\u00e1ximo nivel para conseguir su entrada al mundo laboral profesional, proporcion\u00e1ndoles el conocimiento, la flexibilidad y la imaginaci\u00f3n necesarios para que puedan desarrollar una praxis profesional en la vida art\u00edstica actual. Como parte del programa de formaci\u00f3n, los alumnos del m\u00e1ster tienen la oportunidad de actuar como concertistas en varias ocasiones; adem\u00e1s, uno de los alumnos tendr\u00e1 la posibilidad de grabar un disco con el sello discogr\u00e1fico \u2018Contrastes records\u2019, con sede en Londres y distribuido internacionalmente por Naxos Inc USA.<\/p>\n<p>Para el curso acad\u00e9mico 2016-2017 ya est\u00e1 abierto el plazo de preinscripci\u00f3n de la II Edici\u00f3n de este m\u00e1ster que se desarrollar\u00e1 del 5 de octubre de 2016 al 21 de julio de 2017. Para m\u00e1s informaci\u00f3n: <a href=\"http:\/\/www.upo.es\/postgrado\/Master-Interpretacion-Guitarra-Clasica\">http:\/\/www.upo.es\/postgrado\/Master-Interpretacion-Guitarra-Clasica<\/a><\/p>\n","protected":false},"excerpt":{"rendered":"<p>Los alumnos de la primera edici\u00f3n del M\u00e1ster de Guitara Cl\u00e1sica de la Universidad Pablo de Olavide dar\u00e1n un total de siete conciertos a los largo de junio y julio en varias capitales de provincia andaluzas. Diez alumnos de ocho nacionalidades distintas mostrar\u00e1n todo su talento y lo aprendido en este m\u00e1ster dirigido por Francisco Bernier, guitarrista y catedr\u00e1tico del Conservatorio Superior de M\u00fasica Manuel Castillo de Sevilla. <\/p>\n","protected":false},"author":6,"featured_media":0,"comment_status":"closed","ping_status":"open","sticky":false,"template":"","format":"standard","meta":{"_monsterinsights_skip_tracking":false,"_monsterinsights_sitenote_active":false,"_monsterinsights_sitenote_note":"","_monsterinsights_sitenote_category":0,"footnotes":""},"categories":[6],"tags":[190,403,2809,118,402,82],"class_list":["post-13802245","post","type-post","status-publish","format-standard","hentry","category-institucional","tag-andalucia","tag-concierto","tag-guitarra","tag-master","tag-musica","tag-postgrado"],"_links":{"self":[{"href":"https:\/\/www.upo.es\/diario\/wp-json\/wp\/v2\/posts\/13802245","targetHints":{"allow":["GET"]}}],"collection":[{"href":"https:\/\/www.upo.es\/diario\/wp-json\/wp\/v2\/posts"}],"about":[{"href":"https:\/\/www.upo.es\/diario\/wp-json\/wp\/v2\/types\/post"}],"author":[{"embeddable":true,"href":"https:\/\/www.upo.es\/diario\/wp-json\/wp\/v2\/users\/6"}],"replies":[{"embeddable":true,"href":"https:\/\/www.upo.es\/diario\/wp-json\/wp\/v2\/comments?post=13802245"}],"version-history":[{"count":3,"href":"https:\/\/www.upo.es\/diario\/wp-json\/wp\/v2\/posts\/13802245\/revisions"}],"predecessor-version":[{"id":13802898,"href":"https:\/\/www.upo.es\/diario\/wp-json\/wp\/v2\/posts\/13802245\/revisions\/13802898"}],"wp:attachment":[{"href":"https:\/\/www.upo.es\/diario\/wp-json\/wp\/v2\/media?parent=13802245"}],"wp:term":[{"taxonomy":"category","embeddable":true,"href":"https:\/\/www.upo.es\/diario\/wp-json\/wp\/v2\/categories?post=13802245"},{"taxonomy":"post_tag","embeddable":true,"href":"https:\/\/www.upo.es\/diario\/wp-json\/wp\/v2\/tags?post=13802245"}],"curies":[{"name":"wp","href":"https:\/\/api.w.org\/{rel}","templated":true}]}}