{"id":13849309,"date":"2016-06-13T05:52:27","date_gmt":"2016-06-13T05:52:27","guid":{"rendered":"https:\/\/www.upo.es\/diario\/?p=13849309"},"modified":"2016-06-15T07:53:10","modified_gmt":"2016-06-15T07:53:10","slug":"la-universidad-pablo-de-olavide-celebra-la-selectividad-desde-manana-martes-2","status":"publish","type":"post","link":"https:\/\/www.upo.es\/diario\/institucional\/2016\/06\/la-universidad-pablo-de-olavide-celebra-la-selectividad-desde-manana-martes-2\/","title":{"rendered":"La Universidad Pablo de Olavide celebra la Selectividad desde ma\u00f1ana martes"},"content":{"rendered":"<figure id=\"attachment_13849310\" aria-describedby=\"caption-attachment-13849310\" style=\"width: 600px\" class=\"wp-caption aligncenter\"><a href=\"https:\/\/www.upo.es\/diario\/wp-content\/uploads\/2016\/06\/selectividad1.jpg\"><img loading=\"lazy\" decoding=\"async\" class=\"size-large wp-image-13849310\" alt=\"Imagen de estudiantes en un descanso de la prueba de Selectividad del pasado a\u00f1o.\" src=\"https:\/\/www.upo.es\/diario\/wp-content\/uploads\/2016\/06\/selectividad1-600x400.jpg\" width=\"600\" height=\"400\" srcset=\"https:\/\/www.upo.es\/diario\/wp-content\/uploads\/2016\/06\/selectividad1-600x400.jpg 600w, https:\/\/www.upo.es\/diario\/wp-content\/uploads\/2016\/06\/selectividad1-320x213.jpg 320w\" sizes=\"auto, (max-width: 600px) 100vw, 600px\" \/><\/a><figcaption id=\"caption-attachment-13849310\" class=\"wp-caption-text\">Imagen de estudiantes en un descanso de la prueba de Selectividad del pasado a\u00f1o.<\/figcaption><\/figure>\n<p>Un total de 1.243 estudiantes de Bachillerato y de Ciclos Formativos de Grado Superior de 24 centros educativos de Sevilla y provincia se examinar\u00e1n de la Selectividad desde ma\u00f1ana martes 14 de junio hasta el jueves 16 de junio en la Universidad Pablo de Olavide. La UPO ha distribuido los 24 centros en <a href=\"https:\/\/www.upo.es\/areadeestudiantes\/export\/sites\/estudiantes\/Documentos\/Acceso\/selectividad\/HORIZONTAL_Distribucion_por_sedes_y_centros_xxx_.pdf\">dos sedes<\/a> ubicadas en los edificios 4, 6 y 8 (sede 1) y en los edificios 5 y 7 (sede 2).<\/p>\n<p>Los estudiantes est\u00e1n citados ma\u00f1ana martes 14 de junio a las 8:00 horas, mientras que la Prueba de Acceso a la Universidad dar\u00e1 comienzo a las 8.30 horas, desarroll\u00e1ndose el primer examen de 8:30 a 10:00 horas. Los alumnos tendr\u00e1n un primer descanso desde las 10:00 hasta las 10.45 horas.<\/p>\n<p>El examen de ma\u00f1ana martes consta de 3 ejercicios pertenecientes a la parte general de la PAU: Comentario de Texto relacionado con Lengua Castellana y Literatura; Historia de la Filosof\u00eda o Historia de Espa\u00f1a, y finalmente Lengua Extranjera.<\/p>\n<p>De los 1.243 estudiantes que se presentan a las pruebas en la Universidad Pablo de Olavide, 725 son mujeres (58,3%) y 518 son hombres (41,7%). Por su parte, 1.153 alumnos proceden de Bachillerato y 90 de Ciclos Formativos de Grado Superior. Respecto al n\u00famero de alumnos que se presentan a cada fase, 983 estudiantes realizar\u00e1n tanto la fase espec\u00edfica como la general, mientras que 57 se examinar\u00e1n \u00fanicamente de la fase general y 203 de la fase espec\u00edfica.<\/p>\n<p>En la UPO, se examinar\u00e1n de la Selectividad los estudiantes procedentes de 24 centros de Ense\u00f1anza Secundaria y Formaci\u00f3n Profesional de Sevilla y provincia, distribuy\u00e9ndolos en <a href=\"https:\/\/www.upo.es\/areadeestudiantes\/export\/sites\/estudiantes\/Documentos\/Acceso\/selectividad\/HORIZONTAL_Distribucion_por_sedes_y_centros_xxx_.pdf\">dos sedes<\/a>. Estos 24 centros son el colegio Escuelas Profesionales de la Sagrada Familia (Sevilla), el colegio San Fernando (Sevilla), el IES Vel\u00e1zquez (Sevilla), el IES Joaqu\u00edn Turina (Sevilla), el IES Ram\u00f3n del Valle Incl\u00e1n (Sevilla), el colegio Albaydar (Sevilla), el IES Camas (Camas), el IES Juan de Mairena (Mairena del Aljarafe), el IES Atenea (Mairena del Aljarafe), el IES Carmen Laff\u00f3n (San Jos\u00e9 de la Rinconada), el Centro de Estudios Sanitarios Dr. Ardu\u00e1n (Sevilla), el Centro de Estudios Cesa Campus de Estudios Superiores Aljarafe (Tomares), el colegio Salesianos de San Pedro (Sevilla), el colegio San Fernando (Sevilla), el IES Miguel de Cervantes (Sevilla), el colegio Alberto Durero (Sevilla), el IES Ruiz Gij\u00f3n (Utrera), el IES Mateo Alem\u00e1n (San Juan de Aznalfarache), el IES Severo Ochoa (San Juan de Aznalfarache), el IES Rodrigo Caro (Coria del R\u00edo), el IES Pepe Ruiz Vela (Villaverde del R\u00edo), el IES Los \u00c1lamos (Bormujos), el colegio Antonio de Sol\u00eds (Sevilla), IES Mar\u00eda Galiana (Montequinto, Dos Hermanas) y el IES Mariana Pineda (Montequinto, Dos Hermanas).<\/p>\n<p>El calendario de las Pruebas de Acceso a la Universidad en la Universidad Pablo de Olavide es el siguiente:<\/p>\n<p>&nbsp;<\/p>\n<table width=\"572\" border=\"1\" cellspacing=\"0\" cellpadding=\"0\">\n<tbody>\n<tr>\n<td valign=\"top\" width=\"84\">\n<p align=\"center\"><b>HORARIO<\/b><\/p>\n<\/td>\n<td valign=\"top\" width=\"148\">\n<p align=\"center\"><b>14 DE JUNIO, PRIMER D\u00cdA<\/b><\/p>\n<\/td>\n<td valign=\"top\" width=\"170\">\n<p align=\"center\"><b>15 DE JUNIO, <\/b><\/p>\n<p align=\"center\"><b>SEGUNDO D\u00cdA<\/b><\/p>\n<\/td>\n<td valign=\"top\" width=\"170\">\n<p align=\"center\"><b>16 DE JUNIO,<\/b><\/p>\n<p align=\"center\"><b>TERCER D\u00cdA<\/b><\/p>\n<\/td>\n<\/tr>\n<tr>\n<td valign=\"top\" width=\"84\"><b>8:00-8:30 <\/b><\/td>\n<td valign=\"top\" width=\"148\"><b>Citaci\u00f3n<\/b><\/td>\n<td valign=\"top\" width=\"170\"><b>Citaci\u00f3n<\/b><\/td>\n<td valign=\"top\" width=\"170\">\n<p align=\"center\"><b>Citaci\u00f3n<\/b><\/p>\n<\/td>\n<\/tr>\n<tr>\n<td valign=\"top\" width=\"84\"><b>8:30-10:00 <\/b><\/td>\n<td width=\"148\">COMENTARIO DE TEXTO RELACIONADO CON LA LENGUA CASTELLANA Y LA LITERATURA II<\/td>\n<td width=\"170\">HISTORIA DEL ARTEMATEM\u00c1TICAS II<\/td>\n<td width=\"170\">AN\u00c1LISIS MUSICAL IIDISE\u00d1O&nbsp;<\/p>\n<p>GEOGRAF\u00cdA<\/p>\n<p>&nbsp;<\/p>\n<p>BIOLOG\u00cdA<\/p>\n<p>&nbsp;<\/td>\n<\/tr>\n<tr>\n<td valign=\"top\" width=\"84\"><b>10:00-10:45<\/b><\/td>\n<td width=\"148\"><b>DESCANSO<\/b><\/td>\n<td width=\"170\"><b>DESCANSO<\/b><\/td>\n<td width=\"170\"><b>DESCANSO<\/b><\/td>\n<\/tr>\n<tr>\n<td valign=\"top\" width=\"84\"><b>10:45-12:15<\/b><\/td>\n<td width=\"148\">HISTORIA DE ESPA\u00d1AHISTORIA DE LA FILOSOF\u00cdA<\/td>\n<td width=\"170\">T\u00c9CNICAS DE EXPR. GR\u00c1FICO-PL\u00c1STICASELECTROT\u00c9CNIA&nbsp;<\/p>\n<p>LITERATURA UNIVERSAL<\/p>\n<p>&nbsp;<\/td>\n<td width=\"170\">DIBUJO T\u00c9CNICO IICIENCIAS DE LA TIERRA Y MEDIOAMBIENTALES&nbsp;<\/p>\n<p>ECONOM\u00cdA DE LA EMPRESA<\/p>\n<p>&nbsp;<\/p>\n<p>GRIEGO II<\/p>\n<p>&nbsp;<\/td>\n<\/tr>\n<tr>\n<td valign=\"top\" width=\"84\"><b>12:15-13:00<\/b><\/td>\n<td width=\"148\"><b>DESCANSO<\/b><\/td>\n<td width=\"170\"><b>DESCANSO<\/b><\/td>\n<td width=\"170\"><b>DESCANSO<\/b><\/td>\n<\/tr>\n<tr>\n<td valign=\"top\" width=\"84\"><b>13:00-14:30<\/b><\/td>\n<td width=\"148\">IDIOMA EXTRANJERO<\/td>\n<td width=\"170\">LENGUAJE Y PR\u00c1CTICA MUSICALTECNOLOG\u00cdA INDUSTRIAL IIMATEM\u00c1T. APLIC. A\u00a0 LAS CC. SOCIALES II<\/td>\n<td width=\"170\">HISTORIA DE LA M\u00daSICA Y LA DANZADIBUJO ART\u00cdSTICO II&nbsp;<\/p>\n<p>F\u00cdSICA<\/p>\n<p>&nbsp;<\/p>\n<p>LAT\u00cdN II<\/p>\n<p>&nbsp;<\/td>\n<\/tr>\n<tr>\n<td valign=\"top\" width=\"84\"><b>\u00a0<\/b><\/td>\n<td rowspan=\"7\" colspan=\"2\" width=\"318\"><\/td>\n<td width=\"170\">\n<p align=\"center\"><b>TARDE<\/b><\/p>\n<\/td>\n<\/tr>\n<tr>\n<td valign=\"top\" width=\"84\"><b>16:00-16:30<\/b><\/td>\n<td width=\"170\">\n<p align=\"center\"><b>Citaci\u00f3n<\/b><\/p>\n<\/td>\n<\/tr>\n<tr>\n<td valign=\"top\" width=\"84\"><b>16:30-18:00<\/b><\/td>\n<td width=\"170\">A DISPOSICI\u00d3N DE LA COMISI\u00d3N COORDINADORA PARA POSIBLES INCOMPATIBILIDADES<\/td>\n<\/tr>\n<tr>\n<td valign=\"top\" width=\"84\"><b>18:00-18:30<\/b><\/td>\n<td width=\"170\"><b>DESCANSO<\/b><\/td>\n<\/tr>\n<tr>\n<td valign=\"top\" width=\"84\"><b>18:30-20:00<\/b><\/td>\n<td width=\"170\">A DISPOSICI\u00d3N DE LA COMISI\u00d3N COORDINADORA PARA POSIBLES INCOMPATIBILIDADES<\/td>\n<\/tr>\n<tr>\n<td valign=\"top\" width=\"84\"><b>20:00-20:30<\/b><\/td>\n<td width=\"170\"><b>DESCANSO<\/b><\/td>\n<\/tr>\n<tr>\n<td valign=\"top\" width=\"84\"><b>20:30-22:00<\/b><\/td>\n<td width=\"170\">A DISPOSICI\u00d3N DE LA COMISI\u00d3N COORDINADORA PARA POSIBLES INCOMPATIBILIDADES<\/td>\n<\/tr>\n<\/tbody>\n<\/table>\n<p>El horario de las materias del tercer d\u00eda por la tarde es\u00a0exclusivamente\u00a0para quienes tienen m\u00e1s de un examen el mismo d\u00eda y a la misma hora (en el 2\u00ba o 3\u00ba d\u00eda por la ma\u00f1ana), debiendo realizar en dicho horario y en primer lugar el examen que aparece antes en el respectivo cuadro y realizar\u00e1 el examen de la otra materia en el tercer d\u00eda por la tarde en el horario que se indicar\u00e1 oportunamente.<\/p>\n<p><b>\u00a0<\/b><b>38 GRADOS UNIVERSITARIOS<\/b><\/p>\n<p>Para los estudiantes que aprueben la Selectividad, la Universidad Pablo de Olavide ofertar\u00e1 un total de 38 grados para el pr\u00f3ximo curso, de los que 32 titulaciones se impartir\u00e1n en la Olavide y 6 se impartir\u00e1n en el centro adscrito <a href=\"http:\/\/www.centrosanisidoro.es\/\">San Isidoro<\/a> de CEADE. Para esta oferta acad\u00e9mica, el n\u00famero de plazas de nueva ingreso ascienden a 2.473.<\/p>\n<p>Las titulaciones ofertadas en la UPO son:<\/p>\n<p>&#8211; Grados: Humanidades, Traducci\u00f3n e Interpretaci\u00f3n (Ingl\u00e9s, Franc\u00e9s y Alem\u00e1n), Geograf\u00eda e Historia, Derecho, Relaciones Laborales y Recursos Humanos, Ciencias Pol\u00edticas y de la Administraci\u00f3n, Administraci\u00f3n y Direcci\u00f3n de Empresas en espa\u00f1ol y en ingl\u00e9s, Finanzas y Contabilidad, Criminolog\u00eda, An\u00e1lisis Econ\u00f3mico, Trabajo Social, Educaci\u00f3n Social, Ciencias de la Actividad F\u00edsica y del Deporte, Sociolog\u00eda, Biotecnolog\u00eda, Ciencias Ambientales, Ingenier\u00eda Inform\u00e1tica en Sistemas de la Informaci\u00f3n y Nutrici\u00f3n Humana y Diet\u00e9tica.<\/p>\n<p>&#8211; Dobles grados: Humanidades y Traducci\u00f3n e Interpretaci\u00f3n, Administraci\u00f3n y Direcci\u00f3n de Empresas y Derecho (en espa\u00f1ol y con ADE en ingl\u00e9s), Derecho y Finanzas y Contabilidad, Derecho y Ciencias Pol\u00edticas y de la Administraci\u00f3n, Derecho y Criminolog\u00eda, Derecho y Relaciones Laborales y Recursos Humanos, Ciencias Pol\u00edticas y de la Administraci\u00f3n y Sociolog\u00eda, Trabajo Social y Educaci\u00f3n Social, y Trabajo Social y Sociolog\u00eda.<\/p>\n<p>&#8211; Doble grado internacional en Derecho por la Universidad de Bayreuth (Alemania) y la Universidad Pablo de Olavide.<\/p>\n<p>Por su parte, las titulaciones ofertadas en el centro adscrito de la UPO San Isidoro de Sevilla son:<\/p>\n<p>-Grados: Comunicaci\u00f3n, Ciencias de la Actividad F\u00edsica y del Deporte, Derecho, y Comunicaci\u00f3n Digital, y Administraci\u00f3n y Direcci\u00f3n de Empresas.<\/p>\n<p>-Dobles grados: Comunicaci\u00f3n y Comunicaci\u00f3n Digital.<\/p>\n<p>Por su parte, la Universidad Pablo de Olavide dispone de un <b><a href=\"http:\/\/www.upo.es\/guia-estudios\">portal web<\/a><\/b> espec\u00edfico dirigido a los futuros universitarios, que recoge la informaci\u00f3n relacionada con el acceso a la Universidad, as\u00ed como la oferta de grados y dobles grados, movilidad y actividades sociales, culturales y deportivas que ofrece la UPO en su campus universitario.<\/p>\n<p><b><a href=\"https:\/\/www.upo.es\/areadeestudiantes\/export\/sites\/estudiantes\/Documentos\/Acceso\/selectividad\/HORIZONTAL_Distribucion_por_sedes_y_centros_xxx_.pdf\">Distribuci\u00f3n por sedes y centros en la convocatoria de junio de 2016<\/a><\/b>.<\/p>\n<p>&nbsp;<\/p>\n","protected":false},"excerpt":{"rendered":"<p>Un total de 1.243 estudiantes de Bachillerato y de Ciclos Formativos de Grado Superior de 24 centros educativos de Sevilla y provincia se examinar\u00e1n de la Selectividad desde ma\u00f1ana martes 14 de junio hasta el jueves 16 de junio en la Universidad Pablo de Olavide. La UPO ha distribuido los 24 centros en dos sedes ubicadas en los edificios 4, 6 y 8 (sede 1) y en los edificios 5 y 7 (sede 2). <\/p>\n","protected":false},"author":2,"featured_media":0,"comment_status":"closed","ping_status":"open","sticky":false,"template":"","format":"standard","meta":{"_monsterinsights_skip_tracking":false,"_monsterinsights_sitenote_active":false,"_monsterinsights_sitenote_note":"","_monsterinsights_sitenote_category":0,"footnotes":""},"categories":[6],"tags":[501,21,668,743,690,665,161],"class_list":["post-13849309","post","type-post","status-publish","format-standard","hentry","category-institucional","tag-acceso","tag-estudiantes","tag-pau","tag-preinscripcion","tag-prueba-de-acceso-a-la-universidad","tag-selectividad","tag-sevilla"],"_links":{"self":[{"href":"https:\/\/www.upo.es\/diario\/wp-json\/wp\/v2\/posts\/13849309","targetHints":{"allow":["GET"]}}],"collection":[{"href":"https:\/\/www.upo.es\/diario\/wp-json\/wp\/v2\/posts"}],"about":[{"href":"https:\/\/www.upo.es\/diario\/wp-json\/wp\/v2\/types\/post"}],"author":[{"embeddable":true,"href":"https:\/\/www.upo.es\/diario\/wp-json\/wp\/v2\/users\/2"}],"replies":[{"embeddable":true,"href":"https:\/\/www.upo.es\/diario\/wp-json\/wp\/v2\/comments?post=13849309"}],"version-history":[{"count":10,"href":"https:\/\/www.upo.es\/diario\/wp-json\/wp\/v2\/posts\/13849309\/revisions"}],"predecessor-version":[{"id":13878212,"href":"https:\/\/www.upo.es\/diario\/wp-json\/wp\/v2\/posts\/13849309\/revisions\/13878212"}],"wp:attachment":[{"href":"https:\/\/www.upo.es\/diario\/wp-json\/wp\/v2\/media?parent=13849309"}],"wp:term":[{"taxonomy":"category","embeddable":true,"href":"https:\/\/www.upo.es\/diario\/wp-json\/wp\/v2\/categories?post=13849309"},{"taxonomy":"post_tag","embeddable":true,"href":"https:\/\/www.upo.es\/diario\/wp-json\/wp\/v2\/tags?post=13849309"}],"curies":[{"name":"wp","href":"https:\/\/api.w.org\/{rel}","templated":true}]}}