{"id":13864431,"date":"2016-06-15T06:47:12","date_gmt":"2016-06-15T06:47:12","guid":{"rendered":"https:\/\/www.upo.es\/diario\/?p=13864431"},"modified":"2016-06-15T07:03:00","modified_gmt":"2016-06-15T07:03:00","slug":"manana-en-la-upo-proyeccion-del-documental-corrupcion-organismo-nocivo","status":"publish","type":"post","link":"https:\/\/www.upo.es\/diario\/docencia-formacion\/2016\/06\/manana-en-la-upo-proyeccion-del-documental-corrupcion-organismo-nocivo\/","title":{"rendered":"Hoy en la Biblioteca, proyecci\u00f3n del documental \u00abCorrupci\u00f3n: organismo nocivo\u00bb"},"content":{"rendered":"<p style=\"text-align: justify;\"><a href=\"https:\/\/www.upo.es\/diario\/wp-content\/uploads\/2016\/06\/Corrupcion-organismo-nocivoUPO-cartel.png\"><img loading=\"lazy\" decoding=\"async\" class=\"alignright size-medium wp-image-13864432\" alt=\"Corrupcion-organismo-nocivoUPO-cartel\" src=\"https:\/\/www.upo.es\/diario\/wp-content\/uploads\/2016\/06\/Corrupcion-organismo-nocivoUPO-cartel-199x320.png\" width=\"199\" height=\"320\" srcset=\"https:\/\/www.upo.es\/diario\/wp-content\/uploads\/2016\/06\/Corrupcion-organismo-nocivoUPO-cartel-199x320.png 199w, https:\/\/www.upo.es\/diario\/wp-content\/uploads\/2016\/06\/Corrupcion-organismo-nocivoUPO-cartel-373x600.png 373w, https:\/\/www.upo.es\/diario\/wp-content\/uploads\/2016\/06\/Corrupcion-organismo-nocivoUPO-cartel-600x963.png 600w, https:\/\/www.upo.es\/diario\/wp-content\/uploads\/2016\/06\/Corrupcion-organismo-nocivoUPO-cartel.png 747w\" sizes=\"auto, (max-width: 199px) 100vw, 199px\" \/><\/a>Hoy mi\u00e9rcoles,<strong> a las 18 horas en el sal\u00f3n de actos de la Biblioteca\u00a0<\/strong>de la Universidad Pablo de Olavide, <strong>se proyectar\u00e1 el documental \u201cCorrupci\u00f3n: organismo nocivo\u201d<\/strong> en el marco del ciclo de conferencias \u00c1gora, organizado por el M\u00e1ster Universitario en Sociedad, Administraci\u00f3n y Pol\u00edtica de la UPO.<\/p>\n<p style=\"text-align: justify;\">Tras la proyecci\u00f3n se abrir\u00e1 un <strong>coloquio<\/strong> en el que participar\u00e1n el periodista y editor del confidencialandaluz.com, Pepe Fern\u00e1ndez; el t\u00e9cnico de la Administraci\u00f3n General, Pedro Juan Ruiz, y el abogado, Francisco Jos\u00e9 S\u00e1nchez Ram\u00f3n, que dialogar\u00e1n acerca del contexto sociopol\u00edtico de la corrupci\u00f3n y la respuesta del entorno humano e institucional ante las denuncias bas\u00e1ndose en sus propias experiencias.<\/p>\n<p style=\"text-align: justify;\">La corrupci\u00f3n en Espa\u00f1a es un mal generalizado que lleva sacudiendo al pa\u00eds desde hace decenios. Sin embargo, las recientes causas abiertas en los distintos organismos judiciales han convertido este problema en el segundo de mayor preocupaci\u00f3n para la ciudadan\u00eda espa\u00f1ola, por detr\u00e1s del paro. Son los famosos casos que colapsan los medios de comunicaci\u00f3n y encienden las redes sociales pero \u00bfqu\u00e9 pasa con los casos a peque\u00f1a escala y que hacen tanto da\u00f1o a la econom\u00eda?, \u00bfqu\u00e9 es lo que pasa, por qu\u00e9 el sistema permite la corruptela a sus cuerpos p\u00fablicos a tan masiva escala?. Esas y otras preguntas tienen respuesta en el documental \u201cCorrupci\u00f3n: organismo nocivo\u201d, producido por la catalana Pandora Box TV.<\/p>\n<p style=\"text-align: justify;\">Este \u00e1gora especial forma parte del ciclo de ponencias presentadas en el <span style=\"text-decoration: underline;\"><a href=\"https:\/\/www.upo.es\/postgrado\/Master-Oficial-Sociedad-Administracion-y-Politica\">M\u00e1ster Universitario en Sociedad, Administraci\u00f3n y Pol\u00edtica<\/a><\/span> (MUSAP) de la UPO, que tiene como objetivo analizar los problemas sociopol\u00edticos actuales derivados de las relaciones cambiantes entre la pol\u00edtica, la administraci\u00f3n y una sociedad en transformaci\u00f3n continua. De este modo, el m\u00f3dulo \u00c1gora es un espacio de deliberaci\u00f3n p\u00fablica en el que acad\u00e9micos de prestigio ofrecen sus reflexiones sobre aspectos relevantes y actuales de la vida social y pol\u00edtica.<\/p>\n<p style=\"text-align: justify;\">Esta actividad cuenta con el patrocinio de la Facultad de Derecho de la UPO y con la colaboraci\u00f3n de Iniciativas Sevilla Abierta.<\/p>\n","protected":false},"excerpt":{"rendered":"<p>Hoy mi\u00e9rcoles, a las 18 horas en el sal\u00f3n de actos de la Biblioteca de la Universidad Pablo de Olavide, se proyectar\u00e1 el documental \u201cCorrupci\u00f3n: organismo nocivo\u201d en el marco del ciclo de conferencias \u00c1gora, organizado por el M\u00e1ster Universitario en Sociedad, Administraci\u00f3n y Pol\u00edtica de la UPO.<\/p>\n","protected":false},"author":4,"featured_media":0,"comment_status":"closed","ping_status":"open","sticky":false,"template":"","format":"standard","meta":{"_monsterinsights_skip_tracking":false,"_monsterinsights_sitenote_active":false,"_monsterinsights_sitenote_note":"","_monsterinsights_sitenote_category":0,"footnotes":""},"categories":[2779],"tags":[85,1173,222,3336,663],"class_list":["post-13864431","post","type-post","status-publish","format-standard","hentry","category-docencia-formacion","tag-agora","tag-corrupcion","tag-documental","tag-master-universitario-sociedad-administracion-y-politica","tag-musap"],"_links":{"self":[{"href":"https:\/\/www.upo.es\/diario\/wp-json\/wp\/v2\/posts\/13864431","targetHints":{"allow":["GET"]}}],"collection":[{"href":"https:\/\/www.upo.es\/diario\/wp-json\/wp\/v2\/posts"}],"about":[{"href":"https:\/\/www.upo.es\/diario\/wp-json\/wp\/v2\/types\/post"}],"author":[{"embeddable":true,"href":"https:\/\/www.upo.es\/diario\/wp-json\/wp\/v2\/users\/4"}],"replies":[{"embeddable":true,"href":"https:\/\/www.upo.es\/diario\/wp-json\/wp\/v2\/comments?post=13864431"}],"version-history":[{"count":3,"href":"https:\/\/www.upo.es\/diario\/wp-json\/wp\/v2\/posts\/13864431\/revisions"}],"predecessor-version":[{"id":13877539,"href":"https:\/\/www.upo.es\/diario\/wp-json\/wp\/v2\/posts\/13864431\/revisions\/13877539"}],"wp:attachment":[{"href":"https:\/\/www.upo.es\/diario\/wp-json\/wp\/v2\/media?parent=13864431"}],"wp:term":[{"taxonomy":"category","embeddable":true,"href":"https:\/\/www.upo.es\/diario\/wp-json\/wp\/v2\/categories?post=13864431"},{"taxonomy":"post_tag","embeddable":true,"href":"https:\/\/www.upo.es\/diario\/wp-json\/wp\/v2\/tags?post=13864431"}],"curies":[{"name":"wp","href":"https:\/\/api.w.org\/{rel}","templated":true}]}}