{"id":13897325,"date":"2016-06-16T06:10:37","date_gmt":"2016-06-16T06:10:37","guid":{"rendered":"https:\/\/www.upo.es\/diario\/?p=13897325"},"modified":"2016-06-16T13:17:18","modified_gmt":"2016-06-16T13:17:18","slug":"el-guitarrista-manolo-sanlucar-participara-en-un-curso-de-verano-de-la-upo-sobre-flamenco","status":"publish","type":"post","link":"https:\/\/www.upo.es\/diario\/docencia-formacion\/2016\/06\/el-guitarrista-manolo-sanlucar-participara-en-un-curso-de-verano-de-la-upo-sobre-flamenco\/","title":{"rendered":"El guitarrista Manolo Sanl\u00facar participar\u00e1 en un Curso de Verano de la UPO sobre flamenco"},"content":{"rendered":"<figure id=\"attachment_13897326\" aria-describedby=\"caption-attachment-13897326\" style=\"width: 320px\" class=\"wp-caption alignright\"><img loading=\"lazy\" decoding=\"async\" class=\"size-medium wp-image-13897326\" alt=\"Manolo Sanlucar en un concierto en las Tendillas (C\u00f3rdoba)\" src=\"https:\/\/www.upo.es\/diario\/wp-content\/uploads\/2016\/06\/2702727259_4286a5f08a_o-320x202.jpg\" width=\"320\" height=\"202\" srcset=\"https:\/\/www.upo.es\/diario\/wp-content\/uploads\/2016\/06\/2702727259_4286a5f08a_o-320x202.jpg 320w, https:\/\/www.upo.es\/diario\/wp-content\/uploads\/2016\/06\/2702727259_4286a5f08a_o-600x380.jpg 600w, https:\/\/www.upo.es\/diario\/wp-content\/uploads\/2016\/06\/2702727259_4286a5f08a_o.jpg 1600w\" sizes=\"auto, (max-width: 320px) 100vw, 320px\" \/><figcaption id=\"caption-attachment-13897326\" class=\"wp-caption-text\">Foto: MG Spain Export Consulting<\/figcaption><\/figure>\n<p>El guitarrista <strong>Manolo Sanl\u00facar ser\u00e1 uno de los protagonistas del curso \u201cEl flamenco y las Bellas Artes. Formaci\u00f3n Complementaria\u201d, que la sede de la Universidad Pablo de Olavide en Carmona\u2013Rectora Rosario Valpuesta acoger\u00e1 del 13 al 15 de julio<\/strong>, dentro de la XIV edici\u00f3n del programa de Cursos de Verano.<\/p>\n<p>Dicho programa formativo est\u00e1 dirigido por Idelfonso Vergara, doctor e investigador de flamenco y periodista de la Cadena SER e Inmaculada Bustos Casanova, fil\u00f3loga y coordinadora cultural de International Studies Abroad, y est\u00e1 patrocinado por la Diputaci\u00f3n de Sevilla y la Fundaci\u00f3n Cajasol. Tambi\u00e9n cuenta con la colaboraci\u00f3n del Centro de Estudios Andaluces, el Instituto Andaluz de Flamenco y la Bienal de Flamenco de Sevilla.<\/p>\n<p>El seminario tratar\u00e1 sobre la relaci\u00f3n y la convivencia que el arte flamenco ha mantenido a lo largo de su existencia con las Bellas Artes. Y es que, seg\u00fan los directores del curso, la historia del arte espa\u00f1ol no puede escribir sus p\u00e1ginas sin contar con el flamenco. Bien como fuente de inspiraci\u00f3n, bien como ejecuci\u00f3n propia, este genuino arte ha estado sujeto al quehacer del desarrollo de la cultura espa\u00f1ola, de su c\u00f3digo expresivo y de sus rasgos de identidad.<\/p>\n<p>De esta manera, se abordar\u00e1 el tema desde la visi\u00f3n de las artes literarias, las artes pl\u00e1sticas y\/o visuales y las artes esc\u00e9nicas. Al tratarse de una disciplina tan viva, la formaci\u00f3n ser\u00e1 novedosa, din\u00e1mica e integral, conjugando lo acad\u00e9mico con lo pr\u00e1ctico y lo creativo y fomentando la participaci\u00f3n m\u00e1s all\u00e1 del aula. Asimismo, la visi\u00f3n cr\u00edtica del alumnado y sus impresiones quedar\u00e1n reflejados en un blog creado para la ocasi\u00f3n que servir\u00e1 como plataforma de acompa\u00f1amiento al curso, de ampliaci\u00f3n y enriquecimiento de los contenidos, as\u00ed como fondo testimonial del mismo.<\/p>\n<p>De este modo adem\u00e1s de diferentes conferencias, se proyectar\u00e1 el documental sobre Paco de Luc\u00eda \u201cLa b\u00fasqueda\u201d o incluso habr\u00e1 un \u201cMano a mano y suena la m\u00fasica. Un di\u00e1logo entre\u00a0Manolo Sanl\u00facar\u00a0y\u00a0Juan Manuel Su\u00e1rez Jap\u00f3n\u201d,\u00a0guitarrista flamenco y compositor el primero, junto a un flamenc\u00f3logo y catedr\u00e1tico de Geograf\u00eda Humana de la Universidad Pablo de Olavide el segundo; entre otras actividades.<\/p>\n<p>El curso va dirigido a cualquier p\u00fablico interesado en el flamenco, as\u00ed como j\u00f3venes investigadores, estudiosos y aficionados. Las plazas son limitadas Para m\u00e1s informaci\u00f3n:<\/p>\n<ul>\n<li><a href=\"https:\/\/www.upo.es\/olavideencarmona\/export\/sites\/upo_carmona\/documentos\/2016\/2016cc17.pdf\">PROGRAMA DEL CURSO<\/a>\u00a0-pdf-<\/li>\n<\/ul>\n","protected":false},"excerpt":{"rendered":"<p>El guitarrista Manolo Sanl\u00facar ser\u00e1 uno de los protagonistas del curso \u201cEl flamenco y las Bellas Artes. Formaci\u00f3n Complementaria\u201d, que la sede de la Universidad Pablo de Olavide en Carmona\u2013Rectora Rosario Valpuesta acoger\u00e1 del 13 al 15 de julio, dentro de la XIV edici\u00f3n del programa de Cursos de Verano. <\/p>\n","protected":false},"author":6,"featured_media":0,"comment_status":"closed","ping_status":"open","sticky":false,"template":"","format":"standard","meta":{"_monsterinsights_skip_tracking":false,"_monsterinsights_sitenote_active":false,"_monsterinsights_sitenote_note":"","_monsterinsights_sitenote_category":0,"footnotes":""},"categories":[2779],"tags":[23,5834,22,93,2809,402,519],"class_list":["post-13897325","post","type-post","status-publish","format-standard","hentry","category-docencia-formacion","tag-carmona","tag-cultura","tag-cursos-de-verano","tag-flamenco","tag-guitarra","tag-musica","tag-olavide-en-carmona"],"_links":{"self":[{"href":"https:\/\/www.upo.es\/diario\/wp-json\/wp\/v2\/posts\/13897325","targetHints":{"allow":["GET"]}}],"collection":[{"href":"https:\/\/www.upo.es\/diario\/wp-json\/wp\/v2\/posts"}],"about":[{"href":"https:\/\/www.upo.es\/diario\/wp-json\/wp\/v2\/types\/post"}],"author":[{"embeddable":true,"href":"https:\/\/www.upo.es\/diario\/wp-json\/wp\/v2\/users\/6"}],"replies":[{"embeddable":true,"href":"https:\/\/www.upo.es\/diario\/wp-json\/wp\/v2\/comments?post=13897325"}],"version-history":[{"count":2,"href":"https:\/\/www.upo.es\/diario\/wp-json\/wp\/v2\/posts\/13897325\/revisions"}],"predecessor-version":[{"id":13897328,"href":"https:\/\/www.upo.es\/diario\/wp-json\/wp\/v2\/posts\/13897325\/revisions\/13897328"}],"wp:attachment":[{"href":"https:\/\/www.upo.es\/diario\/wp-json\/wp\/v2\/media?parent=13897325"}],"wp:term":[{"taxonomy":"category","embeddable":true,"href":"https:\/\/www.upo.es\/diario\/wp-json\/wp\/v2\/categories?post=13897325"},{"taxonomy":"post_tag","embeddable":true,"href":"https:\/\/www.upo.es\/diario\/wp-json\/wp\/v2\/tags?post=13897325"}],"curies":[{"name":"wp","href":"https:\/\/api.w.org\/{rel}","templated":true}]}}