{"id":13912570,"date":"2016-06-20T05:23:36","date_gmt":"2016-06-20T05:23:36","guid":{"rendered":"https:\/\/www.upo.es\/diario\/?p=13912570"},"modified":"2016-06-20T07:08:35","modified_gmt":"2016-06-20T07:08:35","slug":"los-guionistas-javier-olivares-y-el-torres-protagonizaran-un-encuentro-en-la-sede-olavide-en-carmona","status":"publish","type":"post","link":"https:\/\/www.upo.es\/diario\/cultura\/2016\/06\/los-guionistas-javier-olivares-y-el-torres-protagonizaran-un-encuentro-en-la-sede-olavide-en-carmona\/","title":{"rendered":"Los guionistas Javier Olivares y \u2018El Torres\u2019 protagonizar\u00e1n un encuentro en la sede Olavide en Carmona"},"content":{"rendered":"<p><a href=\"https:\/\/www.upo.es\/diario\/wp-content\/uploads\/2016\/06\/ministerio_tiempo.jpg\"><img loading=\"lazy\" decoding=\"async\" class=\"alignright size-medium wp-image-13912572\" alt=\"Imprimir\" src=\"https:\/\/www.upo.es\/diario\/wp-content\/uploads\/2016\/06\/ministerio_tiempo-320x227.jpg\" width=\"320\" height=\"227\" srcset=\"https:\/\/www.upo.es\/diario\/wp-content\/uploads\/2016\/06\/ministerio_tiempo-320x227.jpg 320w, https:\/\/www.upo.es\/diario\/wp-content\/uploads\/2016\/06\/ministerio_tiempo-600x426.jpg 600w, https:\/\/www.upo.es\/diario\/wp-content\/uploads\/2016\/06\/ministerio_tiempo.jpg 1677w\" sizes=\"auto, (max-width: 320px) 100vw, 320px\" \/><\/a>La sede Olavide en Carmona\u2013Rectora Rosario Valpuesta (Casa palacio de los Briones. C\/ Ram\u00f3n y Cajal, 15) acoger\u00e1 <strong>hoy lunes 20 de junio, a las 21 horas, el encuentro \u2018El Ministerio del Tiempo en Carmona\u2019<\/strong>, en el que <strong>participar\u00e1n Javier Olivares, guionista y productor ejecutivo de la serie de TVE \u2018El Ministerio del Tiempo\u2019 y \u2018El Torres\u2019, editor y guionista de c\u00f3mics<\/strong>.<\/p>\n<p>Dicho evento,<strong> organizado por \u2018Carmona en Vi\u00f1etas\u2019, est\u00e1 incluido dentro de la agenda del verano cultural 2016<\/strong>, organizado por la sede de la Universidad Pablo de Olavide en Carmona y la Delegaci\u00f3n de Cultura, Turismo y Patrimonio Hist\u00f3rico del Ayuntamiento de Carmona. La entrada es libre y gratu\u00edta, hasta completar aforo.<\/p>\n<p>\u2018El Ministerio del Tiempo\u2019\u00a0es una\u00a0<a title=\"Serie de televisi\u00f3n\" href=\"https:\/\/es.wikipedia.org\/wiki\/Serie_de_televisi%C3%B3n\">serie de televisi\u00f3n<\/a>\u00a0<a title=\"Espa\u00f1a\" href=\"https:\/\/es.wikipedia.org\/wiki\/Espa%C3%B1a\">espa\u00f1ola<\/a>\u00a0de\u00a0<a title=\"G\u00e9nero fant\u00e1stico\" href=\"https:\/\/es.wikipedia.org\/wiki\/G%C3%A9nero_fant%C3%A1stico\">g\u00e9nero fant\u00e1stico<\/a>\u00a0creada por Pablo Olivares y\u00a0<a title=\"Javier Olivares\" href=\"https:\/\/es.wikipedia.org\/wiki\/Javier_Olivares\">Javier Olivares<\/a>\u00a0y producida por Onza Partners y Cliffhanger para\u00a0<a title=\"La 1\" href=\"https:\/\/es.wikipedia.org\/wiki\/La_1\">La 1<\/a>\u00a0de\u00a0<a title=\"Televisi\u00f3n Espa\u00f1ola\" href=\"https:\/\/es.wikipedia.org\/wiki\/Televisi%C3%B3n_Espa%C3%B1ola\">TVE<\/a>. Est\u00e1 protagonizada por\u00a0<a title=\"Rodolfo Sancho\" href=\"https:\/\/es.wikipedia.org\/wiki\/Rodolfo_Sancho\">Rodolfo Sancho<\/a>,\u00a0<a title=\"Aura Garrido\" href=\"https:\/\/es.wikipedia.org\/wiki\/Aura_Garrido\">Aura Garrido<\/a>,\u00a0<a title=\"Nacho Fresneda\" href=\"https:\/\/es.wikipedia.org\/wiki\/Nacho_Fresneda\">Nacho Fresneda<\/a>,\u00a0<a title=\"Cayetana Guill\u00e9n Cuervo\" href=\"https:\/\/es.wikipedia.org\/wiki\/Cayetana_Guill%C3%A9n_Cuervo\">Cayetana Guill\u00e9n Cuervo<\/a>,\u00a0<a title=\"Hugo Silva (actor)\" href=\"https:\/\/es.wikipedia.org\/wiki\/Hugo_Silva_(actor)\">Hugo Silva<\/a>,\u00a0<a title=\"Juan Gea\" href=\"https:\/\/es.wikipedia.org\/wiki\/Juan_Gea\">Juan Gea<\/a>,\u00a0<a title=\"Francesca Pi\u00f1\u00f3n (a\u00fan no redactado)\" href=\"https:\/\/es.wikipedia.org\/w\/index.php?title=Francesca_Pi%C3%B1%C3%B3n&amp;action=edit&amp;redlink=1\">Francesca Pi\u00f1\u00f3n<\/a>\u00a0y\u00a0<a title=\"Jaime Blanch\" href=\"https:\/\/es.wikipedia.org\/wiki\/Jaime_Blanch\">Jaime Blanch<\/a>. Su argumento gira en torno a los <a title=\"Viaje a trav\u00e9s del tiempo (ciencia ficci\u00f3n)\" href=\"https:\/\/es.wikipedia.org\/wiki\/Viaje_a_trav%C3%A9s_del_tiempo_(ciencia_ficci%C3%B3n)\">viajes a trav\u00e9s del tiempo<\/a>. Fue estrenada el\u00a0<a title=\"24 de febrero\" href=\"https:\/\/es.wikipedia.org\/wiki\/24_de_febrero\">24 de febrero<\/a>\u00a0de\u00a0<a title=\"2015\" href=\"https:\/\/es.wikipedia.org\/wiki\/2015\">2015<\/a>.<\/p>\n<p>El Ministerio del Tiempo es una instituci\u00f3n gubernamental secreta que depende directamente de la\u00a0<a title=\"Presidente del Gobierno de Espa\u00f1a\" href=\"https:\/\/es.wikipedia.org\/wiki\/Presidente_del_Gobierno_de_Espa%C3%B1a\">Presidencia del Gobierno espa\u00f1ol<\/a>. S\u00f3lo monarcas, presidentes y un n\u00famero exclusivo de personas saben de \u00e9l. El paso hacia otras \u00e9pocas se realiza a trav\u00e9s de puertas vigiladas por las patrullas del ministerio. Su objetivo: detectar e impedir que cualquier intruso del pasado llegue a nuestro presente \u2014o viceversa\u2014 con el fin de cambiar la\u00a0<a title=\"Historia\" href=\"https:\/\/es.wikipedia.org\/wiki\/Historia\">historia<\/a>\u00a0para su beneficio. Para ello, las patrullas tendr\u00e1n que viajar al pasado y evitar que lo logren. En dicho ministerio trabajan muchas personas de diversas \u00e9pocas.<\/p>\n<p><b>Javier Olivares<\/b> es licenciado en Historia por la Universidad Complutense de Madrid.\u00a0Actualmente es profesor del M\u00e1ster de Gui\u00f3n en Cine y Televisi\u00f3n de la Universidad Pontificia de Salamanca y del M\u00e1ster de Producci\u00f3n de la Universidad Complutense, adem\u00e1s de director del \u00e1rea de Cultura del Instituto Europeo de Dise\u00f1o de Madrid. Es creador de las series para televisi\u00f3n\u00a0\u2018Isabel\u2019, \u2018V\u00edctor Ros\u2019, \u2018Kubala\u2019, \u2018Moreno i Manch\u00f3n\u2019, y, con su hermano Pablo, de \u2018El Ministerio del Tiempo\u2019.<\/p>\n<p><b>Juan Antonio Torres<\/b>, m\u00e1s conocido como\u00a0<b>\u2018El Torres\u2019<\/b>, es un editor y\u00a0<a title=\"Guionista de historieta\" href=\"https:\/\/es.wikipedia.org\/wiki\/Guionista_de_historieta\">guionista de c\u00f3mics<\/a>\u00a0<a title=\"Espa\u00f1a\" href=\"https:\/\/es.wikipedia.org\/wiki\/Espa%C3%B1a\">espa\u00f1ol<\/a>. Su obra \u2018El Bosque de los Suicidas\u2019 recibi\u00f3 tres premios Haxtur en 2012. En 2015, recibi\u00f3 el premio Expocomic al Mejor Guionista Nacional por \u2018El Fantasma de Gaud\u00ed\u2019, obra que tambi\u00e9n fue galardonada en el 34 Sal\u00f3n del C\u00f3mic de Barcelona 2016 como Mejor Obra.<\/p>\n","protected":false},"excerpt":{"rendered":"<p>La sede Olavide en Carmona\u2013Rectora Rosario Valpuesta (Casa palacio de los Briones. C\/ Ram\u00f3n y Cajal, 15) acoger\u00e1 hoy lunes 20 de junio, a las 21 horas, el encuentro \u2018El Ministerio del Tiempo en Carmona\u2019, en el que participar\u00e1n Javier Olivares, guionista y productor ejecutivo de la serie de TVE \u2018El Ministerio del Tiempo\u2019 y \u2018El Torres\u2019, editor y guionista de c\u00f3mics.<\/p>\n","protected":false},"author":6,"featured_media":0,"comment_status":"closed","ping_status":"open","sticky":false,"template":"","format":"standard","meta":{"_monsterinsights_skip_tracking":false,"_monsterinsights_sitenote_active":false,"_monsterinsights_sitenote_note":"","_monsterinsights_sitenote_category":0,"footnotes":""},"categories":[7],"tags":[23,350,821,1843,401,519,3446],"class_list":["post-13912570","post","type-post","status-publish","format-standard","hentry","category-cultura","tag-carmona","tag-comunicacion","tag-encuentro","tag-ficcion","tag-literatura","tag-olavide-en-carmona","tag-television"],"_links":{"self":[{"href":"https:\/\/www.upo.es\/diario\/wp-json\/wp\/v2\/posts\/13912570","targetHints":{"allow":["GET"]}}],"collection":[{"href":"https:\/\/www.upo.es\/diario\/wp-json\/wp\/v2\/posts"}],"about":[{"href":"https:\/\/www.upo.es\/diario\/wp-json\/wp\/v2\/types\/post"}],"author":[{"embeddable":true,"href":"https:\/\/www.upo.es\/diario\/wp-json\/wp\/v2\/users\/6"}],"replies":[{"embeddable":true,"href":"https:\/\/www.upo.es\/diario\/wp-json\/wp\/v2\/comments?post=13912570"}],"version-history":[{"count":6,"href":"https:\/\/www.upo.es\/diario\/wp-json\/wp\/v2\/posts\/13912570\/revisions"}],"predecessor-version":[{"id":13957651,"href":"https:\/\/www.upo.es\/diario\/wp-json\/wp\/v2\/posts\/13912570\/revisions\/13957651"}],"wp:attachment":[{"href":"https:\/\/www.upo.es\/diario\/wp-json\/wp\/v2\/media?parent=13912570"}],"wp:term":[{"taxonomy":"category","embeddable":true,"href":"https:\/\/www.upo.es\/diario\/wp-json\/wp\/v2\/categories?post=13912570"},{"taxonomy":"post_tag","embeddable":true,"href":"https:\/\/www.upo.es\/diario\/wp-json\/wp\/v2\/tags?post=13912570"}],"curies":[{"name":"wp","href":"https:\/\/api.w.org\/{rel}","templated":true}]}}