{"id":13912580,"date":"2016-06-20T04:00:05","date_gmt":"2016-06-20T04:00:05","guid":{"rendered":"https:\/\/www.upo.es\/diario\/?p=13912580"},"modified":"2016-06-20T04:00:06","modified_gmt":"2016-06-20T04:00:06","slug":"la-sede-olavide-en-carmona-acoge-la-celebracion-del-xiv-curso-nacional-de-neurociencia","status":"publish","type":"post","link":"https:\/\/www.upo.es\/diario\/institucional\/2016\/06\/la-sede-olavide-en-carmona-acoge-la-celebracion-del-xiv-curso-nacional-de-neurociencia\/","title":{"rendered":"La sede Olavide en Carmona acoge la celebraci\u00f3n del XIV Curso Nacional de Neurociencia"},"content":{"rendered":"<figure id=\"attachment_13913241\" aria-describedby=\"caption-attachment-13913241\" style=\"width: 320px\" class=\"wp-caption alignright\"><img loading=\"lazy\" decoding=\"async\" class=\"size-medium wp-image-13913241\" alt=\"Imagen: PASIEKA \/ SCIENCE PHOTO LIBRARY \/ Universal Images Group\" src=\"https:\/\/www.upo.es\/diario\/wp-content\/uploads\/2016\/06\/132_1290768-320x240.jpg\" width=\"320\" height=\"240\" srcset=\"https:\/\/www.upo.es\/diario\/wp-content\/uploads\/2016\/06\/132_1290768-320x240.jpg 320w, https:\/\/www.upo.es\/diario\/wp-content\/uploads\/2016\/06\/132_1290768-600x450.jpg 600w, https:\/\/www.upo.es\/diario\/wp-content\/uploads\/2016\/06\/132_1290768.jpg 800w\" sizes=\"auto, (max-width: 320px) 100vw, 320px\" \/><figcaption id=\"caption-attachment-13913241\" class=\"wp-caption-text\">Imagen: PASIEKA \/ SCIENCE PHOTO LIBRARY \/ Universal Images Group<\/figcaption><\/figure>\n<p>La sede de la Universidad Pablo de Olavide en Carmona \u2013Rectora Rosario Valpuesta, sita en la Casa palacio de los Briones (C\/ Ram\u00f3n y Cajal, 15) \u00a0acoge desde \u00a0hoy lunes \u00a0la celebraci\u00f3n del <strong>XIV Curso Nacional de Neurociencia<\/strong>, evento que contar\u00e1 con m\u00e1s de 50 cient\u00edficos e investigadores provenientes de distintos puntos de la geograf\u00eda espa\u00f1ola.<\/p>\n<p>El XIV Curso Nacional de Neurociencia, <strong>dirigido por el profesor Jos\u00e9 Mar\u00eda Delgado Garc\u00eda, director de la Divisi\u00f3n de Neurociencias de la Universidad Pablo de Olavide y el profesor Alberto Ferr\u00fas Gamero, investigador del Instituto Cajal<\/strong> (Consejo Superior de Investigaciones Cient\u00edficas) de Madrid, se desarrollar\u00e1 hasta el pr\u00f3ximo viernes.<\/p>\n<p>Expertos de toda Espa\u00f1a asistir\u00e1n a esta reuni\u00f3n, organizada por la Divisi\u00f3n de Neurociencias de la UPO y el Instituto Cajal de Madrid, en colaboraci\u00f3n con la sede Olavide en Carmona, el Ayuntamiento de Carmona, la Sociedad Espa\u00f1ola de Neurociencia, la Fundaci\u00f3n CeslatiC (Sevilla), el Hospital de Parapl\u00e9jicos de Toledo, Cibertec S. A., el Proyecto ineuro\u00ae de Sevilla y el Programa de Doctorado en Neurociencias de las Universidades de A Coru\u00f1a, Castilla-La Mancha, Pa\u00eds Vasco, Pablo de Olavide y Rovira i Virgili<\/p>\n<p><strong>Las Neurociencias han experimentado un desarrollo espectacular en los \u00faltimos tiempos. Seg\u00fan la organizaci\u00f3n, es previsible que durante los pr\u00f3ximos 20 a\u00f1os la influencia social de ese desarrollo comience a sentirse de forma generalizada<\/strong>, dando paso a cambios fundamentales en nuestros modos de vida debido a los progresos que se est\u00e1n realizando en el conocimiento de la biolog\u00eda del sistema nervioso.<\/p>\n<p>M\u00e1s informaci\u00f3n: <a href=\"http:\/\/www.divisiondeneurociencias.es\/\">XIV CURSO NACIONAL DE NEUROCIENCIA<\/a><\/p>\n","protected":false},"excerpt":{"rendered":"<p>M\u00e1s de 50 cient\u00edficos e investigadores provenientes de distintos puntos de la geograf\u00eda espa\u00f1ola se reunir\u00e1n durante esta semana en Carmona.<\/p>\n","protected":false},"author":6,"featured_media":0,"comment_status":"closed","ping_status":"open","sticky":false,"template":"","format":"standard","meta":{"_monsterinsights_skip_tracking":false,"_monsterinsights_sitenote_active":false,"_monsterinsights_sitenote_note":"","_monsterinsights_sitenote_category":0,"footnotes":""},"categories":[6],"tags":[23,219,592,114,519],"class_list":["post-13912580","post","type-post","status-publish","format-standard","hentry","category-institucional","tag-carmona","tag-division-de-neurociencias","tag-jose-maria-delgado","tag-neurociencia","tag-olavide-en-carmona"],"_links":{"self":[{"href":"https:\/\/www.upo.es\/diario\/wp-json\/wp\/v2\/posts\/13912580","targetHints":{"allow":["GET"]}}],"collection":[{"href":"https:\/\/www.upo.es\/diario\/wp-json\/wp\/v2\/posts"}],"about":[{"href":"https:\/\/www.upo.es\/diario\/wp-json\/wp\/v2\/types\/post"}],"author":[{"embeddable":true,"href":"https:\/\/www.upo.es\/diario\/wp-json\/wp\/v2\/users\/6"}],"replies":[{"embeddable":true,"href":"https:\/\/www.upo.es\/diario\/wp-json\/wp\/v2\/comments?post=13912580"}],"version-history":[{"count":2,"href":"https:\/\/www.upo.es\/diario\/wp-json\/wp\/v2\/posts\/13912580\/revisions"}],"predecessor-version":[{"id":13955657,"href":"https:\/\/www.upo.es\/diario\/wp-json\/wp\/v2\/posts\/13912580\/revisions\/13955657"}],"wp:attachment":[{"href":"https:\/\/www.upo.es\/diario\/wp-json\/wp\/v2\/media?parent=13912580"}],"wp:term":[{"taxonomy":"category","embeddable":true,"href":"https:\/\/www.upo.es\/diario\/wp-json\/wp\/v2\/categories?post=13912580"},{"taxonomy":"post_tag","embeddable":true,"href":"https:\/\/www.upo.es\/diario\/wp-json\/wp\/v2\/tags?post=13912580"}],"curies":[{"name":"wp","href":"https:\/\/api.w.org\/{rel}","templated":true}]}}