{"id":13960338,"date":"2016-06-20T11:12:08","date_gmt":"2016-06-20T11:12:08","guid":{"rendered":"https:\/\/www.upo.es\/diario\/?p=13960338"},"modified":"2016-06-21T07:02:08","modified_gmt":"2016-06-21T07:02:08","slug":"mas-de-50-cientificos-participan-en-el-xiv-curso-nacional-de-neurociencia-en-la-sede-olavide-en-carmona","status":"publish","type":"post","link":"https:\/\/www.upo.es\/diario\/docencia-formacion\/2016\/06\/mas-de-50-cientificos-participan-en-el-xiv-curso-nacional-de-neurociencia-en-la-sede-olavide-en-carmona\/","title":{"rendered":"M\u00e1s de 50 cient\u00edficos participan en el XIV Curso Nacional de Neurociencia en la Sede Olavide en Carmona"},"content":{"rendered":"<figure id=\"attachment_13960339\" aria-describedby=\"caption-attachment-13960339\" style=\"width: 600px\" class=\"wp-caption aligncenter\"><a href=\"https:\/\/www.upo.es\/diario\/wp-content\/uploads\/2016\/06\/IMG_5358.jpg\"><img loading=\"lazy\" decoding=\"async\" class=\"size-large wp-image-13960339\" alt=\"El XIV Curso Nacional de Neurociencia ha dado comienzo hoy lunes.\" src=\"https:\/\/www.upo.es\/diario\/wp-content\/uploads\/2016\/06\/IMG_5358-600x400.jpg\" width=\"600\" height=\"400\" srcset=\"https:\/\/www.upo.es\/diario\/wp-content\/uploads\/2016\/06\/IMG_5358-600x400.jpg 600w, https:\/\/www.upo.es\/diario\/wp-content\/uploads\/2016\/06\/IMG_5358-320x213.jpg 320w\" sizes=\"auto, (max-width: 600px) 100vw, 600px\" \/><\/a><figcaption id=\"caption-attachment-13960339\" class=\"wp-caption-text\">El XIV Curso Nacional de Neurociencia ha dado comienzo hoy lunes.<\/figcaption><\/figure>\n<p>M\u00e1s de 50 cient\u00edficos e investigadores provenientes de distintos puntos de la geograf\u00eda espa\u00f1ola participan \u00a0en el XIV Curso Nacional de Neurociencia, evento dirigido por el profesor Jos\u00e9 Mar\u00eda Delgado Garc\u00eda, director de la Divisi\u00f3n de Neurociencias de la Universidad Pablo de Olavide y el profesor Alberto Ferr\u00fas Gamero, investigador del Instituto Cajal (Consejo Superior de Investigaciones Cient\u00edficas) de Madrid.<\/p>\n<p>Expertos de toda Espa\u00f1a asisten a esta reuni\u00f3n, que se desarrollar\u00e1 hasta el pr\u00f3ximo viernes, organizada por la Divisi\u00f3n de Neurociencias de la UPO y el Instituto Cajal de Madrid, en colaboraci\u00f3n con la sede Olavide en Carmona, el Ayuntamiento de Carmona, la Sociedad Espa\u00f1ola de Neurociencia, la Fundaci\u00f3n CeslatiC (Sevilla), el Hospital de Parapl\u00e9jicos de Toledo, Cibertec S. A., el Proyecto ineuro\u00ae de Sevilla y el Programa de Doctorado en Neurociencias de las Universidades de A Coru\u00f1a, Castilla-La Mancha, Pa\u00eds Vasco, Pablo de Olavide y Rovira i Virgili<\/p>\n<p>La Neurociencia, seg\u00fan el profesor Delgado, se ocupa de la estructura y funciones del cerebro, de c\u00f3mo el cerebro produce nuestro comportamiento y nuestra actividad mental: \u201cAunque en principio la Neurociencia se ocupa de c\u00f3mo funcionan los cerebros sanos, tambi\u00e9n lo hace, directa o indirectamente, de los cambios que ocurren en el cerebro cuando se padecen enfermedades, como el P\u00e1rkinson o el Alzheimer\u201d.<\/p>\n<p>Y es que la Neurociencia contempor\u00e1nea aborda el estudio de las funciones cerebrales superiores, como la memoria, el aprendizaje o el pensamiento. \u201cEn el curso que estamos celebrando se abordar\u00e1n todo tipo de estudios, ya que tiene un marcado car\u00e1cter multidisciplinario. De tal manera, se tratar\u00e1n la mayor\u00eda de las funciones del cerebro, estudiadas con muchas de las t\u00e9cnicas disponibles en el momento actual\u201d, seg\u00fan Delgado.<\/p>\n<p>En el curso se impartir\u00e1n ponencias como \u201c\u00bfTiene alg\u00fan beneficio el padecimiento del dolor? \u00bfCu\u00e1ndo y c\u00f3mo debemos suprimirlo\u201d (F\u00e9lix Viana, INA, CSIC, Alicante); \u201cAl cerebro no le gusta el magnetismo\u2026 \u00bfo s\u00ed?\u201d (Antonio Oliviero, Hospital de Parapl\u00e9jicos de Toledo); \u201c\u00bfCu\u00e1ntas mutaciones son necesarias para desarrollar una enfermedad del cerebro\u201d (Amalia Mart\u00ednez, IBIS, Universidad de Sevilla) o \u201c\u00bfC\u00f3mo de importante es el remodelado estructural en el cerebro adulto?\u201d (Juan Nacher, Universidad de Valencia), entre otras.<\/p>\n<p>Las Neurociencias han experimentado un desarrollo espectacular en los \u00faltimos tiempos. Seg\u00fan la organizaci\u00f3n, es previsible que durante los pr\u00f3ximos 20 a\u00f1os la influencia social de ese desarrollo comience a sentirse de forma generalizada, dando paso a cambios fundamentales en nuestros modos de vida debido a los progresos que se est\u00e1n realizando en el conocimiento de la biolog\u00eda del sistema nervioso.<\/p>\n<p>M\u00e1s informaci\u00f3n: <a href=\"http:\/\/www.divisiondeneurociencias.es\/\">XIV CURSO NACIONAL DE NEUROCIENCIA<\/a><\/p>\n","protected":false},"excerpt":{"rendered":"<p>M\u00e1s de 50 cient\u00edficos e investigadores provenientes de distintos puntos de la geograf\u00eda espa\u00f1ola participan en el XIV Curso Nacional de Neurociencia, evento dirigido por el profesor Jos\u00e9 Mar\u00eda Delgado Garc\u00eda, director de la Divisi\u00f3n de Neurociencias de la Universidad Pablo de Olavide y el profesor Alberto Ferr\u00fas Gamero, investigador del Instituto Cajal (Consejo Superior de Investigaciones Cient\u00edficas) de Madrid.<\/p>\n","protected":false},"author":2,"featured_media":0,"comment_status":"closed","ping_status":"open","sticky":false,"template":"","format":"standard","meta":{"_monsterinsights_skip_tracking":false,"_monsterinsights_sitenote_active":false,"_monsterinsights_sitenote_note":"","_monsterinsights_sitenote_category":0,"footnotes":""},"categories":[2779],"tags":[23,2413,141,114],"class_list":["post-13960338","post","type-post","status-publish","format-standard","hentry","category-docencia-formacion","tag-carmona","tag-cerebro","tag-curso","tag-neurociencia"],"_links":{"self":[{"href":"https:\/\/www.upo.es\/diario\/wp-json\/wp\/v2\/posts\/13960338","targetHints":{"allow":["GET"]}}],"collection":[{"href":"https:\/\/www.upo.es\/diario\/wp-json\/wp\/v2\/posts"}],"about":[{"href":"https:\/\/www.upo.es\/diario\/wp-json\/wp\/v2\/types\/post"}],"author":[{"embeddable":true,"href":"https:\/\/www.upo.es\/diario\/wp-json\/wp\/v2\/users\/2"}],"replies":[{"embeddable":true,"href":"https:\/\/www.upo.es\/diario\/wp-json\/wp\/v2\/comments?post=13960338"}],"version-history":[{"count":3,"href":"https:\/\/www.upo.es\/diario\/wp-json\/wp\/v2\/posts\/13960338\/revisions"}],"predecessor-version":[{"id":13973660,"href":"https:\/\/www.upo.es\/diario\/wp-json\/wp\/v2\/posts\/13960338\/revisions\/13973660"}],"wp:attachment":[{"href":"https:\/\/www.upo.es\/diario\/wp-json\/wp\/v2\/media?parent=13960338"}],"wp:term":[{"taxonomy":"category","embeddable":true,"href":"https:\/\/www.upo.es\/diario\/wp-json\/wp\/v2\/categories?post=13960338"},{"taxonomy":"post_tag","embeddable":true,"href":"https:\/\/www.upo.es\/diario\/wp-json\/wp\/v2\/tags?post=13960338"}],"curies":[{"name":"wp","href":"https:\/\/api.w.org\/{rel}","templated":true}]}}