{"id":13960341,"date":"2016-06-20T11:41:40","date_gmt":"2016-06-20T11:41:40","guid":{"rendered":"https:\/\/www.upo.es\/diario\/?p=13960341"},"modified":"2016-06-21T11:39:17","modified_gmt":"2016-06-21T11:39:17","slug":"la-universidad-pablo-de-olavide-presenta-la-i-edicion-del-master-en-derecho-sanitario","status":"publish","type":"post","link":"https:\/\/www.upo.es\/diario\/institucional\/2016\/06\/la-universidad-pablo-de-olavide-presenta-la-i-edicion-del-master-en-derecho-sanitario\/","title":{"rendered":"La Universidad Pablo de Olavide presenta la I Edici\u00f3n del M\u00e1ster en Derecho Sanitario"},"content":{"rendered":"<figure id=\"attachment_13960343\" aria-describedby=\"caption-attachment-13960343\" style=\"width: 600px\" class=\"wp-caption aligncenter\"><a href=\"https:\/\/www.upo.es\/diario\/wp-content\/uploads\/2016\/06\/Master-Dcho-Sanitario.jpg\"><img loading=\"lazy\" decoding=\"async\" class=\"size-large wp-image-13960343\" alt=\"El rector Vicente Guzm\u00e1n (d), y el presidente de la Asociaci\u00f3n Andaluza de Derecho Sanitario, Eduardo Javier Mart\u00edn Serrano\" src=\"https:\/\/www.upo.es\/diario\/wp-content\/uploads\/2016\/06\/Master-Dcho-Sanitario-600x400.jpg\" width=\"600\" height=\"400\" srcset=\"https:\/\/www.upo.es\/diario\/wp-content\/uploads\/2016\/06\/Master-Dcho-Sanitario-600x400.jpg 600w, https:\/\/www.upo.es\/diario\/wp-content\/uploads\/2016\/06\/Master-Dcho-Sanitario-320x213.jpg 320w\" sizes=\"auto, (max-width: 600px) 100vw, 600px\" \/><\/a><figcaption id=\"caption-attachment-13960343\" class=\"wp-caption-text\">El rector Vicente Guzm\u00e1n (i), y el presidente de la Asociaci\u00f3n Andaluza de Derecho Sanitario, Eduardo Javier Mart\u00edn Serrano<\/figcaption><\/figure>\n<p>Esta ma\u00f1ana, la Universidad Pablo de Olavide y la Asociaci\u00f3n Andaluza de Derecho Sanitario y de la Salud, han firmado un convenio de colaboraci\u00f3n cuyo objetivo es la puesta en marcha de la<strong> primera edici\u00f3n del M\u00e1ster en Derecho Sanitario<\/strong>. Este convenio ha sido ratificado por el rector de la UPO, Vicente C. Guzm\u00e1n Fluja, y por el presidente de la Asociaci\u00f3n, Eduardo Javier Mart\u00edn Serrano.<\/p>\n<p>Durante el acto, en el que tambi\u00e9n han estado presentes los directores del m\u00e1ster y miembros de la Asociaci\u00f3n, los representantes de ambas instituciones han resaltado la importancia de crear sinergias de trabajo para conseguir buenos resultados, se han felicitado por esta iniciativa y se han comprometido a fomentar nuevos proyectos formativos y de investigaci\u00f3n en esta materia.<\/p>\n<p><strong>Para el rector, con este t\u00edtulo propio se alcanza uno de los principales fines de la Universidad que es dar respuesta a lo que la sociedad demanda.<\/strong> Adem\u00e1s, ha se\u00f1alado que con este m\u00e1ster la UPO \u201cinnova y ayuda a mejorar la formaci\u00f3n de profesionales con una oferta de calidad sobre la pr\u00e1ctica sanitaria y su regulaci\u00f3n\u201d.<\/p>\n<p>Por su parte,<strong> el presidente de la Asociaci\u00f3n ha expresado<\/strong> que es un honor colaborar con la Universidad Pablo de Olavide en el fomento y desarrollo del primer m\u00e1ster en Derecho Sanitario en Andaluc\u00eda y ha afirmado <strong>que esta oferta formativa ser\u00e1 un \u00e9xito porque \u201ces evidente la necesidad actual de una especializaci\u00f3n en este \u00e1mbito del Derecho, una rama propia del ordenamiento espa\u00f1ol\u201d<\/strong>.<\/p>\n<p>Para el director acad\u00e9mico de este m\u00e1ster, Francisco Oliva Bl\u00e1zquez, profesor del \u00e1rea de Derecho Civil de la Universidad Pablo de Olavide, el objetivo de este t\u00edtulo propio es proporcionar una formaci\u00f3n de calidad y completa en torno a toda la legislaci\u00f3n y jurisprudencia que rige en el \u00e1mbito de la pr\u00e1ctica m\u00e9dica y sanitaria.<\/p>\n<p>El t\u00edtulo, que comenzar\u00e1 a impartirse en noviembre, va <strong>dirigido a\u00a0los juristas que actualmente se dedican a este sector del Derecho, fundamentalmente abogados y jueces, as\u00ed como a todos los que, de una forma u otra, trabajan y tienen contacto profesional con el \u00e1mbito sanitario<\/strong>, como los profesionales sanitarios (m\u00e9dicos, enfermeros, etc.), gestores de hospitales, inspectores de sanidad, farmac\u00e9uticos, funcionarios de la administraci\u00f3n p\u00fablica sanitaria, asesores jur\u00eddicos, sector del seguro, etc.<\/p>\n<p>Seg\u00fan el director acad\u00e9mico, este m\u00e1ster es \u201cuno de los pocos t\u00edtulos universitarios que, a nivel nacional, otorga una formaci\u00f3n completa e integral en el campo del Derecho sanitario, impartido por profesionales y acad\u00e9micos de reconocido prestigio en la materia\u201d. Y se\u00f1ala que \u201cfrente a otros t\u00edtulos que se centran en algunos aspectos concretos, este asume la realidad actual del Derecho sanitario en toda su complejidad\u201d.<\/p>\n<p>M\u00e1s informaci\u00f3n: <a href=\"https:\/\/www.upo.es\/postgrado\/Master-en-Derecho-Sanitario?opcion=8\">https:\/\/www.upo.es\/postgrado\/Master-en-Derecho-Sanitario?opcion=8<\/a><\/p>\n","protected":false},"excerpt":{"rendered":"<p>El rector  Vicente Guzm\u00e1n y  Eduardo Javier Mart\u00edn,  presidente de la Asociaci\u00f3n Andaluza de Derecho Sanitario, han firmado un convenio de colaboraci\u00f3n para la difusi\u00f3n y puesta en marcha de este m\u00e1ster de la UPO, uno de los pocos t\u00edtulos propios nacionales que ofrece una formaci\u00f3n completa e integral en el campo del Derecho sanitario.<\/p>\n","protected":false},"author":6,"featured_media":0,"comment_status":"closed","ping_status":"open","sticky":false,"template":"","format":"standard","meta":{"_monsterinsights_skip_tracking":false,"_monsterinsights_sitenote_active":false,"_monsterinsights_sitenote_note":"","_monsterinsights_sitenote_category":0,"footnotes":""},"categories":[2779,6],"tags":[326,87,328,111,2088,118,82,218,3081,166],"class_list":["post-13960341","post","type-post","status-publish","format-standard","hentry","category-docencia-formacion","category-institucional","tag-convenio","tag-derecho","tag-formacion-permanente","tag-hospital","tag-legislacion","tag-master","tag-postgrado","tag-salud","tag-sanidad","tag-titulo-propio"],"_links":{"self":[{"href":"https:\/\/www.upo.es\/diario\/wp-json\/wp\/v2\/posts\/13960341","targetHints":{"allow":["GET"]}}],"collection":[{"href":"https:\/\/www.upo.es\/diario\/wp-json\/wp\/v2\/posts"}],"about":[{"href":"https:\/\/www.upo.es\/diario\/wp-json\/wp\/v2\/types\/post"}],"author":[{"embeddable":true,"href":"https:\/\/www.upo.es\/diario\/wp-json\/wp\/v2\/users\/6"}],"replies":[{"embeddable":true,"href":"https:\/\/www.upo.es\/diario\/wp-json\/wp\/v2\/comments?post=13960341"}],"version-history":[{"count":7,"href":"https:\/\/www.upo.es\/diario\/wp-json\/wp\/v2\/posts\/13960341\/revisions"}],"predecessor-version":[{"id":13976367,"href":"https:\/\/www.upo.es\/diario\/wp-json\/wp\/v2\/posts\/13960341\/revisions\/13976367"}],"wp:attachment":[{"href":"https:\/\/www.upo.es\/diario\/wp-json\/wp\/v2\/media?parent=13960341"}],"wp:term":[{"taxonomy":"category","embeddable":true,"href":"https:\/\/www.upo.es\/diario\/wp-json\/wp\/v2\/categories?post=13960341"},{"taxonomy":"post_tag","embeddable":true,"href":"https:\/\/www.upo.es\/diario\/wp-json\/wp\/v2\/tags?post=13960341"}],"curies":[{"name":"wp","href":"https:\/\/api.w.org\/{rel}","templated":true}]}}