{"id":13993760,"date":"2016-06-22T11:56:51","date_gmt":"2016-06-22T11:56:51","guid":{"rendered":"https:\/\/www.upo.es\/diario\/?p=13993760"},"modified":"2016-06-22T11:57:13","modified_gmt":"2016-06-22T11:57:13","slug":"la-alumna-de-la-upo-davinia-cadenas-premio-andaluz-de-trayectoria-academica-universitaria-en-el-ambito-del-derecho","status":"publish","type":"post","link":"https:\/\/www.upo.es\/diario\/institucional\/2016\/06\/la-alumna-de-la-upo-davinia-cadenas-premio-andaluz-de-trayectoria-academica-universitaria-en-el-ambito-del-derecho\/","title":{"rendered":"La alumna de la UPO Davinia Cadenas, Premio Andaluz de Trayectoria Acad\u00e9mica Universitaria en el \u00e1mbito del Derecho"},"content":{"rendered":"<figure id=\"attachment_13993762\" aria-describedby=\"caption-attachment-13993762\" style=\"width: 600px\" class=\"wp-caption aligncenter\"><a href=\"https:\/\/www.upo.es\/diario\/wp-content\/uploads\/2016\/06\/premio_unicaja_DaviniaCadenas.jpg\"><img loading=\"lazy\" decoding=\"async\" class=\"size-large wp-image-13993762\" alt=\"Davinia Cadenas recoge el premio de manos de la consejera de Educaci\u00f3n de la Junta de Andaluc\u00eda, Adelaida de la Calle\" src=\"https:\/\/www.upo.es\/diario\/wp-content\/uploads\/2016\/06\/premio_unicaja_DaviniaCadenas-600x386.jpg\" width=\"600\" height=\"386\" srcset=\"https:\/\/www.upo.es\/diario\/wp-content\/uploads\/2016\/06\/premio_unicaja_DaviniaCadenas-600x386.jpg 600w, https:\/\/www.upo.es\/diario\/wp-content\/uploads\/2016\/06\/premio_unicaja_DaviniaCadenas-320x206.jpg 320w\" sizes=\"auto, (max-width: 600px) 100vw, 600px\" \/><\/a><figcaption id=\"caption-attachment-13993762\" class=\"wp-caption-text\">Davinia Cadenas recoge el premio de manos de la consejera de Educaci\u00f3n de la Junta de Andaluc\u00eda, Adelaida de la Calle<\/figcaption><\/figure>\n<p>La estudiante de la Universidad Pablo de Olavide <strong>Davinia Cadenas Osuna ha sido galardonada con el Premio Andaluz de Trayectoria Acad\u00e9mica Universitaria en el \u00e1mbito del Derecho, un galard\u00f3n otorgado por la Fundaci\u00f3n Bancaria Unicaja y la Academia de Ciencias Sociales y de Medio Ambiente<\/strong>. Davinia Cadenas ha cursado el M\u00e1ster en Derecho Patrimonial Privado en el Mercado Global en esta universidad.<\/p>\n<p>La entrega de premios, que se celebr\u00f3 ayer martes, estuvo presidida por la consejera de Educaci\u00f3n de la Junta de Andaluc\u00eda, Adelaida de la Calle, y por el presidente de la Academia de Ciencias Sociales y del Medio Ambiente de Andaluc\u00eda, Antonio Pascual Acosta, acompa\u00f1ados por la directora general de la Fundaci\u00f3n Bancaria Unicaja, Dolores Cano; por el secretario canciller de la Academia de Ciencias Sociales y del Medio Ambiente de Andaluc\u00eda, Santiago Herrero Le\u00f3n, y por el rector de la Universidad Internacional de Andaluc\u00eda, Eugenio Dom\u00ednguez Vilches.<\/p>\n<p>Los Premios Andaluces de Trayectorias Acad\u00e9micas, de \u00e1mbito andaluz, universitario y car\u00e1cter anual, tienen como objetivo premiar y fomentar trayectorias educativas, culturales e investigadoras que contribuyan al desarrollo empresarial, econ\u00f3mico, cultural y social de Andaluc\u00eda. Los premios est\u00e1n dotados en esta d\u00e9cima edici\u00f3n con un premio dotado con 3.000 euros para la mejor trayectoria global, y 1.500 euros y diploma acreditativo para el mejor curr\u00edculo presentado en cada una de las titulaciones.<\/p>\n<p>La creaci\u00f3n de estos premios responde a las iniciativas que desarrolla la Academia de Ciencias Sociales y del Medio Ambiente de Andaluc\u00eda en el \u00e1mbito de la cultura, las ciencias sociales, econ\u00f3micas, empresariales y del medio ambiente. Asimismo, esta iniciativa se encuadra dentro del inter\u00e9s de la Fundaci\u00f3n Bancaria Unicaja en premiar y promocionar a personas, organizaciones e instituciones que colaboren con el desarrollo econ\u00f3mico, social, cultural o medioambiental de Andaluc\u00eda.<\/p>\n<p>El jurado de esta d\u00e9cima edici\u00f3n de los premios ha estado compuesto por los acad\u00e9micos Antonio Pascual Acosta, que actu\u00f3 como presidente del mismo; Eugenio Dom\u00ednguez Vilches, rector de la Universidad Internacional de Andaluc\u00eda; Manuel Torralbo Rodr\u00edguez, secretario general de Universidades de la Junta de Andaluc\u00eda; Guillermo Jim\u00e9nez S\u00e1nchez, catedr\u00e1tico de la Universidad de Sevilla y miembro del Consejo de Administraci\u00f3n de Unicaja, y Santiago Herrero Le\u00f3n, secretario canciller de la Academia, actuando como secretario.<\/p>\n<p>Los siete alumnos que han finalizado sus estudios en universidades andaluzas y que han obtenido los mejores curr\u00edculum v\u00edtae y expedientes acad\u00e9micos en los \u00e1mbitos de Administraci\u00f3n y Direcci\u00f3n de Empresas, Ciencias Medioambientales, Ciencias Pol\u00edticas y de la Administraci\u00f3n, Ciencias Sociales, Derecho, Estad\u00edstica y Econom\u00eda son:<\/p>\n<p>&nbsp;<\/p>\n<ul>\n<li>Davinia Cadenas Osuna: Premio Andaluz a la Mejor Trayectoria Acad\u00e9mica Universitaria en el \u00e1mbito del Derecho (Universidad Pablo de Olavide).<\/li>\n<li>Jos\u00e9 Luis Est\u00e9vez Navarro: Premio Andaluz a la Mejor Trayectoria Acad\u00e9mica (Universidad de Granada).<\/li>\n<li>Daniel Zamora D\u00edaz: Premio Andaluz a la Mejor Trayectoria Acad\u00e9mica Universitaria en el \u00e1mbito de Econom\u00eda (Universidad de Granada).<\/li>\n<li>Luis Mu\u00f1oz Revelles: Premio Andaluz a la Mejor Trayectoria Acad\u00e9mica Universitaria en el \u00e1mbito de Direcci\u00f3n y Administraci\u00f3n de Empresas (Universidad de M\u00e1laga).<\/li>\n<li>David Amaya V\u00edas: Premio Andaluz a la Mejor Trayectoria Acad\u00e9mica Universitaria en el \u00e1mbito de Ciencias Medioambientales (Universidad de C\u00e1diz).<\/li>\n<li>Jos\u00e9 Ismael Criado Aguilera: Premio Andaluz a la Mejor Trayectoria Acad\u00e9mica Universitaria en el \u00e1mbito de las Ciencias Pol\u00edticas y de la Administraci\u00f3n (Universidad de Granada).<\/li>\n<li>Cristina Bermudo Andrade: Premio Andaluz a la Mejor Trayectoria Acad\u00e9mica en el \u00e1mbito de la Estad\u00edstica (Universidad de Sevilla).<\/li>\n<\/ul>\n<p>&nbsp;<\/p>\n","protected":false},"excerpt":{"rendered":"<p>La estudiante de la Universidad Pablo de Olavide Davinia Cadenas Osuna ha sido galardonada con el Premio Andaluz de Trayectoria Acad\u00e9mica Universitaria en el \u00e1mbito del Derecho, un galard\u00f3n otorgado por la Fundaci\u00f3n Bancaria Unicaja y la Academia de Ciencias Sociales y de Medio Ambiente. Davinia Cadenas ha cursado el M\u00e1ster en Derecho Patrimonial Privado en el Mercado Global en esta universidad. <\/p>\n","protected":false},"author":6,"featured_media":0,"comment_status":"closed","ping_status":"open","sticky":false,"template":"","format":"standard","meta":{"_monsterinsights_skip_tracking":false,"_monsterinsights_sitenote_active":false,"_monsterinsights_sitenote_note":"","_monsterinsights_sitenote_category":0,"footnotes":""},"categories":[6],"tags":[190,87,21,58],"class_list":["post-13993760","post","type-post","status-publish","format-standard","hentry","category-institucional","tag-andalucia","tag-derecho","tag-estudiantes","tag-premio"],"_links":{"self":[{"href":"https:\/\/www.upo.es\/diario\/wp-json\/wp\/v2\/posts\/13993760","targetHints":{"allow":["GET"]}}],"collection":[{"href":"https:\/\/www.upo.es\/diario\/wp-json\/wp\/v2\/posts"}],"about":[{"href":"https:\/\/www.upo.es\/diario\/wp-json\/wp\/v2\/types\/post"}],"author":[{"embeddable":true,"href":"https:\/\/www.upo.es\/diario\/wp-json\/wp\/v2\/users\/6"}],"replies":[{"embeddable":true,"href":"https:\/\/www.upo.es\/diario\/wp-json\/wp\/v2\/comments?post=13993760"}],"version-history":[{"count":3,"href":"https:\/\/www.upo.es\/diario\/wp-json\/wp\/v2\/posts\/13993760\/revisions"}],"predecessor-version":[{"id":13993764,"href":"https:\/\/www.upo.es\/diario\/wp-json\/wp\/v2\/posts\/13993760\/revisions\/13993764"}],"wp:attachment":[{"href":"https:\/\/www.upo.es\/diario\/wp-json\/wp\/v2\/media?parent=13993760"}],"wp:term":[{"taxonomy":"category","embeddable":true,"href":"https:\/\/www.upo.es\/diario\/wp-json\/wp\/v2\/categories?post=13993760"},{"taxonomy":"post_tag","embeddable":true,"href":"https:\/\/www.upo.es\/diario\/wp-json\/wp\/v2\/tags?post=13993760"}],"curies":[{"name":"wp","href":"https:\/\/api.w.org\/{rel}","templated":true}]}}