{"id":13994441,"date":"2016-06-22T11:11:14","date_gmt":"2016-06-22T11:11:14","guid":{"rendered":"https:\/\/www.upo.es\/diario\/?p=13994441"},"modified":"2016-06-22T13:11:45","modified_gmt":"2016-06-22T13:11:45","slug":"los-retos-de-andalucia-ante-el-cambio-climatico-a-debate-en-los-cursos-de-verano-de-la-upo","status":"publish","type":"post","link":"https:\/\/www.upo.es\/diario\/docencia-formacion\/2016\/06\/los-retos-de-andalucia-ante-el-cambio-climatico-a-debate-en-los-cursos-de-verano-de-la-upo\/","title":{"rendered":"Los retos de Andaluc\u00eda ante el cambio clim\u00e1tico, a debate en los Cursos de Verano de la UPO"},"content":{"rendered":"<figure id=\"attachment_13994443\" aria-describedby=\"caption-attachment-13994443\" style=\"width: 294px\" class=\"wp-caption alignright\"><img loading=\"lazy\" decoding=\"async\" class=\"size-medium wp-image-13994443\" alt=\"Getty Images \/ Universal Images Group\" src=\"https:\/\/www.upo.es\/diario\/wp-content\/uploads\/2016\/06\/115_2706167-294x320.jpg\" width=\"294\" height=\"320\" srcset=\"https:\/\/www.upo.es\/diario\/wp-content\/uploads\/2016\/06\/115_2706167-294x320.jpg 294w, https:\/\/www.upo.es\/diario\/wp-content\/uploads\/2016\/06\/115_2706167-552x600.jpg 552w, https:\/\/www.upo.es\/diario\/wp-content\/uploads\/2016\/06\/115_2706167-600x651.jpg 600w, https:\/\/www.upo.es\/diario\/wp-content\/uploads\/2016\/06\/115_2706167.jpg 737w\" sizes=\"auto, (max-width: 294px) 100vw, 294px\" \/><figcaption id=\"caption-attachment-13994443\" class=\"wp-caption-text\">Getty Images \/ Universal Images Group<\/figcaption><\/figure>\n<p>Los retos que para Andaluc\u00eda supone el cambio clim\u00e1tico ser\u00e1 objeto de debate en la sede de la Universidad Pablo de Olavide en Carmona, que acoger\u00e1 la celebraci\u00f3n del<strong> curso \u201cCambio clim\u00e1tico, una perspectiva desde Andaluc\u00eda\u201d<\/strong>, dentro de la XIV edici\u00f3n del programa de Cursos de Verano.<\/p>\n<p>Dicho programa formativo, que <strong>se celebrar\u00e1 los d\u00edas 11 y 12 de juli<\/strong>o, est\u00e1 <strong>dirigido por \u00c1lvaro S\u00e1nchez Bravo, presidente de la Asociaci\u00f3n Andaluza de Derecho, Medio Ambiente y Desarrollo Sostenible<\/strong> y patrocinado por la Diputaci\u00f3n de Sevilla, la Fundaci\u00f3n Cajasol y la Consejer\u00eda de Medio Ambiente y Ordenaci\u00f3n del Territorio de la Junta de Andaluc\u00eda.<\/p>\n<p>El seminario pondr\u00e1 de manifiesto c\u00f3mo nuestra tierra est\u00e1 a la vanguardia en las pol\u00edticas de adaptaci\u00f3n y mitigaci\u00f3n, con especial referencia a la <strong>nueva Ley de Cambio Clim\u00e1tico de Andaluc\u00eda<\/strong>. Seg\u00fan los expertos, el cambio clim\u00e1tico es una realidad visible y somos testigos directos de ello: la temperatura de la Tierra aumenta, el deshielo de las regiones polares es cada vez m\u00e1s acusado y ambos, provocan el aumento del nivel del mar\u2026. Estos y otros muchos efectos del cambio clim\u00e1tico afectan no s\u00f3lo a nuestro planeta, sino tambi\u00e9n a quienes vivimos en \u00e9l.<\/p>\n<p>Andaluc\u00eda no es ajena a los primeros efectos del cambio clim\u00e1tico. Las temperaturas, siguiendo la tendencia mundial, han experimentado un ascenso que, en los \u00faltimos a\u00f1os, se ha visto relativamente frenado. A pesar de ello, las temperaturas medias registradas en nuestra comunidad, acumulan un ascenso cercano a los dos grados.<\/p>\n<p>En cuanto a las precipitaciones, Andaluc\u00eda es una de las regiones que m\u00e1s ha visto modificada su configuraci\u00f3n, tanto en la cantidad total como en su distribuci\u00f3n temporal. En relaci\u00f3n a esta distribuci\u00f3n irregular de las precipitaciones, nos encontramos con uno de los principales problemas ambientales que Andaluc\u00eda est\u00e1 afrontando en los \u00faltimos a\u00f1os: la radicalizaci\u00f3n de los periodos de sequ\u00eda, que ha derivado en un d\u00e9ficit h\u00eddrico acumulado muy acusado tanto con la cuenca mediterr\u00e1nea andaluza como en la del Guadalquivir.<\/p>\n<p>Articulado a trav\u00e9s de conferencias,\u00a0en el curso ser\u00e1 inaugurado por Jos\u00e9 Fiscal, consejero de Medio Ambiente y Ordenaci\u00f3n del Territorio de la Junta de Andaluc\u00eda y se tratar\u00e1n, desde el cambio clim\u00e1tico y los espacios naturales de Andaluc\u00eda (Mar\u00eda Jos\u00e9 Cortil, presidenta de la Junta Rectora del Parque Natural de la Sierra de Aracena y Picos de Aroche); el cambio clim\u00e1tico, derechos humanos y educaci\u00f3n ambiental (Clovis Gorczevski, Universidad de Santa Cruz do Sul, Brasil); cambio clim\u00e1tico y medios de comunicaci\u00f3n (Jos\u00e9 Mar\u00eda Montero, director de \u2018Tierra y mar\u2019 y \u2018Espacio protegido\u2019 en Canal Sur TV y Esperanza Garc\u00eda, directora de \u2018Verde, verde\u2019 de Radio Andaluc\u00eda Informaci\u00f3n); el cambio clim\u00e1tico y la participaci\u00f3n ciudadana (Juan Romero, portavoz de Ecologistas en Acci\u00f3n en el Consejo de Participaci\u00f3n de Do\u00f1ana) y los retos de futuro para Andaluc\u00eda ante el cambio clim\u00e1tico (Jos\u00e9 Luis Hern\u00e1ndez, viceconsejero de Medio Ambiente y \u00c1lvaro S\u00e1nchez Bravo.).<\/p>\n<p>El seminario est\u00e1 dirigido a estudiantes universitarios y profesionales de Derecho, Ciencias Ambientales, Bi\u00f3logos y otras disciplinas relacionadas con las materias propias del curso, as\u00ed como a responsables pol\u00edticos y administrativos de las \u00e1reas ambientales de las administraciones p\u00fablicas, adem\u00e1s de cualquier persona interesada en la materia.<\/p>\n<p>&gt; <a href=\"https:\/\/www.upo.es\/olavideencarmona\/export\/sites\/upo_carmona\/documentos\/2016\/2016cc15.pdf\" target=\"_blank\">Programa del Curso \u201cCambio clim\u00e1tico, una perspectiva desde Andaluc\u00eda\u201d -pdf-<\/a><\/p>\n","protected":false},"excerpt":{"rendered":"<p>\tLos retos que para Andaluc\u00eda supone el cambio clim\u00e1tico ser\u00e1 objeto de debate en la sede de la Universidad Pablo de Olavide en Carmona, que acoger\u00e1 la celebraci\u00f3n del curso \u201cCambio clim\u00e1tico, una perspectiva desde Andaluc\u00eda\u201d, dentro de la XIV edici\u00f3n del programa de Cursos de Verano. <\/p>\n","protected":false},"author":6,"featured_media":0,"comment_status":"closed","ping_status":"open","sticky":false,"template":"","format":"standard","meta":{"_monsterinsights_skip_tracking":false,"_monsterinsights_sitenote_active":false,"_monsterinsights_sitenote_note":"","_monsterinsights_sitenote_category":0,"footnotes":""},"categories":[2779],"tags":[190,593,23,22,2088,2095,519],"class_list":["post-13994441","post","type-post","status-publish","format-standard","hentry","category-docencia-formacion","tag-andalucia","tag-cambio-climatico","tag-carmona","tag-cursos-de-verano","tag-legislacion","tag-medioambiente","tag-olavide-en-carmona"],"_links":{"self":[{"href":"https:\/\/www.upo.es\/diario\/wp-json\/wp\/v2\/posts\/13994441","targetHints":{"allow":["GET"]}}],"collection":[{"href":"https:\/\/www.upo.es\/diario\/wp-json\/wp\/v2\/posts"}],"about":[{"href":"https:\/\/www.upo.es\/diario\/wp-json\/wp\/v2\/types\/post"}],"author":[{"embeddable":true,"href":"https:\/\/www.upo.es\/diario\/wp-json\/wp\/v2\/users\/6"}],"replies":[{"embeddable":true,"href":"https:\/\/www.upo.es\/diario\/wp-json\/wp\/v2\/comments?post=13994441"}],"version-history":[{"count":3,"href":"https:\/\/www.upo.es\/diario\/wp-json\/wp\/v2\/posts\/13994441\/revisions"}],"predecessor-version":[{"id":13994445,"href":"https:\/\/www.upo.es\/diario\/wp-json\/wp\/v2\/posts\/13994441\/revisions\/13994445"}],"wp:attachment":[{"href":"https:\/\/www.upo.es\/diario\/wp-json\/wp\/v2\/media?parent=13994441"}],"wp:term":[{"taxonomy":"category","embeddable":true,"href":"https:\/\/www.upo.es\/diario\/wp-json\/wp\/v2\/categories?post=13994441"},{"taxonomy":"post_tag","embeddable":true,"href":"https:\/\/www.upo.es\/diario\/wp-json\/wp\/v2\/tags?post=13994441"}],"curies":[{"name":"wp","href":"https:\/\/api.w.org\/{rel}","templated":true}]}}