{"id":14009182,"date":"2016-06-23T10:13:39","date_gmt":"2016-06-23T10:13:39","guid":{"rendered":"https:\/\/www.upo.es\/diario\/?p=14009182"},"modified":"2016-06-23T10:24:16","modified_gmt":"2016-06-23T10:24:16","slug":"fundacion-universia-convoca-las-becas-capacitas-para-estudiantes-con-discapacidad","status":"publish","type":"post","link":"https:\/\/www.upo.es\/diario\/infoupo\/2016\/06\/fundacion-universia-convoca-las-becas-capacitas-para-estudiantes-con-discapacidad\/","title":{"rendered":"Fundaci\u00f3n Universia convoca las Becas Capacitas, para estudiantes con discapacidad"},"content":{"rendered":"<p><a href=\"https:\/\/www.upo.es\/diario\/wp-content\/uploads\/2016\/06\/Cartel-Becas-Capacitas.jpg\"><img loading=\"lazy\" decoding=\"async\" class=\"alignright size-medium wp-image-14009183\" alt=\"Print\" src=\"https:\/\/www.upo.es\/diario\/wp-content\/uploads\/2016\/06\/Cartel-Becas-Capacitas-193x320.jpg\" width=\"193\" height=\"320\" srcset=\"https:\/\/www.upo.es\/diario\/wp-content\/uploads\/2016\/06\/Cartel-Becas-Capacitas-193x320.jpg 193w, https:\/\/www.upo.es\/diario\/wp-content\/uploads\/2016\/06\/Cartel-Becas-Capacitas-361x600.jpg 361w, https:\/\/www.upo.es\/diario\/wp-content\/uploads\/2016\/06\/Cartel-Becas-Capacitas.jpg 500w\" sizes=\"auto, (max-width: 193px) 100vw, 193px\" \/><\/a>Fundaci\u00f3n UNIVERSIA convoca la <b>X edici\u00f3n de las Becas Capacitas<\/b> dirigidas a estudiantes, espa\u00f1oles o extranjeros con residencia en Espa\u00f1a, que acrediten una discapacidad igual o superior al 33 por ciento. <b>Las becas son de acceso, desarrollo y movilidad internacional. Pueden solicitarse hasta el 2 de noviembre de 2016:<\/b><\/p>\n<ul>\n<li><b>Acceso:<\/b> dirigidas a estudiantes que se matriculan por primera vez en estudios universitarios de grado.<\/li>\n<li><b>Progreso:<\/b> dirigidas a estudiantes de grado y m\u00e1ster.<\/li>\n<li><b>Movilidad:<\/b> dirigidas a estudiantes que, en virtud de un programa de intercambio de la propia universidad, deseen realizar un per\u00edodo de formaci\u00f3n, como m\u00ednimo de un trimestre, en una universidad distinta a la suya de origen con destino internacional.<\/li>\n<\/ul>\n<p>Banco Santander, American Express, Daimler, BT, Endesa, Hilti, Indra, KPMG, L\u2019Or\u00e9al, Northgate, Pfizer, Fundaci\u00f3n Repsol y American Express Global Business Travel Espa\u00f1a colaboran como entidades participantes de este programa financiado por la Fundaci\u00f3n UNIVERSIA con 200.000 euros.<\/p>\n<p><b>M\u00e1s informaci\u00f3n y solicitudes:<\/b><br \/>\n<a href=\"http:\/\/www.fundacionuniversia.net\/becas-fundacion-universia-capacitas\/\">www.fundacionuniversia.net\/becas-fundacion-universia-capacitas\/<\/a><\/p>\n","protected":false},"excerpt":{"rendered":"<p>Fundaci\u00f3n UNIVERSIA convoca la X edici\u00f3n de las Becas Capacitas dirigidas a estudiantes, espa\u00f1oles o extranjeros con residencia en Espa\u00f1a, que acrediten una discapacidad igual o superior al 33 por ciento. Las becas son de acceso, desarrollo y movilidad internacional. Pueden solicitarse hasta el 2 de noviembre de 2016.<\/p>\n","protected":false},"author":6,"featured_media":0,"comment_status":"closed","ping_status":"open","sticky":false,"template":"","format":"standard","meta":{"_monsterinsights_skip_tracking":false,"_monsterinsights_sitenote_active":false,"_monsterinsights_sitenote_note":"","_monsterinsights_sitenote_category":0,"footnotes":""},"categories":[5],"tags":[501,64,1210,21,266,118,1282,82,57,502],"class_list":["post-14009182","post","type-post","status-publish","format-standard","hentry","category-infoupo","tag-acceso","tag-becas","tag-discapacidad","tag-estudiantes","tag-grados","tag-master","tag-movilidad-internacional","tag-postgrado","tag-universia","tag-universidad"],"_links":{"self":[{"href":"https:\/\/www.upo.es\/diario\/wp-json\/wp\/v2\/posts\/14009182","targetHints":{"allow":["GET"]}}],"collection":[{"href":"https:\/\/www.upo.es\/diario\/wp-json\/wp\/v2\/posts"}],"about":[{"href":"https:\/\/www.upo.es\/diario\/wp-json\/wp\/v2\/types\/post"}],"author":[{"embeddable":true,"href":"https:\/\/www.upo.es\/diario\/wp-json\/wp\/v2\/users\/6"}],"replies":[{"embeddable":true,"href":"https:\/\/www.upo.es\/diario\/wp-json\/wp\/v2\/comments?post=14009182"}],"version-history":[{"count":2,"href":"https:\/\/www.upo.es\/diario\/wp-json\/wp\/v2\/posts\/14009182\/revisions"}],"predecessor-version":[{"id":14009185,"href":"https:\/\/www.upo.es\/diario\/wp-json\/wp\/v2\/posts\/14009182\/revisions\/14009185"}],"wp:attachment":[{"href":"https:\/\/www.upo.es\/diario\/wp-json\/wp\/v2\/media?parent=14009182"}],"wp:term":[{"taxonomy":"category","embeddable":true,"href":"https:\/\/www.upo.es\/diario\/wp-json\/wp\/v2\/categories?post=14009182"},{"taxonomy":"post_tag","embeddable":true,"href":"https:\/\/www.upo.es\/diario\/wp-json\/wp\/v2\/tags?post=14009182"}],"curies":[{"name":"wp","href":"https:\/\/api.w.org\/{rel}","templated":true}]}}