{"id":14009783,"date":"2016-06-23T11:11:16","date_gmt":"2016-06-23T11:11:16","guid":{"rendered":"https:\/\/www.upo.es\/diario\/?p=14009783"},"modified":"2016-06-23T11:11:16","modified_gmt":"2016-06-23T11:11:16","slug":"la-universidad-pablo-de-olavide-colaborara-con-la-xxiii-edicion-del-festival-de-las-naciones-en-sevilla","status":"publish","type":"post","link":"https:\/\/www.upo.es\/diario\/institucional\/2016\/06\/la-universidad-pablo-de-olavide-colaborara-con-la-xxiii-edicion-del-festival-de-las-naciones-en-sevilla\/","title":{"rendered":"La Universidad Pablo de Olavide colaborar\u00e1 con la XXIII edici\u00f3n del Festival de las Naciones en Sevilla"},"content":{"rendered":"<figure id=\"attachment_14009784\" aria-describedby=\"caption-attachment-14009784\" style=\"width: 600px\" class=\"wp-caption aligncenter\"><a href=\"https:\/\/www.upo.es\/diario\/wp-content\/uploads\/2016\/06\/Conv-Fest-Naciones.jpg\"><img loading=\"lazy\" decoding=\"async\" class=\"size-large wp-image-14009784\" alt=\"Bruno Mart\u00ednez Haya, vicerrector de Investigaci\u00f3n y Transferencia de Tecnolog\u00eda de la UPO, y Sergio Frenkel, director del Festival de las Naciones\" src=\"https:\/\/www.upo.es\/diario\/wp-content\/uploads\/2016\/06\/Conv-Fest-Naciones-600x400.jpg\" width=\"600\" height=\"400\" srcset=\"https:\/\/www.upo.es\/diario\/wp-content\/uploads\/2016\/06\/Conv-Fest-Naciones-600x400.jpg 600w, https:\/\/www.upo.es\/diario\/wp-content\/uploads\/2016\/06\/Conv-Fest-Naciones-320x213.jpg 320w\" sizes=\"auto, (max-width: 600px) 100vw, 600px\" \/><\/a><figcaption id=\"caption-attachment-14009784\" class=\"wp-caption-text\">Bruno Mart\u00ednez Haya, vicerrector de Investigaci\u00f3n y Transferencia de Tecnolog\u00eda de la UPO, y Sergio Frenkel, director del Festival de las Naciones<\/figcaption><\/figure>\n<p>El vicerrector de Investigaci\u00f3n y Transferencia de Tecnolog\u00eda de la Universidad Pablo de Olavide, Bruno Mart\u00ednez Haya, y el director del Festival de las Naciones, Sergio Frenkel, han firmado hoy jueves un protocolo de colaboraci\u00f3n que sienta las bases <strong>para la realizaci\u00f3n de actividades formativas de tipo econ\u00f3mico, cient\u00edfico, t\u00e9cnico y de investigaci\u00f3n que se llevar\u00e1n a cabo conjuntamente en el marco de la XXIII edici\u00f3n del Festival de las Naciones en Sevilla<\/strong>.<\/p>\n<p>La firma de este convenio tiene por objeto fijar el marco para las relaciones entre ambas instituciones, y responde al objetivo principal de, mediante convenios espec\u00edficos, desarrollar distintos \u00e1mbitos de cooperaci\u00f3n. As\u00ed, en el \u00e1mbito de este acuerdo est\u00e1 prevista la formalizaci\u00f3n de acuerdos para desarrollar actividades pr\u00e1cticas dirigidas a los estudiantes universitarios, as\u00ed como para el desarrollo de actividades conjuntas en el \u00e1rea formativa y de investigaci\u00f3n.<\/p>\n<p>Tanto el vicerrector de Investigaci\u00f3n y Transferencia de Tecnolog\u00eda de la UPO como el director del Festival de las Naciones han mostrado su satisfacci\u00f3n por la firma de este convenio que permitir\u00e1 a ambas instituciones estrechar relaciones y organizar actividades de manera conjunta.<\/p>\n<p>La <strong>XXIII edici\u00f3n del Festival de las Naciones se celebrar\u00e1 en Sevilla de 16 de septiembre al 1 de noviembre de 2016<\/strong>.<\/p>\n","protected":false},"excerpt":{"rendered":"<p>El vicerrector de Investigaci\u00f3n y Transferencia de Tecnolog\u00eda de la Universidad Pablo de Olavide, Bruno Mart\u00ednez Haya, y el director del Festival de las Naciones, Sergio Frenkel, han firmado un protocolo de colaboraci\u00f3n que sienta las bases para la realizaci\u00f3n de actividades formativas de tipo econ\u00f3mico, cient\u00edfico, t\u00e9cnico y de investigaci\u00f3n que se llevar\u00e1n a cabo conjuntamente en el marco de la XXIII edici\u00f3n del Festival de las Naciones en Sevilla.<\/p>\n","protected":false},"author":6,"featured_media":0,"comment_status":"closed","ping_status":"open","sticky":false,"template":"","format":"standard","meta":{"_monsterinsights_skip_tracking":false,"_monsterinsights_sitenote_active":false,"_monsterinsights_sitenote_note":"","_monsterinsights_sitenote_category":0,"footnotes":""},"categories":[6],"tags":[326,741,509,161],"class_list":["post-14009783","post","type-post","status-publish","format-standard","hentry","category-institucional","tag-convenio","tag-festival","tag-formacion","tag-sevilla"],"_links":{"self":[{"href":"https:\/\/www.upo.es\/diario\/wp-json\/wp\/v2\/posts\/14009783","targetHints":{"allow":["GET"]}}],"collection":[{"href":"https:\/\/www.upo.es\/diario\/wp-json\/wp\/v2\/posts"}],"about":[{"href":"https:\/\/www.upo.es\/diario\/wp-json\/wp\/v2\/types\/post"}],"author":[{"embeddable":true,"href":"https:\/\/www.upo.es\/diario\/wp-json\/wp\/v2\/users\/6"}],"replies":[{"embeddable":true,"href":"https:\/\/www.upo.es\/diario\/wp-json\/wp\/v2\/comments?post=14009783"}],"version-history":[{"count":1,"href":"https:\/\/www.upo.es\/diario\/wp-json\/wp\/v2\/posts\/14009783\/revisions"}],"predecessor-version":[{"id":14009785,"href":"https:\/\/www.upo.es\/diario\/wp-json\/wp\/v2\/posts\/14009783\/revisions\/14009785"}],"wp:attachment":[{"href":"https:\/\/www.upo.es\/diario\/wp-json\/wp\/v2\/media?parent=14009783"}],"wp:term":[{"taxonomy":"category","embeddable":true,"href":"https:\/\/www.upo.es\/diario\/wp-json\/wp\/v2\/categories?post=14009783"},{"taxonomy":"post_tag","embeddable":true,"href":"https:\/\/www.upo.es\/diario\/wp-json\/wp\/v2\/tags?post=14009783"}],"curies":[{"name":"wp","href":"https:\/\/api.w.org\/{rel}","templated":true}]}}