{"id":14025978,"date":"2016-06-24T04:52:25","date_gmt":"2016-06-24T04:52:25","guid":{"rendered":"https:\/\/www.upo.es\/diario\/?p=14025978"},"modified":"2016-06-24T10:56:05","modified_gmt":"2016-06-24T10:56:05","slug":"recital-de-canto-y-piano-de-la-catedra-general-castanos-la-mujer-y-la-zarzuela","status":"publish","type":"post","link":"https:\/\/www.upo.es\/diario\/cultura\/2016\/06\/recital-de-canto-y-piano-de-la-catedra-general-castanos-la-mujer-y-la-zarzuela\/","title":{"rendered":"Recital de canto y piano de la C\u00e1tedra General Casta\u00f1os \u201cLa mujer y la zarzuela\u201d"},"content":{"rendered":"<figure id=\"attachment_14025980\" aria-describedby=\"caption-attachment-14025980\" style=\"width: 600px\" class=\"wp-caption aligncenter\"><a href=\"https:\/\/www.upo.es\/diario\/wp-content\/uploads\/2016\/06\/concierto-catedra-castanos-2.jpg\"><img loading=\"lazy\" decoding=\"async\" class=\"size-large wp-image-14025980\" alt=\"El recital estuvo a cargo de las solistas de la Compa\u00f1\u00eda Sevillana de Zarzuela Diana Larios (vocal) y Mar\u00eda Bocardo (pianista)\" src=\"https:\/\/www.upo.es\/diario\/wp-content\/uploads\/2016\/06\/concierto-catedra-castanos-2-600x407.jpg\" width=\"600\" height=\"407\" srcset=\"https:\/\/www.upo.es\/diario\/wp-content\/uploads\/2016\/06\/concierto-catedra-castanos-2-600x407.jpg 600w, https:\/\/www.upo.es\/diario\/wp-content\/uploads\/2016\/06\/concierto-catedra-castanos-2-320x217.jpg 320w, https:\/\/www.upo.es\/diario\/wp-content\/uploads\/2016\/06\/concierto-catedra-castanos-2.jpg 1400w\" sizes=\"auto, (max-width: 600px) 100vw, 600px\" \/><\/a><figcaption id=\"caption-attachment-14025980\" class=\"wp-caption-text\">El recital estuvo a cargo de las solistas de la Compa\u00f1\u00eda Sevillana de Zarzuela Diana Larios (vocal) y Mar\u00eda Bocardo (pianista)<\/figcaption><\/figure>\n<p>El pasado martes 21 de junio tuvo lugar en el sal\u00f3n de actos de Capitan\u00eda General el Recital de Canto y Piano \u201cLa mujer y la zarzuela\u201d, presidido por el general jefe de Estado Mayor de la Fuerza Terrestre, Carlos Gabriel Palacios Zaforteza, en el marco de los actos programados por la C\u00e1tedra \u201cGeneral Casta\u00f1os\u201d, en el que ha colaborado la Universidad Pablo de Olavide, de Sevilla, a trav\u00e9s del Vicerrectorado de Relaciones Institucionales y Comunicaci\u00f3n.<\/p>\n<p><strong>El recital estuvo a cargo de las solistas de la Compa\u00f1\u00eda Sevillana de Zarzuela Diana Larios (vocal) y Mar\u00eda Bocardo (pianista)<\/strong>, y al mismo asistieron la vicerrectora de Relaciones Institucionales y Comunicaci\u00f3n de la UPO, Pilar Rodr\u00edguez Reina, Francisco Guerrero D\u00edaz y Javier S\u00e1nchez Rivas, presidente institucional y director, respectivamente, del Proyecto Socio-Cultural de la Compa\u00f1\u00eda Sevillana de Zarzuela, as\u00ed como numerosos miembros de la comunidad universitaria de la Olavide, entre ellos estudiantes del Aula Abierta de Mayores de esta universidad.<\/p>\n<p>La <a href=\"http:\/\/www.catedrageneralcastanos.org\/\">C\u00e1tedra General Casta\u00f1os<\/a>, de la que forma parte la Universidad Pablo de Olavide junto a otras instituciones de la ciudad de Sevilla, se cre\u00f3 en el a\u00f1o 1989 por iniciativa del Cuartel General de la Regi\u00f3n Militar Sur con la finalidad de constituir una plataforma cultural c\u00edvico-militar que favoreciera el estudio y la investigaci\u00f3n de los temas\u00a0 hist\u00f3ricos, art\u00edsticos y culturales de Espa\u00f1a y los pa\u00edses de ra\u00edz cultural hispana. Hist\u00f3ricamente la C\u00e1tedra ha permanecido vinculada con la Capitan\u00eda General, donde tiene su sede, con el objetivo de mantener e incrementar, en lo posible, las relaciones culturales del mundo militar con el civil de la ciudad de Sevilla.<\/p>\n<p>La Universidad Pablo de Olavide y la C\u00e1tedra General Casta\u00f1os firmaron en el a\u00f1o 2005 un convenio de cooperaci\u00f3n educativa a trav\u00e9s del cual ambas instituciones han impulsado la celebraci\u00f3n de actividades formativas de tipo cultural, cient\u00edfico, t\u00e9cnico y de investigaci\u00f3n en materias de inter\u00e9s com\u00fan.<\/p>\n","protected":false},"excerpt":{"rendered":"<p>El pasado martes 21 de junio tuvo lugar en el sal\u00f3n de actos de Capitan\u00eda General el Recital de Canto y Piano \u201cLa mujer y la zarzuela\u201d, presidido por el general jefe de Estado Mayor de la Fuerza Terrestre, Carlos Gabriel Palacios Zaforteza, en el marco de los actos programados por la C\u00e1tedra \u201cGeneral Casta\u00f1os\u201d, en el que ha colaborado la Universidad Pablo de Olavide.<\/p>\n","protected":false},"author":6,"featured_media":0,"comment_status":"closed","ping_status":"open","sticky":false,"template":"","format":"standard","meta":{"_monsterinsights_skip_tracking":false,"_monsterinsights_sitenote_active":false,"_monsterinsights_sitenote_note":"","_monsterinsights_sitenote_category":0,"footnotes":""},"categories":[7],"tags":[358,403,402,2403],"class_list":["post-14025978","post","type-post","status-publish","format-standard","hentry","category-cultura","tag-catedra","tag-concierto","tag-musica","tag-recital"],"_links":{"self":[{"href":"https:\/\/www.upo.es\/diario\/wp-json\/wp\/v2\/posts\/14025978","targetHints":{"allow":["GET"]}}],"collection":[{"href":"https:\/\/www.upo.es\/diario\/wp-json\/wp\/v2\/posts"}],"about":[{"href":"https:\/\/www.upo.es\/diario\/wp-json\/wp\/v2\/types\/post"}],"author":[{"embeddable":true,"href":"https:\/\/www.upo.es\/diario\/wp-json\/wp\/v2\/users\/6"}],"replies":[{"embeddable":true,"href":"https:\/\/www.upo.es\/diario\/wp-json\/wp\/v2\/comments?post=14025978"}],"version-history":[{"count":2,"href":"https:\/\/www.upo.es\/diario\/wp-json\/wp\/v2\/posts\/14025978\/revisions"}],"predecessor-version":[{"id":14025981,"href":"https:\/\/www.upo.es\/diario\/wp-json\/wp\/v2\/posts\/14025978\/revisions\/14025981"}],"wp:attachment":[{"href":"https:\/\/www.upo.es\/diario\/wp-json\/wp\/v2\/media?parent=14025978"}],"wp:term":[{"taxonomy":"category","embeddable":true,"href":"https:\/\/www.upo.es\/diario\/wp-json\/wp\/v2\/categories?post=14025978"},{"taxonomy":"post_tag","embeddable":true,"href":"https:\/\/www.upo.es\/diario\/wp-json\/wp\/v2\/tags?post=14025978"}],"curies":[{"name":"wp","href":"https:\/\/api.w.org\/{rel}","templated":true}]}}