{"id":14073855,"date":"2016-06-27T10:35:48","date_gmt":"2016-06-27T10:35:48","guid":{"rendered":"https:\/\/www.upo.es\/diario\/?p=14073855"},"modified":"2016-06-29T07:24:55","modified_gmt":"2016-06-29T07:24:55","slug":"alumnos-de-secundaria-del-colegio-san-francisco-de-paula-recibiran-un-curso-de-lengua-italiana-impartido-por-la-upo","status":"publish","type":"post","link":"https:\/\/www.upo.es\/diario\/institucional\/2016\/06\/alumnos-de-secundaria-del-colegio-san-francisco-de-paula-recibiran-un-curso-de-lengua-italiana-impartido-por-la-upo\/","title":{"rendered":"Alumnos de secundaria del colegio San Francisco de Paula recibir\u00e1n un curso de lengua italiana impartido por la UPO"},"content":{"rendered":"<figure id=\"attachment_14073857\" aria-describedby=\"caption-attachment-14073857\" style=\"width: 600px\" class=\"wp-caption aligncenter\"><a href=\"https:\/\/www.upo.es\/diario\/wp-content\/uploads\/2016\/06\/Conv-San-Fco-Paula.jpg\"><img loading=\"lazy\" decoding=\"async\" class=\"size-large wp-image-14073857\" alt=\"El rector de la UPO, Vicente Guzm\u00e1n, la presidenta de la Fundaci\u00f3n Go\u00f1i y Rey, Mar\u00eda Isabel Go\u00f1i (i), y el director del centro, Luis Rey Go\u00f1i (d)\" src=\"https:\/\/www.upo.es\/diario\/wp-content\/uploads\/2016\/06\/Conv-San-Fco-Paula-600x400.jpg\" width=\"600\" height=\"400\" srcset=\"https:\/\/www.upo.es\/diario\/wp-content\/uploads\/2016\/06\/Conv-San-Fco-Paula-600x400.jpg 600w, https:\/\/www.upo.es\/diario\/wp-content\/uploads\/2016\/06\/Conv-San-Fco-Paula-320x213.jpg 320w\" sizes=\"auto, (max-width: 600px) 100vw, 600px\" \/><\/a><figcaption id=\"caption-attachment-14073857\" class=\"wp-caption-text\">El rector de la UPO, Vicente Guzm\u00e1n, la presidenta de la Fundaci\u00f3n Go\u00f1i y Rey, Mar\u00eda Isabel Go\u00f1i (i), y el director del centro, Luis Rey Go\u00f1i (d)<\/figcaption><\/figure>\n<p>El rector de la Universidad Pablo de Olavide, Vicente Guzm\u00e1n Fluja, la presidenta de la Fundaci\u00f3n Go\u00f1i y Rey, Mar\u00eda Isabel Go\u00f1i, y el director del colegio San Francisco de Paula, Luis Rey Go\u00f1i, han suscrito hoy un <strong>convenio espec\u00edfico de colaboraci\u00f3n para la impartici\u00f3n a estudiantes de Ense\u00f1anza Secundaria del colegio San Francisco de Paula de un curso de lengua y cultura italianas que ser\u00e1 impartido por la UPO<\/strong>.<\/p>\n<p>Para la impartici\u00f3n de este curso, se constituye una comisi\u00f3n acad\u00e9mica integrada por Pilar Rodr\u00edguez Reina, vicerrectora de Relaciones Institucionales y Comunicaci\u00f3n, en representaci\u00f3n de la Universidad Pablo de Olavide; Paola Capponi, responsable del \u00c1rea de Filolog\u00eda Italiana de la UPO, y un representante de la Fundaci\u00f3n Go\u00f1i y Rey y un representante del Centro San Francisco de Paula. Esta comisi\u00f3n acad\u00e9mica se encargar\u00e1 de la programaci\u00f3n, coordinaci\u00f3n y seguimiento del curso en todas las fases de su realizaci\u00f3n.<\/p>\n<p>Al finalizar el curso, la Fundaci\u00f3n Go\u00f1i y Rey y el Colegio San Francisco de Paula entregar\u00e1n al \u00c1rea de Filolog\u00eda Italiana un informe sobre la actividad desarrollada, el grado de satisfacci\u00f3n del alumnado y los resultados alcanzados. Asimismo, el \u00c1rea de Filolog\u00eda Italiana expedir\u00e1 un certificado docente para el profesor encargado del curso, cuya remuneraci\u00f3n ser\u00e1 financiada por el Ministerio de Asuntos Exteriores italiano a trav\u00e9s del Instituto Italiano de Cultura de Madrid.<\/p>\n<p>Este convenio espec\u00edfico es el primero que desarrolla el protocolo general de colaboraci\u00f3n firmado con anterioridad entre la Universidad Pablo de Olavide, de Sevilla y el colegio San Francisco de Paula y el suscrito tambi\u00e9n hoy entre la UPO y la Fundaci\u00f3n Go\u00f1i y Rey, por el que estas instituciones fomentar\u00e1n la colaboraci\u00f3n para desarrollar actividades conjuntas en el \u00e1rea formativa y de investigaci\u00f3n, as\u00ed como en actividades pr\u00e1cticas dirigidas a alumnos universitarios.<\/p>\n<p>&nbsp;<\/p>\n","protected":false},"excerpt":{"rendered":"<p>El rector de la Universidad Pablo de Olavide, Vicente Guzm\u00e1n Fluja, la presidenta de la Fundaci\u00f3n Go\u00f1i y Rey, Mar\u00eda Isabel Go\u00f1i, y el director del colegio San Francisco de Paula, Luis Rey Go\u00f1i, han suscrito un convenio espec\u00edfico de colaboraci\u00f3n para la impartici\u00f3n a estudiantes de Ense\u00f1anza Secundaria del colegio San Francisco de Paula de un curso de lengua y cultura italianas que ser\u00e1 impartido por la UPO.<\/p>\n","protected":false},"author":6,"featured_media":0,"comment_status":"closed","ping_status":"open","sticky":false,"template":"","format":"standard","meta":{"_monsterinsights_skip_tracking":false,"_monsterinsights_sitenote_active":false,"_monsterinsights_sitenote_note":"","_monsterinsights_sitenote_category":0,"footnotes":""},"categories":[6],"tags":[326,2051,21,707,35,982,983,38,106],"class_list":["post-14073855","post","type-post","status-publish","format-standard","hentry","category-institucional","tag-convenio","tag-educacion-secundaria","tag-estudiantes","tag-filologia","tag-idiomas","tag-italia","tag-italiano","tag-rector","tag-vicente-c-guzman"],"_links":{"self":[{"href":"https:\/\/www.upo.es\/diario\/wp-json\/wp\/v2\/posts\/14073855","targetHints":{"allow":["GET"]}}],"collection":[{"href":"https:\/\/www.upo.es\/diario\/wp-json\/wp\/v2\/posts"}],"about":[{"href":"https:\/\/www.upo.es\/diario\/wp-json\/wp\/v2\/types\/post"}],"author":[{"embeddable":true,"href":"https:\/\/www.upo.es\/diario\/wp-json\/wp\/v2\/users\/6"}],"replies":[{"embeddable":true,"href":"https:\/\/www.upo.es\/diario\/wp-json\/wp\/v2\/comments?post=14073855"}],"version-history":[{"count":4,"href":"https:\/\/www.upo.es\/diario\/wp-json\/wp\/v2\/posts\/14073855\/revisions"}],"predecessor-version":[{"id":14103759,"href":"https:\/\/www.upo.es\/diario\/wp-json\/wp\/v2\/posts\/14073855\/revisions\/14103759"}],"wp:attachment":[{"href":"https:\/\/www.upo.es\/diario\/wp-json\/wp\/v2\/media?parent=14073855"}],"wp:term":[{"taxonomy":"category","embeddable":true,"href":"https:\/\/www.upo.es\/diario\/wp-json\/wp\/v2\/categories?post=14073855"},{"taxonomy":"post_tag","embeddable":true,"href":"https:\/\/www.upo.es\/diario\/wp-json\/wp\/v2\/tags?post=14073855"}],"curies":[{"name":"wp","href":"https:\/\/api.w.org\/{rel}","templated":true}]}}