{"id":14137136,"date":"2016-07-01T01:33:22","date_gmt":"2016-07-01T01:33:22","guid":{"rendered":"https:\/\/www.upo.es\/diario\/?p=14137136"},"modified":"2016-07-01T08:37:59","modified_gmt":"2016-07-01T08:37:59","slug":"ceremonia-de-egresados-del-grado-en-ciencias-ambientales-de-la-universidad-pablo-de-olavide","status":"publish","type":"post","link":"https:\/\/www.upo.es\/diario\/institucional\/2016\/07\/ceremonia-de-egresados-del-grado-en-ciencias-ambientales-de-la-universidad-pablo-de-olavide\/","title":{"rendered":"Ceremonia de egresados del grado en Ciencias Ambientales de la Universidad Pablo de Olavide"},"content":{"rendered":"<figure id=\"attachment_14137138\" aria-describedby=\"caption-attachment-14137138\" style=\"width: 600px\" class=\"wp-caption aligncenter\"><img loading=\"lazy\" decoding=\"async\" class=\"size-large wp-image-14137138 \" alt=\"Cuarta promoci\u00f3n (2012\/2016) del grado en Ciencias Ambientales\" src=\"https:\/\/www.upo.es\/diario\/wp-content\/uploads\/2016\/07\/160630-UPO_237_web-600x399.jpg\" width=\"600\" height=\"399\" srcset=\"https:\/\/www.upo.es\/diario\/wp-content\/uploads\/2016\/07\/160630-UPO_237_web-600x399.jpg 600w, https:\/\/www.upo.es\/diario\/wp-content\/uploads\/2016\/07\/160630-UPO_237_web-320x212.jpg 320w, https:\/\/www.upo.es\/diario\/wp-content\/uploads\/2016\/07\/160630-UPO_237_web.jpg 1000w\" sizes=\"auto, (max-width: 600px) 100vw, 600px\" \/><figcaption id=\"caption-attachment-14137138\" class=\"wp-caption-text\">Cuarta promoci\u00f3n (2012\/2016) del grado en Ciencias Ambientales<\/figcaption><\/figure>\n<p>La <strong>ceremonia de egresados de la cuarta promoci\u00f3n 2012\/2016 del grado en Ciencias Ambientales<\/strong> se celebr\u00f3 ayer jueves en la Universidad Pablo de Olavide, presidida por el decano de la Facultad de Ciencias Experimentales, Antonio Gallardo Correa.<\/p>\n<p><strong>La madrina de la promoci\u00f3n ha sido In\u00e9s Otero Pareja<\/strong>, directora de \u201cEl Viejo Arrecife\u201d. A la ceremonia han asistido tambi\u00e9n Luis Villagarc\u00eda Saiz, profesor del \u00c1rea de Ecolog\u00eda de la UPO y representante del claustro de profesores; Pilar Ortiz Calder\u00f3n, vicedecana de Calidad y Coordinaci\u00f3n Docente, y Manuel D\u00edaz Azpiroz, director acad\u00e9mico del Grado en Ciencias Ambientales. Los representantes de los estudiantes han sido Daniel Vega Dom\u00ednguez y Estrella Anaya Collado.<\/p>\n<p>Un total de 76 egresados han asistido junto a sus familiares a este acto con el que la Universidad Pablo de Olavide recupera una antigua tradici\u00f3n de las universidades europeas.<\/p>\n","protected":false},"excerpt":{"rendered":"<p>Un total de 76 egresados han asistido a la ceremonia de egresados de la cuarta promoci\u00f3n 2012\/2016 del grado en Ciencias Ambientales.<\/p>\n","protected":false},"author":6,"featured_media":0,"comment_status":"closed","ping_status":"open","sticky":false,"template":"","format":"standard","meta":{"_monsterinsights_skip_tracking":false,"_monsterinsights_sitenote_active":false,"_monsterinsights_sitenote_note":"","_monsterinsights_sitenote_category":0,"footnotes":""},"categories":[6],"tags":[597,260,21,122,680],"class_list":["post-14137136","post","type-post","status-publish","format-standard","hentry","category-institucional","tag-ceremonias-de-egresados","tag-ciencias-ambientales","tag-estudiantes","tag-facultad-ciencias-experimentales","tag-grado"],"_links":{"self":[{"href":"https:\/\/www.upo.es\/diario\/wp-json\/wp\/v2\/posts\/14137136","targetHints":{"allow":["GET"]}}],"collection":[{"href":"https:\/\/www.upo.es\/diario\/wp-json\/wp\/v2\/posts"}],"about":[{"href":"https:\/\/www.upo.es\/diario\/wp-json\/wp\/v2\/types\/post"}],"author":[{"embeddable":true,"href":"https:\/\/www.upo.es\/diario\/wp-json\/wp\/v2\/users\/6"}],"replies":[{"embeddable":true,"href":"https:\/\/www.upo.es\/diario\/wp-json\/wp\/v2\/comments?post=14137136"}],"version-history":[{"count":3,"href":"https:\/\/www.upo.es\/diario\/wp-json\/wp\/v2\/posts\/14137136\/revisions"}],"predecessor-version":[{"id":14137141,"href":"https:\/\/www.upo.es\/diario\/wp-json\/wp\/v2\/posts\/14137136\/revisions\/14137141"}],"wp:attachment":[{"href":"https:\/\/www.upo.es\/diario\/wp-json\/wp\/v2\/media?parent=14137136"}],"wp:term":[{"taxonomy":"category","embeddable":true,"href":"https:\/\/www.upo.es\/diario\/wp-json\/wp\/v2\/categories?post=14137136"},{"taxonomy":"post_tag","embeddable":true,"href":"https:\/\/www.upo.es\/diario\/wp-json\/wp\/v2\/tags?post=14137136"}],"curies":[{"name":"wp","href":"https:\/\/api.w.org\/{rel}","templated":true}]}}