{"id":14183079,"date":"2016-07-05T04:49:37","date_gmt":"2016-07-05T04:49:37","guid":{"rendered":"https:\/\/www.upo.es\/diario\/?p=14183079"},"modified":"2016-07-05T04:50:03","modified_gmt":"2016-07-05T04:50:03","slug":"pepa-bueno-directora-de-hoy-por-hoy-de-la-cadena-ser-en-carmona","status":"publish","type":"post","link":"https:\/\/www.upo.es\/diario\/institucional\/2016\/07\/pepa-bueno-directora-de-hoy-por-hoy-de-la-cadena-ser-en-carmona\/","title":{"rendered":"Pepa Bueno directora de \u201cHoy por hoy\u201d de la Cadena Ser, en Carmona"},"content":{"rendered":"<figure id=\"attachment_14183080\" aria-describedby=\"caption-attachment-14183080\" style=\"width: 213px\" class=\"wp-caption alignright\"><img loading=\"lazy\" decoding=\"async\" class=\"size-medium wp-image-14183080\" alt=\"Pepa Bueno - Foto: Cadena Ser\" src=\"https:\/\/www.upo.es\/diario\/wp-content\/uploads\/2016\/07\/7922943684_c679574e79_z-213x320.jpg\" width=\"213\" height=\"320\" srcset=\"https:\/\/www.upo.es\/diario\/wp-content\/uploads\/2016\/07\/7922943684_c679574e79_z-213x320.jpg 213w, https:\/\/www.upo.es\/diario\/wp-content\/uploads\/2016\/07\/7922943684_c679574e79_z-399x600.jpg 399w, https:\/\/www.upo.es\/diario\/wp-content\/uploads\/2016\/07\/7922943684_c679574e79_z.jpg 426w\" sizes=\"auto, (max-width: 213px) 100vw, 213px\" \/><figcaption id=\"caption-attachment-14183080\" class=\"wp-caption-text\">Pepa Bueno &#8211; Foto: Cadena Ser<\/figcaption><\/figure>\n<p>Hoy martes a las 10 horas, <strong>Pepa Bueno, directora del espacio radiof\u00f3nico de la Cadena SER \u201cHoy por hoy\u201d,\u00a0 participar\u00e1 en el seminario \u201cLa igualdad de g\u00e9nero frente al mito de la libre elecci\u00f3n en un contexto neoliberal\u201d<\/strong> \u00a0que se celebra dentro del marco de la XIV Edici\u00f3n de los cursos de verano de la sede Olavide en Carmona.<\/p>\n<p>Concretamente, su ponencia, \u201cLos estereotipos de g\u00e9nero en el mundo de la comunicaci\u00f3n\u201d dar\u00e1 inicio a la segunda jornada del curso sobre igualdad de g\u00e9nero que se celebra en el aula 1 de la sede \u201cOlvide en Carmona\u201d. Adem\u00e1s, a partir de las 11,00 horas y hasta las 14,00 horas dicho seminario contar\u00e1 con la presencia de la catedr\u00e1tica en Filosof\u00eda de la Universidad de Valladolid, Alicia Puleo, y la catedr\u00e1tica de Filosof\u00eda Moral de la Universidad de la Lagura, Mar\u00eda Jos\u00e9 Guerra Palmero, quienes impartir\u00e1n la ponencia \u201cLas propuestas ecofeministas y las alternativas a la globalizaci\u00f3n neoliberal\u201d y tratar\u00e1n de analizar qu\u00e9 hay de verdad y de qu\u00e9 hay de mito en la igualdad de g\u00e9nero en el contexto actual.<\/p>\n<p>A continuaci\u00f3n, a las 16,00 horas se reanudar\u00e1 este curso con la conferencia \u201cLos estereotipos y las edades de las mujeres\u201d que ofrecer\u00e1n, conjuntamente, Carmen Alborch, ex ministra de cultura, senadora y escritora, y Amparo Rubiales, presidenta del Consejo Social de la universidad Pablo de Olavide.<\/p>\n<p>Otro de los cursos que contin\u00faan celebr\u00e1ndose hoy en Carmona es el de terrorismo yihadista que se abrir\u00e1 a las 10,00 horas con la conferencia \u201cC\u00f3mo contener a un Califato virtual\u201d a cargo de Manuel Ricargo Torres Soriano, profesor del \u00e1rea de Ciencia Pol\u00edtica de la Universidad Pablo de Olavida y coordinador de este seminario. Una hora m\u00e1s tarde, ser\u00e1 el turno de Sergio Altuna Gal\u00e1n, traductor e investigador independiente afincado en T\u00fanez quien realizar\u00e1 un \u201cRecorrido por los hitos del yihadismo tunecino hasta la actualidad: \u00bfc\u00f3mo se consigue convertirse en el mayor exportador de <i>foreing fighters?<\/i>\u201d.La sesi\u00f3n matutina finalizar\u00e1 a las 12,30 horas, con la intervenci\u00f3n del comandante Javier MacKinlay del Tercio Alejandro Farnesio de La Legi\u00f3n quien hablar\u00e1 sobre \u201cLa misi\u00f3n espa\u00f1ola de adiestramiento y formaci\u00f3n de las tropas iraqu\u00edes en la lucha contra el Daesh\u201d<\/p>\n<p>Por la tarde, este seminario contar\u00e1 con dos nuevas conferencias. En primer lugar, a las 16,00 horas Carola Garc\u00eda Calvo, investigadora del Real Instituto Elcano abordar\u00e1 \u201cLa dimensi\u00f3n femenina del terrorismo yihadista\u201d y a las 17,00 horas Florentino Portero, profesor de Historia Contempor\u00e1nea de la UNED explicar\u00e1 el \u201cEscenario geopol\u00edtico en Oriente Medio\u201d. Todas estas actividades se celebrar\u00e1n en el hotel Alc\u00e1zar de la Reina.<\/p>\n<p>Asimismo, hoy tendr\u00e1 lugar tambi\u00e9n en el hotel \u00a0la segunda jornada del curso \u201cSiente y saborea la cocina andaluza\u201d con una mesa redonda y tres talleres pr\u00e1cticos. A las 10,00 horas Roc\u00edo Corrales Ingl\u00e9s, de Azulea Comunicaci\u00f3n y una de las coordinadoras de este seminario, moderar\u00e1 la mesa redonda \u201cComunicaci\u00f3n, \u00bfel tel\u00f3n de Aquiles de la gastronom\u00eda andaluza?\u201d en la que participar\u00e1n M\u00f3nica Trujillano L\u00f3pez, directora de El Comensal; Celeste Gonz\u00e1lez Kunz, periodista y comunicadora gastron\u00f3mica; Jos\u00e9 Miguel Barr\u00f3n Garc\u00eda, comunicador gastron\u00f3mico y director de la agencia especializada en gastronom\u00eda Probando Probando; Javier Comp\u00e1s Montero de Espinosa, escritor y gastr\u00f3nomo; Ana Carvajal Moreno, productora y copresentadora de La Calle de Enmedio; Eva Cepero, de FlamencaKitchen eventos gastron\u00f3micos y comunicaci\u00f3n y Txema Mar\u00edn, senior manager de Yelp Sevilla.<\/p>\n<p>A las 12,00 horas dar\u00e1 comienzo el taller \u201cIniciaci\u00f3n a la cata de aceite de oliva virgen extra\u201d dirigido por Diego Vergara V\u00e1zquez, director de ventas y marketing de aceites de Basilippo, y a continaci\u00f3n el show-cooking \u201cCocina con AOVE\u201d a cargo de Gonzalo Mancera Navarro, chef de Gastrogon Taberna Gastron\u00f3mica. Por la tarde, a las 16,30 horas, se desarrollar\u00e1 el taller \u201cEscuela de caf\u00e9\u201d presentado por Pedro Casado, de la Escuela de caf\u00e9 AB y a las 17,30 horas, una cata de cervezas Cruzcampo y productos andaluces.<\/p>\n<p>Por otro lado, hoy finalizar\u00e1 en Carmona el curso \u201cModa y Comunicaci\u00f3n: Promoci\u00f3n, estilismo y tendencias de dise\u00f1o actual\u201d. A las 10,00 horas, el aula 6 de la Casa Palacio de Los Briones, contar\u00e1 con la presencia de dos referentes del mundo de la moda, Araceli Oca\u00f1a Castarlenas, coordinadora de Woman.es y Patricia Moreno, periodista de la revista Telva.com., que participar\u00e1n en la mesa redonda \u201cPromoci\u00f3n de la moda a trav\u00e9s de la comunicaci\u00f3n digital: retos ante los cambios\u201d y que ser\u00e1 moderada por M\u00aa Luisa Notario Rocha, directora acad\u00e9mica de la Escuela de Dise\u00f1o Ceade-Leonardo y coordinadora de este seminario.<\/p>\n<p>Tras un breve descanso, a las 12,00 horas, el dise\u00f1ador de la marca Robertodiz ofrecer\u00e1 la conferencia \u201cClaves actuales del dise\u00f1o de moda\u201d donde analizar\u00e1 cu\u00e1les son las estrategias seguidas hoy d\u00eda entre los dise\u00f1adores y contar\u00e1 desde su experiencia como dise\u00f1ador el \u00e9xito de sus colecciones.<\/p>\n<p>Por la tarde, este seminario se retomar\u00e1 con la mesa redonda \u201cEmprendimiento y experiencia para promoci\u00f3n e internacionalizaci\u00f3n en el dise\u00f1o de moda\u201d que ser\u00e1 moderada por Carola G\u00e1lvez D\u00edaz de Bustamante, International Expansion Manager del Grupo Cortefiel y en la que participar\u00e1 Cristina L\u00f3pez-Lago y Mar\u00eda Llerena, empresarias fundadoras de Motoreta, marca de ropa infantil. A continuaci\u00f3n, se celebrar\u00e1 la conferencia \u00bfde qu\u00e9 hablamos cuando hablamos de moda? Cuatro matizaciones imprecindibles\u201d a cargo de Pedro Mansilla Viezma, soci\u00f3logo, periodista, cr\u00edtico de moda y autor del libro \u201cLos nombres esenciales de la moda espa\u00f1ola\u201d<\/p>\n<p>&nbsp;<\/p>\n","protected":false},"excerpt":{"rendered":"<p>La periodista impartir\u00e1 la conferencia \u201cLos estereotipos de g\u00e9nero en el mundo de la comunicaci\u00f3n\u201d con la que se reabre el curso \u201cLa igualdad de g\u00e9nero frente al mito de la libre elecci\u00f3n en un contexto neoliberal\u201d.<\/p>\n","protected":false},"author":6,"featured_media":0,"comment_status":"closed","ping_status":"open","sticky":false,"template":"","format":"standard","meta":{"_monsterinsights_skip_tracking":false,"_monsterinsights_sitenote_active":false,"_monsterinsights_sitenote_note":"","_monsterinsights_sitenote_category":0,"footnotes":""},"categories":[6],"tags":[23,350,22,336,517,519],"class_list":["post-14183079","post","type-post","status-publish","format-standard","hentry","category-institucional","tag-carmona","tag-comunicacion","tag-cursos-de-verano","tag-genero","tag-igualdad","tag-olavide-en-carmona"],"_links":{"self":[{"href":"https:\/\/www.upo.es\/diario\/wp-json\/wp\/v2\/posts\/14183079","targetHints":{"allow":["GET"]}}],"collection":[{"href":"https:\/\/www.upo.es\/diario\/wp-json\/wp\/v2\/posts"}],"about":[{"href":"https:\/\/www.upo.es\/diario\/wp-json\/wp\/v2\/types\/post"}],"author":[{"embeddable":true,"href":"https:\/\/www.upo.es\/diario\/wp-json\/wp\/v2\/users\/6"}],"replies":[{"embeddable":true,"href":"https:\/\/www.upo.es\/diario\/wp-json\/wp\/v2\/comments?post=14183079"}],"version-history":[{"count":4,"href":"https:\/\/www.upo.es\/diario\/wp-json\/wp\/v2\/posts\/14183079\/revisions"}],"predecessor-version":[{"id":14190563,"href":"https:\/\/www.upo.es\/diario\/wp-json\/wp\/v2\/posts\/14183079\/revisions\/14190563"}],"wp:attachment":[{"href":"https:\/\/www.upo.es\/diario\/wp-json\/wp\/v2\/media?parent=14183079"}],"wp:term":[{"taxonomy":"category","embeddable":true,"href":"https:\/\/www.upo.es\/diario\/wp-json\/wp\/v2\/categories?post=14183079"},{"taxonomy":"post_tag","embeddable":true,"href":"https:\/\/www.upo.es\/diario\/wp-json\/wp\/v2\/tags?post=14183079"}],"curies":[{"name":"wp","href":"https:\/\/api.w.org\/{rel}","templated":true}]}}