{"id":14194000,"date":"2016-07-05T10:41:21","date_gmt":"2016-07-05T10:41:21","guid":{"rendered":"https:\/\/www.upo.es\/diario\/?p=14194000"},"modified":"2016-07-05T10:41:21","modified_gmt":"2016-07-05T10:41:21","slug":"la-periodista-pepa-bueno-denuncia-la-discriminacion-que-siguen-sufriendo-las-profesionales-en-los-medios","status":"publish","type":"post","link":"https:\/\/www.upo.es\/diario\/cursos-verano\/2016\/07\/la-periodista-pepa-bueno-denuncia-la-discriminacion-que-siguen-sufriendo-las-profesionales-en-los-medios\/","title":{"rendered":"La periodista Pepa Bueno denuncia la discriminaci\u00f3n que siguen sufriendo las profesionales en los medios"},"content":{"rendered":"<figure id=\"attachment_14194003\" aria-describedby=\"caption-attachment-14194003\" style=\"width: 600px\" class=\"wp-caption aligncenter\"><a href=\"https:\/\/www.upo.es\/diario\/wp-content\/uploads\/2016\/07\/Pepa-Bueno-2.jpg\"><img loading=\"lazy\" decoding=\"async\" class=\"size-large wp-image-14194003\" alt=\"La periodista Pepa Bueno (i) y la profesora Ana de Miguel, codirectora del curso &quot;La igualdad de g\u00e9nero frente al mito de la libre elecci\u00f3n en un contexto neoliberal&quot; \" src=\"https:\/\/www.upo.es\/diario\/wp-content\/uploads\/2016\/07\/Pepa-Bueno-2-600x376.jpg\" width=\"600\" height=\"376\" srcset=\"https:\/\/www.upo.es\/diario\/wp-content\/uploads\/2016\/07\/Pepa-Bueno-2-600x376.jpg 600w, https:\/\/www.upo.es\/diario\/wp-content\/uploads\/2016\/07\/Pepa-Bueno-2-320x200.jpg 320w, https:\/\/www.upo.es\/diario\/wp-content\/uploads\/2016\/07\/Pepa-Bueno-2.jpg 1513w\" sizes=\"auto, (max-width: 600px) 100vw, 600px\" \/><\/a><figcaption id=\"caption-attachment-14194003\" class=\"wp-caption-text\">La periodista Pepa Bueno (i) y la profesora Ana de Miguel, codirectora del curso \u00abLa igualdad de g\u00e9nero frente al mito de la libre elecci\u00f3n en un contexto neoliberal\u00bb<\/figcaption><\/figure>\n<p>Los estereotipos de g\u00e9nero no son una cuesti\u00f3n del pasado. Ni los medios de comunicaci\u00f3n, ajenos a esta discriminaci\u00f3n que padecen las profesionales que ejercen su oficio en ellos. As\u00ed de contundente se ha expresado la periodista Pepa Bueno, directora del matinal \u2018Hoy por hoy\u2019, de la cadena Ser, para quien el sector de la televisi\u00f3n es paradigm\u00e1tico por encima de prensa y radio. <strong>\u201cLas redacciones est\u00e1n llenas de mujeres, pero los directivos son todos hombres\u201d<\/strong>, se\u00f1ala, reconociendo que el caso de la Ser es una excepci\u00f3n, pues \u201ctodos los programas en <i>prime time<\/i> est\u00e1n conducidos por hombres\u201d salvo el matinal de la cadena de Prisa.<\/p>\n<p><strong>Bueno ha realizado estas declaraciones en el marco de la conferencia que, bajo el t\u00edtulo \u201cLos estereotipos de g\u00e9nero en el mundo de la comunicaci\u00f3n\u201d, ha pronunciado dentro del curso \u201cLa igualdad de g\u00e9nero frente al mito de la libre elecci\u00f3n en un contexto neoliberal\u201d, que dirigen la doctora Lina G\u00e1lvez Mu\u00f1oz<\/strong>, catedr\u00e1tica de Historia e Instituciones Econ\u00f3micas, del Departamento de Econom\u00eda, M\u00e9todos Cuantitativos e Historia Econ\u00f3mica de la Universidad Pablo de Olavide, y la doctora Ana de Miguel \u00c1lvarez, profesora de Filosof\u00eda Moral y Pol\u00edtica de la Universidad Rey Juan Carlos de Madrid. Esta actividad se desarrolla hasta el viernes en la programaci\u00f3n de los cursos de verano que la Universidad Pablo de Olavide organiza cada a\u00f1o en su sede de Carmona.<\/p>\n<p>Se da la circunstancia de que \u2018Hoy por hoy\u2019 es el \u00fanico matinal de la radiodifusi\u00f3n espa\u00f1ola conducido por mujeres \u2013Gemma Nierga y la propia Pepa Bueno- y que lidera el r\u00e1nking de audiencias en su franja horaria seg\u00fan el Estudio General de Medios (EGM), lo que viene a desmontar \u201cuna especie de leyenda urbana, sin m\u00e1s evidencia cient\u00edfica que el morro que han tenido los hombres que han ocupado todos los puestos de poder\u201d, seg\u00fan la cual \u201clas mujeres no funcion\u00e1bamos en el telediario estrella de la noche ni en los matinales\u201d, afirma. En el primer caso, Bueno ya desmont\u00f3 esa hip\u00f3tesis al dirigir el telediario de las nueve por encargo de Llorente.<\/p>\n<p>En opini\u00f3n de Pepa Bueno, los periodistas necesitan \u201cherramientas\u201d para hacer su trabajo \u201clo mejor posible\u201d, por lo que insta a sus colegas a \u201cexigir a las empresas informativas que doten suficientemente las redacciones y que paguen decentemente\u201d a los profesionales, al tiempo que critica el t\u00f3pico de que el periodismo sea una suerte de \u201csacerdocio que se ejerce por el prestigio o por la cercan\u00eda al poder\u201d. \u201cEso es un enga\u00f1o\u201d, asevera la directora de \u2018Hoy por hoy\u2019, para quien la profesi\u00f3n period\u00edstica es \u201cmuy importante para la democracia\u201d, por lo que \u201cdebe estar suficientemente remunerada y con redacciones bien provistas para que el ejercicio del periodismo se haga de verdad y no sea un copia y pega\u201d.<\/p>\n<p>En este sentido, distingue el ejercicio profesional del periodismo del hecho de que \u201cahora mismo la revoluci\u00f3n tecnol\u00f3gica permita que cualquiera, con un tel\u00e9fono m\u00f3vil, pueda contar qu\u00e9 est\u00e1 pasando, d\u00f3nde est\u00e1 pasando y cu\u00e1ndo ha pasado\u201d, fen\u00f3meno que se ha dado en llamar \u2018periodismo ciudadano\u2019. El periodismo es una profesi\u00f3n \u201ccon unos protocolos de funcionamiento muy definidos y una t\u00e9cnica que s\u00f3lo manejamos los periodistas; una cosa es difundir datos y otra el trabajo que hacemos los periodistas, y que es insustituible\u201d, asegura.<\/p>\n<p>Sobre el futuro de la prensa en papel, considera que las cabeceras han de buscar su sitio en el nuevo contexto, pues \u201clas noticias ya no las dan los peri\u00f3dicos en papel\u201d, y \u201clo que no se puede pretender es que sigan haciendo el mismo peri\u00f3dico que se hac\u00eda antes\u201d, subraya.<\/p>\n","protected":false},"excerpt":{"rendered":"<p>Los estereotipos de g\u00e9nero no son una cuesti\u00f3n del pasado. Ni los medios de comunicaci\u00f3n, ajenos a esta discriminaci\u00f3n que padecen las profesionales que ejercen su oficio en ellos. As\u00ed de contundente se ha expresado la periodista Pepa Bueno, directora del matinal \u2018Hoy por hoy\u2019, de la cadena Ser, para quien el sector de la televisi\u00f3n es paradigm\u00e1tico por encima de prensa y radio. \u201cLas redacciones est\u00e1n llenas de mujeres, pero los directivos son todos hombres\u201d, se\u00f1ala, reconociendo que el caso de la Ser es una excepci\u00f3n, pues \u201ctodos los programas en prime time est\u00e1n conducidos por hombres\u201d salvo el matinal de la cadena de Prisa.<\/p>\n","protected":false},"author":6,"featured_media":14194002,"comment_status":"closed","ping_status":"open","sticky":false,"template":"","format":"standard","meta":{"_monsterinsights_skip_tracking":false,"_monsterinsights_sitenote_active":false,"_monsterinsights_sitenote_note":"","_monsterinsights_sitenote_category":0,"footnotes":""},"categories":[729],"tags":[23,350,22,336,517,519,687],"class_list":["post-14194000","post","type-post","status-publish","format-standard","has-post-thumbnail","hentry","category-cursos-verano","tag-carmona","tag-comunicacion","tag-cursos-de-verano","tag-genero","tag-igualdad","tag-olavide-en-carmona","tag-periodismo"],"_links":{"self":[{"href":"https:\/\/www.upo.es\/diario\/wp-json\/wp\/v2\/posts\/14194000","targetHints":{"allow":["GET"]}}],"collection":[{"href":"https:\/\/www.upo.es\/diario\/wp-json\/wp\/v2\/posts"}],"about":[{"href":"https:\/\/www.upo.es\/diario\/wp-json\/wp\/v2\/types\/post"}],"author":[{"embeddable":true,"href":"https:\/\/www.upo.es\/diario\/wp-json\/wp\/v2\/users\/6"}],"replies":[{"embeddable":true,"href":"https:\/\/www.upo.es\/diario\/wp-json\/wp\/v2\/comments?post=14194000"}],"version-history":[{"count":2,"href":"https:\/\/www.upo.es\/diario\/wp-json\/wp\/v2\/posts\/14194000\/revisions"}],"predecessor-version":[{"id":14194004,"href":"https:\/\/www.upo.es\/diario\/wp-json\/wp\/v2\/posts\/14194000\/revisions\/14194004"}],"wp:featuredmedia":[{"embeddable":true,"href":"https:\/\/www.upo.es\/diario\/wp-json\/wp\/v2\/media\/14194002"}],"wp:attachment":[{"href":"https:\/\/www.upo.es\/diario\/wp-json\/wp\/v2\/media?parent=14194000"}],"wp:term":[{"taxonomy":"category","embeddable":true,"href":"https:\/\/www.upo.es\/diario\/wp-json\/wp\/v2\/categories?post=14194000"},{"taxonomy":"post_tag","embeddable":true,"href":"https:\/\/www.upo.es\/diario\/wp-json\/wp\/v2\/tags?post=14194000"}],"curies":[{"name":"wp","href":"https:\/\/api.w.org\/{rel}","templated":true}]}}