{"id":14194694,"date":"2016-07-06T11:19:26","date_gmt":"2016-07-06T11:19:26","guid":{"rendered":"https:\/\/www.upo.es\/diario\/?p=14194694"},"modified":"2016-07-06T11:51:43","modified_gmt":"2016-07-06T11:51:43","slug":"la-upo-acoge-el-workshop-internacional-movimientos-sociales-emergentes-miradas-desde-el-trabajo-social","status":"publish","type":"post","link":"https:\/\/www.upo.es\/diario\/institucional\/2016\/07\/la-upo-acoge-el-workshop-internacional-movimientos-sociales-emergentes-miradas-desde-el-trabajo-social\/","title":{"rendered":"La UPO acoge el workshop internacional \u201cMovimientos sociales emergentes: Miradas desde el Trabajo Social\u201d"},"content":{"rendered":"<figure id=\"attachment_14211062\" aria-describedby=\"caption-attachment-14211062\" style=\"width: 600px\" class=\"wp-caption aligncenter\"><a href=\"https:\/\/www.upo.es\/diario\/wp-content\/uploads\/2016\/07\/Mov-Sociales-Emergentes_TS_workshop.jpg\"><img loading=\"lazy\" decoding=\"async\" class=\"size-large wp-image-14211062\" alt=\"El workshop se articula en torno a tres mesas de trabajo\" src=\"https:\/\/www.upo.es\/diario\/wp-content\/uploads\/2016\/07\/Mov-Sociales-Emergentes_TS_workshop-600x337.jpg\" width=\"600\" height=\"337\" srcset=\"https:\/\/www.upo.es\/diario\/wp-content\/uploads\/2016\/07\/Mov-Sociales-Emergentes_TS_workshop-600x337.jpg 600w, https:\/\/www.upo.es\/diario\/wp-content\/uploads\/2016\/07\/Mov-Sociales-Emergentes_TS_workshop-320x180.jpg 320w\" sizes=\"auto, (max-width: 600px) 100vw, 600px\" \/><\/a><figcaption id=\"caption-attachment-14211062\" class=\"wp-caption-text\">El workshop se celebra en la sala de grados II de la Biblioteca<\/figcaption><\/figure>\n<p><strong>En el sal\u00f3n de grados II de la Biblioteca de la Universidad Pablo de Olavide se celebra hoy el workshop internacional \u201cMovimientos sociales emergentes: Miradas desde el Trabajo Social\u201d<\/strong>, con Mar\u00eda Rosa Herrera, directora del Departamento de Trabajo Social y Servicios Sociales Universidad Pablo de Olavide, y Marisa Mesina, de la Facultad de Trabajo Social Universidad de Colima como\u00a0coordinadoras acad\u00e9micas de este encuentro.<\/p>\n<p><strong>Este workshop, que se desarrollar\u00e1 hasta ma\u00f1ana jueves 7 de julio, tiene como fin generar un espacio de di\u00e1logo que permita discutir los referentes te\u00f3ricos y metodol\u00f3gicos con los que se aborda, desde el Trabajo Social, el fen\u00f3meno de los movimientos sociales<\/strong>, as\u00ed como promover una red de colaboraci\u00f3n que permita cooperar en materia de investigaci\u00f3n.<\/p>\n<p>El encuentro se estructura en tres mesas de trabajo, \u201cLos Referentes te\u00f3ricos: marcos anal\u00edticos para estudiar los Movimientos Sociales\u201d, \u201cEstrategias metodol\u00f3gicas para el estudio de Movimientos Sociales\u201d y \u201cEstudios de caso: nuevos movimientos sociales en contextos diversos\u201d, que se celebrar\u00e1n ma\u00f1ana mi\u00e9rcoles, y un recorrido por la Sevilla de los movimientos sociales que est\u00e1 programado para el jueves.<\/p>\n<p>Este espacio de di\u00e1logo y proyecci\u00f3n ha sido promovido por el Departamento de Trabajo Social de la Universidad Pablo de Olavide, de Sevilla, y la Facultad de Trabajo Social de la Universidad de Colima, en M\u00e9xico, mediante un convenio de colaboraci\u00f3n que pretende promover la cooperaci\u00f3n acad\u00e9mica entre ambas instituciones.<\/p>\n<ul>\n<li><a href=\"https:\/\/www.upo.es\/upo_opencms\/export\/sites\/upo\/Galerias\/Descargas\/InfoEstudiantes\/Workshop_Movimientos_SocialesyTrabajo-Social.pdf\">Programa del workshop internacional<\/a><\/li>\n<\/ul>\n","protected":false},"excerpt":{"rendered":"<p>Este workshop, que se desarrollar\u00e1 hasta el jueves 7 de julio, tiene como fin generar un espacio de di\u00e1logo que permita discutir los referentes te\u00f3ricos y metodol\u00f3gicos con los que se aborda, desde el Trabajo Social, el fen\u00f3meno de los movimientos sociales, as\u00ed como promover una red de colaboraci\u00f3n que permita cooperar en materia de investigaci\u00f3n.<\/p>\n","protected":false},"author":6,"featured_media":0,"comment_status":"closed","ping_status":"open","sticky":false,"template":"","format":"standard","meta":{"_monsterinsights_skip_tracking":false,"_monsterinsights_sitenote_active":false,"_monsterinsights_sitenote_note":"","_monsterinsights_sitenote_category":0,"footnotes":""},"categories":[6],"tags":[3405,286,103,5837],"class_list":["post-14194694","post","type-post","status-publish","format-standard","hentry","category-institucional","tag-departamento-de-trabajo-social-y-servicios-sociales","tag-mexico","tag-trabajo-social","tag-workshop"],"_links":{"self":[{"href":"https:\/\/www.upo.es\/diario\/wp-json\/wp\/v2\/posts\/14194694","targetHints":{"allow":["GET"]}}],"collection":[{"href":"https:\/\/www.upo.es\/diario\/wp-json\/wp\/v2\/posts"}],"about":[{"href":"https:\/\/www.upo.es\/diario\/wp-json\/wp\/v2\/types\/post"}],"author":[{"embeddable":true,"href":"https:\/\/www.upo.es\/diario\/wp-json\/wp\/v2\/users\/6"}],"replies":[{"embeddable":true,"href":"https:\/\/www.upo.es\/diario\/wp-json\/wp\/v2\/comments?post=14194694"}],"version-history":[{"count":5,"href":"https:\/\/www.upo.es\/diario\/wp-json\/wp\/v2\/posts\/14194694\/revisions"}],"predecessor-version":[{"id":14212450,"href":"https:\/\/www.upo.es\/diario\/wp-json\/wp\/v2\/posts\/14194694\/revisions\/14212450"}],"wp:attachment":[{"href":"https:\/\/www.upo.es\/diario\/wp-json\/wp\/v2\/media?parent=14194694"}],"wp:term":[{"taxonomy":"category","embeddable":true,"href":"https:\/\/www.upo.es\/diario\/wp-json\/wp\/v2\/categories?post=14194694"},{"taxonomy":"post_tag","embeddable":true,"href":"https:\/\/www.upo.es\/diario\/wp-json\/wp\/v2\/tags?post=14194694"}],"curies":[{"name":"wp","href":"https:\/\/api.w.org\/{rel}","templated":true}]}}