{"id":14291673,"date":"2016-07-08T19:21:51","date_gmt":"2016-07-08T19:21:51","guid":{"rendered":"https:\/\/www.upo.es\/diario\/?p=14291673"},"modified":"2016-07-11T07:30:44","modified_gmt":"2016-07-11T07:30:44","slug":"el-mayor-problema-de-las-mujeres-en-un-mundo-masculino-siempre-es-la-autocensura-segun-almudena-grandes","status":"publish","type":"post","link":"https:\/\/www.upo.es\/diario\/cursos-verano\/2016\/07\/el-mayor-problema-de-las-mujeres-en-un-mundo-masculino-siempre-es-la-autocensura-segun-almudena-grandes\/","title":{"rendered":"\u201cEl mayor problema de las mujeres en un mundo masculino siempre es la autocensura\u201d, seg\u00fan Almudena Grandes"},"content":{"rendered":"<figure id=\"attachment_14291675\" aria-describedby=\"caption-attachment-14291675\" style=\"width: 600px\" class=\"wp-caption aligncenter\"><a href=\"https:\/\/www.upo.es\/diario\/wp-content\/uploads\/2016\/07\/Almudena-Grandes-Pilar-del-Rio.jpg\"><img loading=\"lazy\" decoding=\"async\" class=\"size-large wp-image-14291675\" alt=\"Desde la izquierda,  Almudena Grandes, Pilar del R\u00edo y Lina G\u00e1lvez, codirectora del curso &quot;La igualdad de g\u00e9nero frente al mito de la libre elecci\u00f3n en un contexto neoliberal&quot;.\" src=\"https:\/\/www.upo.es\/diario\/wp-content\/uploads\/2016\/07\/Almudena-Grandes-Pilar-del-Rio-600x337.jpg\" width=\"600\" height=\"337\" srcset=\"https:\/\/www.upo.es\/diario\/wp-content\/uploads\/2016\/07\/Almudena-Grandes-Pilar-del-Rio-600x337.jpg 600w, https:\/\/www.upo.es\/diario\/wp-content\/uploads\/2016\/07\/Almudena-Grandes-Pilar-del-Rio-320x180.jpg 320w, https:\/\/www.upo.es\/diario\/wp-content\/uploads\/2016\/07\/Almudena-Grandes-Pilar-del-Rio.jpg 1520w\" sizes=\"auto, (max-width: 600px) 100vw, 600px\" \/><\/a><figcaption id=\"caption-attachment-14291675\" class=\"wp-caption-text\">Desde la izquierda, Almudena Grandes, Pilar del R\u00edo y Lina G\u00e1lvez<\/figcaption><\/figure>\n<p>La escritora Almudena Grandes ha asegurado que hoy el mayor problema de las mujeres en un mundo masculino siempre es la autocensura, \u201cdonde la norma es que sean los hombres los que crean opini\u00f3n y encima los que pinten cuadros, lleguen al poder y gobiernen. Lo m\u00e1s complicado para una creadora en este momento es la acci\u00f3n de autocensurarse para no llamar la atenci\u00f3n en un sentido negativo, para caer bien y no sacar los pies del plato\u201d.<\/p>\n<p><strong>En esta l\u00ednea, Grandes ha manifestado que el poder es una realidad supragen\u00e9rica, que se impone por igual a los hombres y a las mujeres y esa teor\u00eda de que las mujeres son m\u00e1s emp\u00e1ticas, maternales o bondadosas es falsa puesto que, en su opini\u00f3n, el poder se apodera de los hombres y las mujeres exactamente igual.<\/strong> \u201cSiempre se dice que las mujeres somos m\u00e1s eficaces, porque somos capaces de hacer encaje de bolillos con todo, pero creo que el poder es una realidad mucho m\u00e1s poderosa\u201d, ha puntualizado.<\/p>\n<p><strong>La escritora ha hecho estas declaraciones con motivo de su participaci\u00f3n en el seminario \u201cLa igualdad de g\u00e9nero frente al mito de la libre elecci\u00f3n en un contexto neoliberal\u201d, que se ha impartido en el marco de la XIV edici\u00f3n de los Cursos de Verano<\/strong> de la Universidad Pablo de Olavide en Carmona.\u00a0Almudena Grandes ha formado parte de la mesa redonda \u201cLas mujeres como creadoras de opini\u00f3n en los medios y la literatura\u201d, junto a la presidenta de la Fundaci\u00f3n Jos\u00e9 Saramago, Pilar del R\u00edo.<\/p>\n<p>Pilar del R\u00edo, ha hablado sobre las aportaciones que ha hecho la mujer a lo largo de la historia, y, apelando al movimiento feminista, ha apuntado que \u00abtenemos que ser capaces de romper la estructura, cambiando as\u00ed la estructura literaria\u00bb.<\/p>\n<p>Para que la mujer ocupe el puesto que la corresponde en la sociedad, Almudena Grandes ha afirmado que la primera medida que habr\u00eda que tomar ser\u00eda que las mujeres y los hombres asumieran de una vez \u201cel hecho incontrovertible de que somos el 52 por ciento de la poblaci\u00f3n mundial, somos mayor\u00eda, no una minor\u00eda, y los problemas de las mujeres no son problemas \u00fanicos de nosotras, son problemas de toda la sociedad\u201d.<\/p>\n<p>Adem\u00e1s, la escritora ha apuntado al hecho de estamos en un momento en el que ya sabemos que los objetivos del feminismo se han cumplido y en la consecuci\u00f3n de esos objetivos est\u00e1 incluida la igualdad. De esta manera, cree que Lo fundamental es cambiar de perspectiva, que la sociedad asuma que los problemas de las mujeres son problemas de toda la sociedad y que las mujeres dejaran de aceptar tratamientos de una minor\u00eda. Mientras que las mujeres sigamos aceptando que nos traten como si fu\u00e9ramos una minor\u00eda y sigamos estando de acuerdo con este tipo de iniciativas, es muy complicado que la sociedad cambie\u201d, \u00a0ha finalizado.<\/p>\n","protected":false},"excerpt":{"rendered":"<p>La escritora ha participado hoy en una mesa redonda sobre las mujeres como creadoras de opini\u00f3n en los medios y la literatura junto a la presidenta de la Fundaci\u00f3n Jos\u00e9 Saramago, Pilar del R\u00edo.<\/p>\n","protected":false},"author":6,"featured_media":14291676,"comment_status":"closed","ping_status":"open","sticky":false,"template":"","format":"standard","meta":{"_monsterinsights_skip_tracking":false,"_monsterinsights_sitenote_active":false,"_monsterinsights_sitenote_note":"","_monsterinsights_sitenote_category":0,"footnotes":""},"categories":[729],"tags":[23,22,890,336,517,401,519,146],"class_list":["post-14291673","post","type-post","status-publish","format-standard","has-post-thumbnail","hentry","category-cursos-verano","tag-carmona","tag-cursos-de-verano","tag-feminismo","tag-genero","tag-igualdad","tag-literatura","tag-olavide-en-carmona","tag-sociedad"],"_links":{"self":[{"href":"https:\/\/www.upo.es\/diario\/wp-json\/wp\/v2\/posts\/14291673","targetHints":{"allow":["GET"]}}],"collection":[{"href":"https:\/\/www.upo.es\/diario\/wp-json\/wp\/v2\/posts"}],"about":[{"href":"https:\/\/www.upo.es\/diario\/wp-json\/wp\/v2\/types\/post"}],"author":[{"embeddable":true,"href":"https:\/\/www.upo.es\/diario\/wp-json\/wp\/v2\/users\/6"}],"replies":[{"embeddable":true,"href":"https:\/\/www.upo.es\/diario\/wp-json\/wp\/v2\/comments?post=14291673"}],"version-history":[{"count":2,"href":"https:\/\/www.upo.es\/diario\/wp-json\/wp\/v2\/posts\/14291673\/revisions"}],"predecessor-version":[{"id":14291677,"href":"https:\/\/www.upo.es\/diario\/wp-json\/wp\/v2\/posts\/14291673\/revisions\/14291677"}],"wp:featuredmedia":[{"embeddable":true,"href":"https:\/\/www.upo.es\/diario\/wp-json\/wp\/v2\/media\/14291676"}],"wp:attachment":[{"href":"https:\/\/www.upo.es\/diario\/wp-json\/wp\/v2\/media?parent=14291673"}],"wp:term":[{"taxonomy":"category","embeddable":true,"href":"https:\/\/www.upo.es\/diario\/wp-json\/wp\/v2\/categories?post=14291673"},{"taxonomy":"post_tag","embeddable":true,"href":"https:\/\/www.upo.es\/diario\/wp-json\/wp\/v2\/tags?post=14291673"}],"curies":[{"name":"wp","href":"https:\/\/api.w.org\/{rel}","templated":true}]}}