{"id":14312998,"date":"2016-07-12T11:20:04","date_gmt":"2016-07-12T11:20:04","guid":{"rendered":"https:\/\/www.upo.es\/diario\/?p=14312998"},"modified":"2016-07-12T11:20:08","modified_gmt":"2016-07-12T11:20:08","slug":"la-periodista-mar-cabra-asegura-que-todavia-estan-por-ver-los-verdaderos-efectos-de-los-papeles-de-panama","status":"publish","type":"post","link":"https:\/\/www.upo.es\/diario\/cursos-verano\/2016\/07\/la-periodista-mar-cabra-asegura-que-todavia-estan-por-ver-los-verdaderos-efectos-de-los-papeles-de-panama\/","title":{"rendered":"La periodista Mar Cabra asegura que todav\u00eda est\u00e1n por ver los verdaderos efectos de los \u2018Papeles de Panam\u00e1\u2019"},"content":{"rendered":"<figure id=\"attachment_14313001\" aria-describedby=\"caption-attachment-14313001\" style=\"width: 600px\" class=\"wp-caption aligncenter\"><a href=\"https:\/\/www.upo.es\/diario\/wp-content\/uploads\/2016\/07\/Mar-Cabra.jpg\"><img loading=\"lazy\" decoding=\"async\" class=\"size-large wp-image-14313001\" alt=\"Mar Cabra en la sede de la UPO en Carmona\" src=\"https:\/\/www.upo.es\/diario\/wp-content\/uploads\/2016\/07\/Mar-Cabra-600x354.jpg\" width=\"600\" height=\"354\" srcset=\"https:\/\/www.upo.es\/diario\/wp-content\/uploads\/2016\/07\/Mar-Cabra-600x354.jpg 600w, https:\/\/www.upo.es\/diario\/wp-content\/uploads\/2016\/07\/Mar-Cabra-320x189.jpg 320w, https:\/\/www.upo.es\/diario\/wp-content\/uploads\/2016\/07\/Mar-Cabra.jpg 1277w\" sizes=\"auto, (max-width: 600px) 100vw, 600px\" \/><\/a><figcaption id=\"caption-attachment-14313001\" class=\"wp-caption-text\">Mar Cabra ha participado en el curso \u201cInformaci\u00f3n y corrupci\u00f3n. El periodismo de investigaci\u00f3n\u201d<\/figcaption><\/figure>\n<p>Comprometida con la profesi\u00f3n desde muy joven, la periodista de investigaci\u00f3n<strong> Mar Cabra reconoce que cuando lleg\u00f3 al Consorcio Internacional de Periodistas de Investigaci\u00f3n la informaci\u00f3n de los \u2018Papeles de Panam\u00e1\u2019, su jefe brome\u00f3 con que era otro caso de los muchos que hab\u00edan destapado. Sin embargo, pronto repararon en que no ser\u00eda uno m\u00e1s. Hoy en d\u00eda, es una de las mayores investigaciones de la historia del periodismo y Mar apunta a que \u201cestamos por ver a\u00fan los verdaderos efectos de los Papeles de Panam\u00e1\u201d<\/strong>, y que est\u00e1 convencida de que ser\u00e1n a largo plazo.<\/p>\n<p><strong>Mar Cabra ha realizado estas declaraciones con motivo de su participaci\u00f3n en el curso \u201cInformaci\u00f3n y corrupci\u00f3n. El periodismo de investigaci\u00f3n\u201d<\/strong>, en el cual ha impartido una ponencia dedicada al hallazgo de los \u2018Papeles de Panam\u00e1\u2019. Dicho seminario, que concluye ma\u00f1ana, se est\u00e1 celebrando en el marco de los cursos de verano de la Universidad Pablo de Olavide en Carmona, est\u00e1 dirigido por Rafael Rodr\u00edguez Guerrero, periodista y presidente de la Asociaci\u00f3n de la Prensa de Sevilla, y est\u00e1 patrocinado por la Diputaci\u00f3n de Sevilla y la Fundaci\u00f3n Cajasol.<\/p>\n<p>Han sido m\u00e1s de 11,5\u00a0millones de documentos internos del despacho de abogados paname\u00f1o Mossack Fonseca,\u00a0considerado como uno de los cinco mayores registradores mundiales de sociedades &#8216;offshore&#8217;, a los que tuvieron acceso el diario alem\u00e1n <i><a href=\"http:\/\/panamapapers.sueddeutsche.de\/en\/\" target=\"_blank\">S\u00fcddeustche Zeitung<\/a><\/i>\u00a0y el\u00a0<a href=\"https:\/\/panamapapers.icij.org\/\" target=\"_blank\">Consorcio Internacional de Periodistas de Investigaci\u00f3n (ICIJ)<\/a>. Un equipo de m\u00e1s de 370 periodistas\u00a0de un centenar de medios de comunicaci\u00f3n\u00a0de 76 pa\u00edses ha trabajado durante\u00a0un a\u00f1o\u00a0para analizarlos y arrojar luz sobre el secretismo\u00a0que impera\u00a0en\u00a0la creaci\u00f3n de sociedades en para\u00edsos fiscales de todo el mundo.\u00a0En Espa\u00f1a, las exclusivas de los &#8216;Papeles de Panam\u00e1&#8217; se han publicado en\u00a0El Confidencial y La Sexta\u00a0tras un trabajo period\u00edstico conjunto iniciado en julio de 2015.<\/p>\n<p>Los documentos\u00a0abarcan casi 40 a\u00f1os de\u00a0trabajo interno de la firma\u00a0paname\u00f1a,\u00a0desde 1977 hasta diciembre de 2015. Los\u00a0documentos secretos\u00a0incluyen correos electr\u00f3nicos, cuentas bancarias,\u00a0bases de datos, pasaportes\u00a0y registros de clientes del despacho, y revelan informaci\u00f3n oculta de\u00a0214.488 sociedades &#8216;offshore&#8217; conectadas con m\u00e1s de 200 pa\u00edses.<\/p>\n<p>Al respecto, la periodista comenta que nunca imagin\u00f3 tanta repercusi\u00f3n al montar las piezas del puzzle sobre los Papeles de Panam\u00e1.\u00a0 \u201cSab\u00edamos que ten\u00edamos algo importante entre manos, pero no nos esper\u00e1bamos tantas reacciones\u201d. De hecho, Mar subraya el impacto que les caus\u00f3 conocer la dimisi\u00f3n, entre otros, del ministro Jos\u00e9 Manuel Soria por su implicaci\u00f3n en la trama.<\/p>\n<p>Reconoce que lo m\u00e1s satisfactorio de haber investigado y publicado casos como los \u2018Papeles de Panam\u00e1\u2019 o la \u2018Lista Falciani\u2019 es haber \u201ccambiando radicalmente la forma de hacer pol\u00edticas p\u00fablicas y la manera en la que se ha comenzado a luchar, desde entonces, por la transparencia\u201d. Sin embargo, ha declarado que \u201cEspa\u00f1a es tradicionalmente un pa\u00eds opaco y\u00a0 que el gran problema de la lucha contra la corrupci\u00f3n es la falta de recursos empleado para ello y la escasa transparencia\u201d. Tambi\u00e9n ha hablado sobre la Ley de Transparencia aprobada en 2013 de la que dice \u201cse podr\u00eda haber hecho mucho m\u00e1s\u201d y se muestra poco conforme con ella, argumentando que, a pesar de que sea \u201cfant\u00e1stico que, por fin, tengamos una ley que garantice el derecho de los ciudadanos a pedir informaci\u00f3n p\u00fablica\u201d, considera llamativo que sea \u201ctan conservadora y tan t\u00edmida\u201d.<\/p>\n<p>El periodismo de investigaci\u00f3n no es un camino f\u00e1cil. Sin embargo, la periodista ha asegurado que \u201cla mejor manera de no sentirse coartada en el mundo del periodismo de investigaci\u00f3n es trabajar en un equipo a nivel global\u201d como en el que est\u00e1 ella, \u201cporque se protegen los unos a los otros\u201d. Adem\u00e1s, explica que \u201cse siente afortunada porque ning\u00fan poder f\u00e1ctico la ha presionado a la hora de hacer su trabajo\u201d. Pero sobre todo, hace hincapi\u00e9 en que al trabajar en este \u00e1mbito se debe ser muy consciente de la ciberseguridad y aplicar t\u00e9cnicas de encriptaci\u00f3n que ayuden a las comunicaciones seguras porque se trabaja, en todo momento, conectado a internet.<\/p>\n<p>Asimismo y en el marco de su participaci\u00f3n en el curso de verano, ha comentado que \u201cel problema de los casos de corrupci\u00f3n en nuestro pa\u00eds es que los delitos prescriben demasiado r\u00e1pido\u201d. La investigadora argumenta que \u201cinvestigar y describir cualquier caso de corrupci\u00f3n lleva tiempo y a veces queda sin juzgar\u201d. Ahora bien, ante esto la periodista reivindica el papel del periodismo como altavoz para que \u201csi bien algunos caso no se puedan juzgar en los tribunales, por lo menos se juzguen a nivel de la opini\u00f3n p\u00fablica y, de este modo,\u00a0 haya consecuencias para aquellos personajes p\u00fablicos implicados\u201d.<\/p>\n<p>Adem\u00e1s, la periodista ha aprovechado la ocasi\u00f3n para lanzar una reflexi\u00f3n al aire: \u201cEn ocasiones nos es m\u00e1s sencillo a nosotros, los periodistas, acceder a informaci\u00f3n sobre fraude que a la propia Agencia Tributaria. Y quiz\u00e1s habr\u00eda que plantearse si esta situaci\u00f3n deber\u00eda cambiar\u201d. En esta l\u00ednea, ha explicado que la poca colaboraci\u00f3n de los informantes se debe a que, en primer lugar, \u201cEspa\u00f1a no dispone de una ley para protegerlos y nadie quiere arriesgarse a aportar informaci\u00f3n de la que le van a hacer preguntas\u201d y en segundo lugar \u201cque la Agencia Tributaria no puede pagar, como s\u00ed hacen en otros pa\u00edses por dicha documentaci\u00f3n\u201d.<\/p>\n<p>Para finalizar, Mar Cabra ha incidido en la necesidad de frenar el uso de para\u00edsos fiscales, el secretismo, la opacidad y la corrupci\u00f3n ya que esto significa \u201cla creaci\u00f3n de una mayor brecha entre ricos y pobres, menos servicios p\u00fablicos y una creciente desigualdad\u201d.<\/p>\n","protected":false},"excerpt":{"rendered":"<p>Comprometida con la profesi\u00f3n desde muy joven, la periodista de investigaci\u00f3n Mar Cabra reconoce que cuando lleg\u00f3 al Consorcio Internacional de Periodistas de Investigaci\u00f3n la informaci\u00f3n de los \u2018Papeles de Panam\u00e1\u2019, su jefe brome\u00f3 con que era otro caso de los muchos que hab\u00edan destapado. Sin embargo, pronto repararon en que no ser\u00eda uno m\u00e1s. Hoy en d\u00eda, es una de las mayores investigaciones de la historia del periodismo y Mar apunta a que \u201cestamos por ver a\u00fan los verdaderos efectos de los Papeles de Panam\u00e1\u201d, y que est\u00e1 convencida de que ser\u00e1n a largo plazo.<\/p>\n","protected":false},"author":6,"featured_media":14313002,"comment_status":"closed","ping_status":"open","sticky":false,"template":"","format":"standard","meta":{"_monsterinsights_skip_tracking":false,"_monsterinsights_sitenote_active":false,"_monsterinsights_sitenote_note":"","_monsterinsights_sitenote_category":0,"footnotes":""},"categories":[729],"tags":[23,350,1173,22,66,2253,519,687],"class_list":["post-14312998","post","type-post","status-publish","format-standard","has-post-thumbnail","hentry","category-cursos-verano","tag-carmona","tag-comunicacion","tag-corrupcion","tag-cursos-de-verano","tag-empresa","tag-fiscalidad","tag-olavide-en-carmona","tag-periodismo"],"_links":{"self":[{"href":"https:\/\/www.upo.es\/diario\/wp-json\/wp\/v2\/posts\/14312998","targetHints":{"allow":["GET"]}}],"collection":[{"href":"https:\/\/www.upo.es\/diario\/wp-json\/wp\/v2\/posts"}],"about":[{"href":"https:\/\/www.upo.es\/diario\/wp-json\/wp\/v2\/types\/post"}],"author":[{"embeddable":true,"href":"https:\/\/www.upo.es\/diario\/wp-json\/wp\/v2\/users\/6"}],"replies":[{"embeddable":true,"href":"https:\/\/www.upo.es\/diario\/wp-json\/wp\/v2\/comments?post=14312998"}],"version-history":[{"count":5,"href":"https:\/\/www.upo.es\/diario\/wp-json\/wp\/v2\/posts\/14312998\/revisions"}],"predecessor-version":[{"id":14313004,"href":"https:\/\/www.upo.es\/diario\/wp-json\/wp\/v2\/posts\/14312998\/revisions\/14313004"}],"wp:featuredmedia":[{"embeddable":true,"href":"https:\/\/www.upo.es\/diario\/wp-json\/wp\/v2\/media\/14313002"}],"wp:attachment":[{"href":"https:\/\/www.upo.es\/diario\/wp-json\/wp\/v2\/media?parent=14312998"}],"wp:term":[{"taxonomy":"category","embeddable":true,"href":"https:\/\/www.upo.es\/diario\/wp-json\/wp\/v2\/categories?post=14312998"},{"taxonomy":"post_tag","embeddable":true,"href":"https:\/\/www.upo.es\/diario\/wp-json\/wp\/v2\/tags?post=14312998"}],"curies":[{"name":"wp","href":"https:\/\/api.w.org\/{rel}","templated":true}]}}