{"id":14313011,"date":"2016-07-12T14:38:21","date_gmt":"2016-07-12T14:38:21","guid":{"rendered":"https:\/\/www.upo.es\/diario\/?p=14313011"},"modified":"2016-07-13T09:42:58","modified_gmt":"2016-07-13T09:42:58","slug":"el-turismo-que-visita-el-parque-natural-de-sierra-de-aracena-y-picos-de-aroche-es-muy-respetuoso","status":"publish","type":"post","link":"https:\/\/www.upo.es\/diario\/cursos-verano\/2016\/07\/el-turismo-que-visita-el-parque-natural-de-sierra-de-aracena-y-picos-de-aroche-es-muy-respetuoso\/","title":{"rendered":"\u201cEl turismo que visita el Parque Natural de Sierra de Aracena y Picos de Aroche es muy respetuoso\u201d"},"content":{"rendered":"<figure id=\"attachment_14313243\" aria-describedby=\"caption-attachment-14313243\" style=\"width: 600px\" class=\"wp-caption aligncenter\"><a href=\"https:\/\/www.upo.es\/diario\/wp-content\/uploads\/2016\/07\/Maria-Jose-Cortil.jpg\"><img loading=\"lazy\" decoding=\"async\" class=\"size-large wp-image-14313243\" alt=\"Mar\u00eda Jos\u00e9 Cortil, presidenta de la Junta Rectora del Parque Natural\" src=\"https:\/\/www.upo.es\/diario\/wp-content\/uploads\/2016\/07\/Maria-Jose-Cortil-600x355.jpg\" width=\"600\" height=\"355\" srcset=\"https:\/\/www.upo.es\/diario\/wp-content\/uploads\/2016\/07\/Maria-Jose-Cortil-600x355.jpg 600w, https:\/\/www.upo.es\/diario\/wp-content\/uploads\/2016\/07\/Maria-Jose-Cortil-320x189.jpg 320w, https:\/\/www.upo.es\/diario\/wp-content\/uploads\/2016\/07\/Maria-Jose-Cortil.jpg 1140w\" sizes=\"auto, (max-width: 600px) 100vw, 600px\" \/><\/a><figcaption id=\"caption-attachment-14313243\" class=\"wp-caption-text\">Mar\u00eda Jos\u00e9 Cortil, presidenta de la Junta Rectora del Parque Natural<\/figcaption><\/figure>\n<p>El turismo que visita el Parque Natural Sierra de Aracena y Picos de Aroche es respetuoso con el Medio Ambiente.<strong> As\u00ed lo asegura Mar\u00eda Jos\u00e9 Cortil Flores, presidenta de la Junta Rectora del Parque Natural de Sierra de Aracena y Picos de Aroche, quien sostiene adem\u00e1s que el visitante que acude a este paraje natural est\u00e1 concienciado de que es un espacio protegido<\/strong>. \u201cConsideramos que la declaraci\u00f3n como parque natural en 1989 ha supuesto un atractivo para el turismo y anualmente se incrementan las visitas\u201d, puntualiza la presidenta.<\/p>\n<p><strong>Mar\u00eda Jos\u00e9 Cortil ha participaci\u00f3n en el curso de verano \u201cCambio clim\u00e1tico, una perspectiva desde Andaluc\u00eda\u201d<\/strong> que se inaugur\u00f3 ayer en la sede de la Universidad Pablo de Olavide en Carmona \u2013 Rectora Rosario Valpuesta, dentro de la XIV edici\u00f3n de los Cursos de Verano de la Universidad Pablo de Olavide. Dicho seminario est\u00e1 patrocinado por la Consejer\u00eda de Medio Ambiente y Ordenaci\u00f3n del Territorio, la Diputaci\u00f3n de Sevilla y la Fundaci\u00f3n Cajasol.<\/p>\n<p>Aunque a\u00fan hay que vencer cierta estacionalidad, el turismo supone una fuente de recursos importante para la poblaci\u00f3n que vive en el parque natural. Por ello, \u201cvelamos porque se ofrezca una imagen de calidad ambiental de nuestro territorio, mejorando la oferta de equipamientos de uso p\u00fablico, la limpieza y calidad de los servicios\u201d, seg\u00fan Mar\u00eda Jos\u00e9 Cortil.<\/p>\n<p>Ubicado en el extremo occidental de Sierra Morena y al norte de la provincia de Huelva, el Parque Natural Sierra de Aracena y Picos de Aroche se caracteriza por poseer una extensa masa forestal, una alta pluviosidad, un clima suave y amplio un patrimonio natural y cultural que despierta la curiosidad y el inter\u00e9s del visitante. Las amplias dehesas que predominan en este entorno serrano han favorecido la cr\u00eda del cerdo ib\u00e9rico, alrededor de la cual se ha levantado una industria que sustenta la econom\u00eda de pueblos como el de Cumbres Mayores o Jabugo.<\/p>\n<p>El paisaje cambia en funci\u00f3n de la altitud y humedad. Las dehesas pobladas de encinas son sustituidas por alcornoques en unas zonas, mientras que en las de mayor altitud son frecuentes los bosques de robles rebollos, como en el paraje de la Solana de los Bonales; en cambio, en poblaciones como Fuenteheridos, Galaroza o Casta\u00f1o del Robledo el paisaje est\u00e1 conformado por casta\u00f1os; y en cauces de r\u00edos como el M\u00fartigas por bosques galer\u00edas donde abundan \u00e1rboles de gran porte como chopos, fresnos, sauces y alisos, junto con zarzas y plantas trepadoras.<\/p>\n<p>Aunque no se disponen de estudios espec\u00edficos sobre las consecuencias que derivan del cambio clim\u00e1tico en este espacio natural, la presidenta de la Junta Rectora del parque se\u00f1ala que han aparecido nuevas enfermedades en el casta\u00f1ar, hasta ahora desconocidas, como el chancro, que afecta a unas 100 hect\u00e1reas aproximadamente, y la tinta. Adem\u00e1s, nuevas afecciones de plagas como la avispilla han comenzado a afectar a los casta\u00f1ares de M\u00e1laga.<\/p>\n<p>Por otro lado, la cada vez mayor importancia en la afecci\u00f3n de la \u2018seca\u2019 o decaimiento de las dehesas. Con el t\u00e9rmino \u2018seca\u2019 se designa com\u00fanmente una enfermedad que provoca el decaimiento y muerte de las encinas y alcornoques de dehesas y montes. Cuando se habla de la seca se hace referencia a un s\u00edntoma que se observa en la parte a\u00e9rea de los \u00e1rboles. En este caso, la enfermedad provoca la p\u00e9rdida progresiva de las hojas, con s\u00edntomas parecidos a los de la sequ\u00eda.<\/p>\n<p>Mar\u00eda Jos\u00e9 Cortil ha manifestado que la \u2018seca\u2019 es un \u201cfactor important\u00edsimo en la afecci\u00f3n del cambio clim\u00e1tico en el parque natural. Se estima que 5.000 \u00e1rboles han sido cortados por esta enfermedad, con mayor incidencia en la zona perimetral, donde las lluvias son menores. En este sentido, tenemos una iniciativa muy interesante, que es un plan de lucha contra la \u2018seca\u2019, que consiste en entregar plantones de encinas a propietarios de fincas que hayan cortado \u00e1rboles por esta causa\u201d.<\/p>\n<p>Para finalizar, la presidenta de la Junta Rectora del Parque Natural de Sierra de Aracena y Picos de Aroche considera que las medidas tomadas por la administraci\u00f3n auton\u00f3mica \u201cson suficientes para garantizar la conservaci\u00f3n de esta zona y deben seguir foment\u00e1ndose, ya que no podemos olvidar la importancia que adquieren estos espacios naturales en la mitigaci\u00f3n del cambio clim\u00e1tico, como almac\u00e9n natural y absorci\u00f3n de carbono\u201d.<\/p>\n","protected":false},"excerpt":{"rendered":"<p>El turismo que visita el Parque Natural Sierra de Aracena y Picos de Aroche es respetuoso con el Medio Ambiente. As\u00ed lo asegura Mar\u00eda Jos\u00e9 Cortil Flores, presidenta de la Junta Rectora del Parque Natural de Sierra de Aracena y Picos de Aroche, quien sostiene adem\u00e1s que el visitante que acude a este paraje natural est\u00e1 concienciado de que es un espacio protegido. \u201cConsideramos que la declaraci\u00f3n como parque natural en 1989 ha supuesto un atractivo para el turismo y anualmente se incrementan las visitas\u201d, puntualiza la presidenta. <\/p>\n","protected":false},"author":6,"featured_media":14328929,"comment_status":"closed","ping_status":"open","sticky":false,"template":"","format":"standard","meta":{"_monsterinsights_skip_tracking":false,"_monsterinsights_sitenote_active":false,"_monsterinsights_sitenote_note":"","_monsterinsights_sitenote_category":0,"footnotes":""},"categories":[729],"tags":[190,593,23,22,429,519,832,811],"class_list":["post-14313011","post","type-post","status-publish","format-standard","has-post-thumbnail","hentry","category-cursos-verano","tag-andalucia","tag-cambio-climatico","tag-carmona","tag-cursos-de-verano","tag-medio-ambiente","tag-olavide-en-carmona","tag-sostenibilidad","tag-turismo"],"_links":{"self":[{"href":"https:\/\/www.upo.es\/diario\/wp-json\/wp\/v2\/posts\/14313011","targetHints":{"allow":["GET"]}}],"collection":[{"href":"https:\/\/www.upo.es\/diario\/wp-json\/wp\/v2\/posts"}],"about":[{"href":"https:\/\/www.upo.es\/diario\/wp-json\/wp\/v2\/types\/post"}],"author":[{"embeddable":true,"href":"https:\/\/www.upo.es\/diario\/wp-json\/wp\/v2\/users\/6"}],"replies":[{"embeddable":true,"href":"https:\/\/www.upo.es\/diario\/wp-json\/wp\/v2\/comments?post=14313011"}],"version-history":[{"count":6,"href":"https:\/\/www.upo.es\/diario\/wp-json\/wp\/v2\/posts\/14313011\/revisions"}],"predecessor-version":[{"id":14328224,"href":"https:\/\/www.upo.es\/diario\/wp-json\/wp\/v2\/posts\/14313011\/revisions\/14328224"}],"wp:featuredmedia":[{"embeddable":true,"href":"https:\/\/www.upo.es\/diario\/wp-json\/wp\/v2\/media\/14328929"}],"wp:attachment":[{"href":"https:\/\/www.upo.es\/diario\/wp-json\/wp\/v2\/media?parent=14313011"}],"wp:term":[{"taxonomy":"category","embeddable":true,"href":"https:\/\/www.upo.es\/diario\/wp-json\/wp\/v2\/categories?post=14313011"},{"taxonomy":"post_tag","embeddable":true,"href":"https:\/\/www.upo.es\/diario\/wp-json\/wp\/v2\/tags?post=14313011"}],"curies":[{"name":"wp","href":"https:\/\/api.w.org\/{rel}","templated":true}]}}