{"id":14347613,"date":"2016-07-15T04:45:46","date_gmt":"2016-07-15T04:45:46","guid":{"rendered":"https:\/\/www.upo.es\/diario\/?p=14347613"},"modified":"2016-07-15T04:45:50","modified_gmt":"2016-07-15T04:45:50","slug":"el-guitarrista-manolo-sanlucar-cierra-hoy-el-curso-sobre-el-flamenco-y-las-bellas-artes","status":"publish","type":"post","link":"https:\/\/www.upo.es\/diario\/institucional\/2016\/07\/el-guitarrista-manolo-sanlucar-cierra-hoy-el-curso-sobre-el-flamenco-y-las-bellas-artes\/","title":{"rendered":"El guitarrista Manolo Sanl\u00facar cierra hoy el curso sobre el flamenco y las bellas artes"},"content":{"rendered":"<figure id=\"attachment_14347615\" aria-describedby=\"caption-attachment-14347615\" style=\"width: 320px\" class=\"wp-caption alignright\"><img loading=\"lazy\" decoding=\"async\" class=\"size-medium wp-image-14347615\" alt=\"Manolo Sanl\u00facar \" src=\"https:\/\/www.upo.es\/diario\/wp-content\/uploads\/2016\/07\/manolo_sanlucar-320x213.jpg\" width=\"320\" height=\"213\" srcset=\"https:\/\/www.upo.es\/diario\/wp-content\/uploads\/2016\/07\/manolo_sanlucar-320x213.jpg 320w, https:\/\/www.upo.es\/diario\/wp-content\/uploads\/2016\/07\/manolo_sanlucar-600x400.jpg 600w, https:\/\/www.upo.es\/diario\/wp-content\/uploads\/2016\/07\/manolo_sanlucar.jpg 1600w\" sizes=\"auto, (max-width: 320px) 100vw, 320px\" \/><figcaption id=\"caption-attachment-14347615\" class=\"wp-caption-text\">Manolo Sanl\u00facar<\/figcaption><\/figure>\n<p>Hoy viernes <b>contin\u00faa el curso \u201cEl flamenco y las bellas artes. Formaci\u00f3n complementaria\u201d<\/b> en el aula 2 de la casa palacio de los Briones. La encargada de abrir la jornada ser\u00e1 Dolores Pantoja Guerrero, cr\u00edtica de teatro de <i>El Correo de Andaluc\u00eda<\/i> y doctoranda en Ciencias de la Comunicaci\u00f3n, quien disertar\u00e1 sobre \u201cEl cante flamenco, un arte esc\u00e9nica singular. Entre el rito y la representaci\u00f3n\u201d. A las 10 horas ser\u00e1 el turno de Rosal\u00eda G\u00f3mez., periodista cultural, adem\u00e1s de fil\u00f3loga hisp\u00e1nica e italiana, quien hablar\u00e1 sobre \u201cEl flamenco y la escena contempor\u00e1nea\u201d. A las 11,30 horas dar\u00e1 inicio la conferencia \u201cEl quej\u00edo rebelde. Flamenco y lucha antifranquista en los primeros montajes del Teatro Estudio Lebrijano y de La Cuadra (1971- 1975)\u201d, que correr\u00e1 a cargo de Francesca Ceccherini, doctorada en flamenco y en estudios teatrales y cinematogr\u00e1ficos. Para finalizar el seminario, a las 12:30 horas comenzar\u00e1 un \u201cMano a mano y suena la m\u00fasica. Un di\u00e1logo entre Manolo Sanl\u00facar y Juan Manuel Su\u00e1rez Jap\u00f3n\u201d que contar\u00e1 con la participaci\u00f3n de Manolo Sanl\u00facar, guitarrista flamenco y compositor y Juan Manuel Su\u00e1rez Jap\u00f3n, flamenc\u00f3logo y catedr\u00e1tico de Geograf\u00eda Humana de la Universidad Pablo de Olavide.<\/p>\n<p>Por otro lado sigue celebr\u00e1ndose en Carmona el curso<b> \u201cVinos de Andaluc\u00eda, sus maridajes y sus levaduras. 1\u00aa edici\u00f3n: vinos de Montilla-Moriles\u201d<\/b>. En primer lugar, a las 9:30 horas comenzar\u00e1 una conferencia sobre la \u201cIntroducci\u00f3n a los nuevos vinos\u201d, impartida por Andr\u00e9s Garz\u00f3n, profesor titular de Gen\u00e9tica de la Universidad Pablo de Olavide y miembro del Colectivo Olavidium. A las 10 horas se iniciar\u00e1 la conferencia \u201cUvas sin pesticidas: tratamientos biol\u00f3gicos\u201d, que correr\u00e1 a cargo de Tah\u00eda Ben\u00edtez, catedr\u00e1tica de Gen\u00e9tica de la Universidad de Sevilla. M\u00e1s tarde, a las 11 horas habr\u00e1 una ponencia: \u201cEl papel de las distintas levaduras en la fermentaci\u00f3n\u201d, de la que se encargar\u00e1 Amparo Querol, investigadora del Instituto de Agroqu\u00edmica y Tecnolog\u00eda de los Alimentos (CSIC) de Valencia. Y a las 12 horas se abordar\u00e1 la tem\u00e1tica de los \u201cVinos sin aditivos, de la ciencia a la mesa\u201d, conferencia de la que se encargar\u00e1 Juan Jim\u00e9nez Mart\u00ednez, catedr\u00e1tico de Gen\u00e9tica en la Universidad Pablo de Olavide y presidente del Colectivo Olavidium, al que acompa\u00f1ar\u00e1 Antonio Suarez Hidalgo, sumiller y responsable del \u00e1rea de Enolog\u00eda y Cata de la Escuela Superior de Hosteler\u00eda de Sevilla. La conferencia se acompa\u00f1ar\u00e1 de una cata-maridaje de Olavidium. A las 13 horas, los alumnos saldr\u00e1n para Montilla, donde visitar\u00e1n las Bodegas Robles. Una vez acabada la visita, a las 14\u201930, se analizar\u00e1n los \u201cVinos ecol\u00f3gicos y naturales\u201d, a cargo de Francisco Robles, gerente de Bodegas Robles Roc\u00edo M\u00e1rquez, t\u00e9cnico de Bodegas Robles. Para finalizar el curso, a las 15\u201900 horas, se llevar\u00e1 a cabo el taller \u201cDebate abierto durante la cata y maridaje de los nuevos vinos de Montilla-Moriles\u201d, que estar\u00e1 coordinado por Ignacio Ibeas, investigador principal del Centro Andaluz de Biolog\u00eda del Desarrollo.<\/p>\n<p>&nbsp;<\/p>\n","protected":false},"excerpt":{"rendered":"<p>Con \u201cMano a mano y suena la m\u00fasica. Un di\u00e1logo entre Manolo Sanl\u00facar y Juan Manuel Su\u00e1rez Jap\u00f3n\u201d que contar\u00e1 con la participaci\u00f3n de Manolo Sanl\u00facar, guitarrista flamenco y compositor y Juan Manuel Su\u00e1rez Jap\u00f3n, flamenc\u00f3logo y catedr\u00e1tico de Geograf\u00eda Humana de la Universidad Pablo de Olavide.<\/p>\n","protected":false},"author":6,"featured_media":0,"comment_status":"closed","ping_status":"open","sticky":false,"template":"","format":"standard","meta":{"_monsterinsights_skip_tracking":false,"_monsterinsights_sitenote_active":false,"_monsterinsights_sitenote_note":"","_monsterinsights_sitenote_category":0,"footnotes":""},"categories":[6],"tags":[190,23,22,93,519,3373],"class_list":["post-14347613","post","type-post","status-publish","format-standard","hentry","category-institucional","tag-andalucia","tag-carmona","tag-cursos-de-verano","tag-flamenco","tag-olavide-en-carmona","tag-vino"],"_links":{"self":[{"href":"https:\/\/www.upo.es\/diario\/wp-json\/wp\/v2\/posts\/14347613","targetHints":{"allow":["GET"]}}],"collection":[{"href":"https:\/\/www.upo.es\/diario\/wp-json\/wp\/v2\/posts"}],"about":[{"href":"https:\/\/www.upo.es\/diario\/wp-json\/wp\/v2\/types\/post"}],"author":[{"embeddable":true,"href":"https:\/\/www.upo.es\/diario\/wp-json\/wp\/v2\/users\/6"}],"replies":[{"embeddable":true,"href":"https:\/\/www.upo.es\/diario\/wp-json\/wp\/v2\/comments?post=14347613"}],"version-history":[{"count":5,"href":"https:\/\/www.upo.es\/diario\/wp-json\/wp\/v2\/posts\/14347613\/revisions"}],"predecessor-version":[{"id":14347618,"href":"https:\/\/www.upo.es\/diario\/wp-json\/wp\/v2\/posts\/14347613\/revisions\/14347618"}],"wp:attachment":[{"href":"https:\/\/www.upo.es\/diario\/wp-json\/wp\/v2\/media?parent=14347613"}],"wp:term":[{"taxonomy":"category","embeddable":true,"href":"https:\/\/www.upo.es\/diario\/wp-json\/wp\/v2\/categories?post=14347613"},{"taxonomy":"post_tag","embeddable":true,"href":"https:\/\/www.upo.es\/diario\/wp-json\/wp\/v2\/tags?post=14347613"}],"curies":[{"name":"wp","href":"https:\/\/api.w.org\/{rel}","templated":true}]}}