{"id":14347619,"date":"2016-07-14T08:02:36","date_gmt":"2016-07-14T08:02:36","guid":{"rendered":"https:\/\/www.upo.es\/diario\/?p=14347619"},"modified":"2016-07-14T12:03:28","modified_gmt":"2016-07-14T12:03:28","slug":"suarez-japon-las-penas-han-jugado-un-papel-muy-relevante-en-la-historia-del-flamenco","status":"publish","type":"post","link":"https:\/\/www.upo.es\/diario\/cursos-verano\/2016\/07\/suarez-japon-las-penas-han-jugado-un-papel-muy-relevante-en-la-historia-del-flamenco\/","title":{"rendered":"Su\u00e1rez Jap\u00f3n: \u201cLas pe\u00f1as han jugado un papel muy relevante en la historia del flamenco\u201d"},"content":{"rendered":"<figure id=\"attachment_14347621\" aria-describedby=\"caption-attachment-14347621\" style=\"width: 213px\" class=\"wp-caption alignright\"><a href=\"https:\/\/www.upo.es\/diario\/wp-content\/uploads\/2016\/07\/Suarez-Japon.jpg\"><img loading=\"lazy\" decoding=\"async\" class=\"size-medium wp-image-14347621\" alt=\"Juan Manuel Suarez Jap\u00f3n \" src=\"https:\/\/www.upo.es\/diario\/wp-content\/uploads\/2016\/07\/Suarez-Japon-213x320.jpg\" width=\"213\" height=\"320\" srcset=\"https:\/\/www.upo.es\/diario\/wp-content\/uploads\/2016\/07\/Suarez-Japon-213x320.jpg 213w, https:\/\/www.upo.es\/diario\/wp-content\/uploads\/2016\/07\/Suarez-Japon-400x600.jpg 400w, https:\/\/www.upo.es\/diario\/wp-content\/uploads\/2016\/07\/Suarez-Japon-600x898.jpg 600w, https:\/\/www.upo.es\/diario\/wp-content\/uploads\/2016\/07\/Suarez-Japon.jpg 684w\" sizes=\"auto, (max-width: 213px) 100vw, 213px\" \/><\/a><figcaption id=\"caption-attachment-14347621\" class=\"wp-caption-text\">Juan Manuel Suarez Jap\u00f3n<\/figcaption><\/figure>\n<p>El flamenc\u00f3logo Juan Manuel Suarez Jap\u00f3n ha declarado abiertamente el importante papel que han tenido, y contin\u00faan teniendo, las pe\u00f1as a lo largo de la historia del flamenco del \u00faltimo siglo. Al respecto, adem\u00e1s, ha comentado que <strong>\u201csiguen siendo el reflejo de los aficionados que trabajan por este arte, tanto en Andaluc\u00eda como fuera de ella\u201d<\/strong>. \u00a0Sin embargo, tambi\u00e9n ha aprovechado la ocasi\u00f3n para afirmar que \u201ces innegable que dichas pe\u00f1as tienen escasa presencia de j\u00f3venes y una excesiva dependencia de dinero p\u00fablico\u201d.<\/p>\n<p><strong>Suarez Jap\u00f3n ha realizado estas declaraciones con motivo de su participaci\u00f3n en el curso \u201cEl flamenco y las bellas artes. Formaci\u00f3n complementaria\u201d<\/strong>, que se inaugur\u00f3 este mi\u00e9rcoles en la sede de la Universidad Pablo de Olavide en Carmona en el marco de la XIV edici\u00f3n de los cursos de verano. Juan Manuel participar\u00e1 ma\u00f1ana en un \u201cMano a mano y suena la m\u00fasica\u201d con el guitarrista flamenco y compositor Manolo Sanl\u00facar.<\/p>\n<p>El catedr\u00e1tico de Geograf\u00eda Humana de la Universidad Pablo de Olavide ha asegurado que \u201cpoco a poco el flamenco y sus int\u00e9rpretes van alcanzando el reconocimiento que merecen\u201d. En este sentido, ha afirmado que este arte \u201cya comienza a tener seguidores por todas partes del mundo y que se puede decir que va superando las r\u00e9moras de incomprensi\u00f3n y desconocimiento que durante gran parte de su historia le acompa\u00f1aron\u201d. A pesar de estas alentadoras palabras, tambi\u00e9n reconoce que, \u201caun quedan resabios en ciertos mundos acad\u00e9micos, aunque -afirma- nada comparables con la situaci\u00f3n del siglo pasado\u201d.<\/p>\n<p>Sevillano, catedr\u00e1tico, pol\u00edtico y flamenc\u00f3logo. Suarez Jap\u00f3n cuenta con una amplia experiencia en el mundo de la docencia como profesor universitario en C\u00e1diz y C\u00f3rdoba; ha sido rector de la Universidad Internacional de Andaluc\u00eda y en la actualidad es catedr\u00e1tico de Geograf\u00eda Humana de la Universidad Pablo de Olavide. Adem\u00e1s, fue consejero de Educaci\u00f3n y Medio Ambiente de la Junta de Andaluc\u00eda. En relaci\u00f3n al flamenco, es un reconocido estudioso de la materia y ha escrito numerosos art\u00edculos y libros sobre este arte. Muy vinculado al pueblo que lo vio nacer, Coria del R\u00edo, sus actuales trabajos versan sobre el apellido Jap\u00f3n en la localidad y la cultura japonesa.<\/p>\n<p>Con respecto a si el flamenco est\u00e1 lo suficientemente reconocido en Andaluc\u00eda, ha admitido \u201cque se han dado pasos notables\u201d en este sentido, especialmente cuando se entendi\u00f3 que \u201cel flamenco se deb\u00eda tener en cuenta como se\u00f1a de identidad que acentuara nuestra personalidad en el marco espa\u00f1ol\u201d haciendo referencia al reconocimiento del flamenco como parte del patrimonio cultural andaluz dentro del Estatuto de Autonom\u00eda.<\/p>\n<p>Por otro lado, tambi\u00e9n ha hablado sobre lo que ha supuesto para el mundo del flamenco el reconocimiento como Patrimonio de la Humanidad. A este respecto, el catedr\u00e1tico ha manifestado que \u201cha reconocido de derecho lo que ya era una realidad de hecho: el flamenco era una muestra cultural de valor mundial\u201d. Sin embargo, tambi\u00e9n ha recalcado que este nombramiento ha supuesto \u201ccierta desilusi\u00f3n entre profesionales porque creyeron que la Unesco aportar\u00eda al flamenco dinero y opciones de trabajo que no han llegado\u201d.<\/p>\n<p>Sobre si considera que existe creatividad entre los artistas flamencos hoy d\u00eda, ha dado un s\u00ed rotundo y ha a\u00f1adido al respecto \u201cque pocas veces en la historia del flamenco se muestra un panel de artista de tanta cantidad y calidad\u201d. Asimismo, tambi\u00e9n ha admitido que esto viene ocasionado, en gran medida, entre otros factores, porque el mercado ha ido relegando a aquellos que se limitaban a repetir sin m\u00e1s las herencias aprendidas\u201d.<\/p>\n<p>Para concluir, ha argumentado que ser\u00eda necesario desarrollar pol\u00edticas que fomentaran la difusi\u00f3n y el conocimiento del flamenco y ha aludido a que \u201ca pesar de que, ciertamente, en el campo de las ense\u00f1anzas no universitarias se han dado t\u00edmidos pasos, no entiende como a\u00fan existe ese hueco acad\u00e9mico sin cubrir en la universidad\u201d.<\/p>\n","protected":false},"excerpt":{"rendered":"<p>El flamenc\u00f3logo Juan Manuel Suarez Jap\u00f3n ha declarado abiertamente el importante papel que han tenido, y contin\u00faan teniendo, las pe\u00f1as a lo largo de la historia del flamenco del \u00faltimo siglo. Al respecto, adem\u00e1s, ha comentado que \u201csiguen siendo el reflejo de los aficionados que trabajan por este arte, tanto en Andaluc\u00eda como fuera de ella\u201d.  Sin embargo, tambi\u00e9n ha aprovechado la ocasi\u00f3n para afirmar que \u201ces innegable que dichas pe\u00f1as tienen escasa presencia de j\u00f3venes y una excesiva dependencia de dinero p\u00fablico\u201d. <\/p>\n","protected":false},"author":6,"featured_media":0,"comment_status":"closed","ping_status":"open","sticky":false,"template":"","format":"standard","meta":{"_monsterinsights_skip_tracking":false,"_monsterinsights_sitenote_active":false,"_monsterinsights_sitenote_note":"","_monsterinsights_sitenote_category":0,"footnotes":""},"categories":[729],"tags":[190,23,22,93,150,402,519],"class_list":["post-14347619","post","type-post","status-publish","format-standard","hentry","category-cursos-verano","tag-andalucia","tag-carmona","tag-cursos-de-verano","tag-flamenco","tag-historia","tag-musica","tag-olavide-en-carmona"],"_links":{"self":[{"href":"https:\/\/www.upo.es\/diario\/wp-json\/wp\/v2\/posts\/14347619","targetHints":{"allow":["GET"]}}],"collection":[{"href":"https:\/\/www.upo.es\/diario\/wp-json\/wp\/v2\/posts"}],"about":[{"href":"https:\/\/www.upo.es\/diario\/wp-json\/wp\/v2\/types\/post"}],"author":[{"embeddable":true,"href":"https:\/\/www.upo.es\/diario\/wp-json\/wp\/v2\/users\/6"}],"replies":[{"embeddable":true,"href":"https:\/\/www.upo.es\/diario\/wp-json\/wp\/v2\/comments?post=14347619"}],"version-history":[{"count":4,"href":"https:\/\/www.upo.es\/diario\/wp-json\/wp\/v2\/posts\/14347619\/revisions"}],"predecessor-version":[{"id":14347624,"href":"https:\/\/www.upo.es\/diario\/wp-json\/wp\/v2\/posts\/14347619\/revisions\/14347624"}],"wp:attachment":[{"href":"https:\/\/www.upo.es\/diario\/wp-json\/wp\/v2\/media?parent=14347619"}],"wp:term":[{"taxonomy":"category","embeddable":true,"href":"https:\/\/www.upo.es\/diario\/wp-json\/wp\/v2\/categories?post=14347619"},{"taxonomy":"post_tag","embeddable":true,"href":"https:\/\/www.upo.es\/diario\/wp-json\/wp\/v2\/tags?post=14347619"}],"curies":[{"name":"wp","href":"https:\/\/api.w.org\/{rel}","templated":true}]}}