{"id":14413561,"date":"2016-07-18T07:47:00","date_gmt":"2016-07-18T07:47:00","guid":{"rendered":"https:\/\/www.upo.es\/diario\/?p=14413561"},"modified":"2016-07-18T07:59:40","modified_gmt":"2016-07-18T07:59:40","slug":"la-upo-organiza-unas-jornadas-sobre-el-nuevo-regimen-juridico-del-sector-publico","status":"publish","type":"post","link":"https:\/\/www.upo.es\/diario\/infoupo\/2016\/07\/la-upo-organiza-unas-jornadas-sobre-el-nuevo-regimen-juridico-del-sector-publico\/","title":{"rendered":"La UPO organiza unas jornadas sobre el nuevo r\u00e9gimen jur\u00eddico del sector p\u00fablico"},"content":{"rendered":"<p><img loading=\"lazy\" decoding=\"async\" class=\"aligncenter size-large wp-image-14413563\" alt=\"Jornadas sobre las nuevas leyes de procedimiento y r\u00e9gimen jur\u00eddico del sector p\u00fablico  | El 22 y 23 de septiembre en el Paraninfo de la UPO\" src=\"https:\/\/www.upo.es\/diario\/wp-content\/uploads\/2016\/07\/jorn-leyes-proced-juridico-600x107.jpg\" width=\"600\" height=\"107\" srcset=\"https:\/\/www.upo.es\/diario\/wp-content\/uploads\/2016\/07\/jorn-leyes-proced-juridico-600x107.jpg 600w, https:\/\/www.upo.es\/diario\/wp-content\/uploads\/2016\/07\/jorn-leyes-proced-juridico-320x57.jpg 320w, https:\/\/www.upo.es\/diario\/wp-content\/uploads\/2016\/07\/jorn-leyes-proced-juridico.jpg 792w\" sizes=\"auto, (max-width: 600px) 100vw, 600px\" \/>El pr\u00f3ximo mes de octubre entran en vigor las leyes <a href=\"https:\/\/www.boe.es\/diario_boe\/txt.php?id=BOE-A-2015-10565\">39\/2015, de 1 de octubre, del Procedimiento Administrativo Com\u00fan de las Administraciones P\u00fablicas<\/a>, y <a href=\"https:\/\/www.boe.es\/diario_boe\/txt.php?id=BOE-A-2015-10566\">40\/2015, de 1 de octubre, de R\u00e9gimen Jur\u00eddico del Sector P\u00fablico<\/a>. La entrada en vigor de estas normas obliga a operadores jur\u00eddicos y empleados p\u00fablicos a una actualizaci\u00f3n de sus conocimientos y con este prop\u00f3sito la Universidad Pablo de Olavide organiza las <b>Jornadas sobre las nuevas leyes de procedimiento y r\u00e9gimen jur\u00eddico del sector p\u00fablico<\/b> que, con destacados especialistas en la materia, tendr\u00e1n lugar <b>en el Paraninfo de la UPO los d\u00edas 22 y 23 de septiembre de 2016<\/b>. La asistencia a las Jornadas, previa inscripci\u00f3n y confirmaci\u00f3n de plaza, es gratuita.<\/p>\n<p>Las principales novedades de la nueva legislaci\u00f3n en el sector p\u00fablico vienen, adem\u00e1s de la derogaci\u00f3n de la Ley 30\/1992, de 26 de noviembre, de R\u00e9gimen Jur\u00eddico de las Administraciones P\u00fablicas y del Procedimiento Administrativo Com\u00fan, de la apuesta por la implantaci\u00f3n de la administraci\u00f3n electr\u00f3nica. Las Jornadas prestan especial atenci\u00f3n a esta cuesti\u00f3n con ponencias como \u2018El deber de relacionarse por medios electr\u00f3nicos. Identificaci\u00f3n, firma y apoderamiento\u2019 o \u2018Administraci\u00f3n electr\u00f3nica: punto de acceso, sede, procedimiento y \u00f3rganos colegiados\u2019 si bien en su programa se tratar\u00e1n tambi\u00e9n las principales novedades de procedimiento administrativo que implica la nueva legislaci\u00f3n.<\/p>\n<p>Aunque dirigidas al personal de la Universidad Pablo de Olavide, la asistencia est\u00e1 abierta a empleados p\u00fablicos de otras universidades y administraciones as\u00ed como a profesionales del Derecho. Las Jornadas son gratuitas y han sido organizadas en el marco del Plan de Formaci\u00f3n del Personal de Administraci\u00f3n y Servicios de la UPO, con la coordinaci\u00f3n acad\u00e9mica del profesor Francisco Toscano Gil. El aforo es limitado, existiendo reserva de plazas para el PAS de la Universidad.<\/p>\n<p><b>M\u00e1s informaci\u00f3n e inscripciones:<\/b> <a href=\"https:\/\/www.upo.es\/jornadas\/procedimiento\/\">www.upo.es\/jornadas\/procedimiento<\/a><\/p>\n","protected":false},"excerpt":{"rendered":"<p>El pr\u00f3ximo mes de octubre entran en vigor las leyes 39\/2015, de 1 de octubre, del Procedimiento Administrativo Com\u00fan de las Administraciones P\u00fablicas, y 40\/2015, de 1 de octubre, de R\u00e9gimen Jur\u00eddico del Sector P\u00fablico. La entrada en vigor de estas normas obliga a operadores jur\u00eddicos y empleados p\u00fablicos a una actualizaci\u00f3n de sus conocimientos y con este prop\u00f3sito la Universidad Pablo de Olavide organiza las Jornadas sobre las nuevas leyes de procedimiento y r\u00e9gimen jur\u00eddico del sector p\u00fablico que, con destacados especialistas en la materia, tendr\u00e1n lugar en el Paraninfo de la UPO los d\u00edas 22 y 23 de septiembre de 2016. La asistencia a las Jornadas, previa inscripci\u00f3n y confirmaci\u00f3n de plaza, es gratuita.<\/p>\n","protected":false},"author":6,"featured_media":0,"comment_status":"closed","ping_status":"open","sticky":false,"template":"","format":"standard","meta":{"_monsterinsights_skip_tracking":false,"_monsterinsights_sitenote_active":false,"_monsterinsights_sitenote_note":"","_monsterinsights_sitenote_category":0,"footnotes":""},"categories":[5],"tags":[490,141,87,328,2088,461,1684,682],"class_list":["post-14413561","post","type-post","status-publish","format-standard","hentry","category-infoupo","tag-administracion","tag-curso","tag-derecho","tag-formacion-permanente","tag-legislacion","tag-ley","tag-paraninfo","tag-pas"],"_links":{"self":[{"href":"https:\/\/www.upo.es\/diario\/wp-json\/wp\/v2\/posts\/14413561","targetHints":{"allow":["GET"]}}],"collection":[{"href":"https:\/\/www.upo.es\/diario\/wp-json\/wp\/v2\/posts"}],"about":[{"href":"https:\/\/www.upo.es\/diario\/wp-json\/wp\/v2\/types\/post"}],"author":[{"embeddable":true,"href":"https:\/\/www.upo.es\/diario\/wp-json\/wp\/v2\/users\/6"}],"replies":[{"embeddable":true,"href":"https:\/\/www.upo.es\/diario\/wp-json\/wp\/v2\/comments?post=14413561"}],"version-history":[{"count":3,"href":"https:\/\/www.upo.es\/diario\/wp-json\/wp\/v2\/posts\/14413561\/revisions"}],"predecessor-version":[{"id":14413565,"href":"https:\/\/www.upo.es\/diario\/wp-json\/wp\/v2\/posts\/14413561\/revisions\/14413565"}],"wp:attachment":[{"href":"https:\/\/www.upo.es\/diario\/wp-json\/wp\/v2\/media?parent=14413561"}],"wp:term":[{"taxonomy":"category","embeddable":true,"href":"https:\/\/www.upo.es\/diario\/wp-json\/wp\/v2\/categories?post=14413561"},{"taxonomy":"post_tag","embeddable":true,"href":"https:\/\/www.upo.es\/diario\/wp-json\/wp\/v2\/tags?post=14413561"}],"curies":[{"name":"wp","href":"https:\/\/api.w.org\/{rel}","templated":true}]}}