{"id":14433054,"date":"2016-07-20T04:03:59","date_gmt":"2016-07-20T04:03:59","guid":{"rendered":"https:\/\/www.upo.es\/diario\/?p=14433054"},"modified":"2016-07-20T04:04:40","modified_gmt":"2016-07-20T04:04:40","slug":"el-director-de-la-oit-en-espana-participa-hoy-en-el-curso-sobre-sindicato-y-universidad-mercado-laboral","status":"publish","type":"post","link":"https:\/\/www.upo.es\/diario\/institucional\/2016\/07\/el-director-de-la-oit-en-espana-participa-hoy-en-el-curso-sobre-sindicato-y-universidad-mercado-laboral\/","title":{"rendered":"El director de la OIT en Espa\u00f1a participa hoy en el curso sobre \u201cSindicato y universidad: mercado laboral\u201d"},"content":{"rendered":"<p>Hoy finaliza en Carmona el <b>curso \u201cSindicato y universidad: mercado laboral. Nuevas realidades productivas y nuevas formas empresariales\u201d <\/b>con dos nuevas conferencias y el acto de clausura. En primer lugar, a las 9,30 horas, reabrir\u00e1 el seminario Rafael G\u00f3mez Gordillo, profesor titular en Derecho del Trabajo y Seguridad Social, quien hablar\u00e1 sobre \u201cQu\u00e9 reforma laboral\u201d y m\u00e1s tarde, a las 11,30 horas ser\u00e1 Joaqu\u00edn Nieto Sainz, director de la Organizaci\u00f3n Internacional del Trabajo (OIT) en Espa\u00f1a qui\u00e9n tomar\u00e1 la palabra para hablar sobre el \u201cTrabajo decente y futuro del trabajo\u201d. Finalmente, a las 13,30 horas, tendr\u00e1 lugar la clausura del curso, que correr\u00e1 a cargo de Francisco Carbonero Cantador, secretario general de CC. OO. Andaluc\u00eda; Alfonso Vid\u00e1n Mart\u00ednez, secretario general de CC. OO. Sevilla y Joaqu\u00edn Nieto Sainz. Las actividades de este seminario se desarrollar\u00e1n en el aula 1 de la Casa Palacio de Los Briones.<\/p>\n<p>Hoy contin\u00faa celebr\u00e1ndose en Carmona el <b>curso <\/b><b>\u201cEl arbitraje mercantil: una visi\u00f3n pr\u00e1ctica\u201d<\/b> en el aula 5 de la Casa Palacio de Los Briones. Toda la jornada de hoy estar\u00e1 dedicada a un taller, que ser\u00e1 impartido por David Su\u00e1rez Merch\u00e1n, abogado socio de Bores y C\u00eda; \u00c1lvaro del Castillo Riba, abogado socio de Bores y C\u00eda y m\u00e1ster en Derecho Arbitral; Manuel Romero Peralta, abogado socio del bufete Romero Huertas y Natalia \u00c1lvarez Aladr\u00e9n, abogada colaboradora del Departamento de Derecho Civil y Mercantil de RZS, Abogados y Economistas. El curso concluye a las 14,00 horas.<\/p>\n<p>Asimismo, prosigue en el aula de inform\u00e1tica de la Casa Palacio de Los Briones de Carmona el seminario <b>\u201cDe la p\u00e1gina al estante: traducci\u00f3n literaria y editorial ingl\u00e9s espa\u00f1ol. Teor\u00eda, pr\u00e1ctica, derechos y deberes (4\u00aa edici\u00f3n)\u201d,<\/b> coordinado por Yolanda Morat\u00f3 Agrafojo, profesora del departamento de Filolog\u00eda Moderna de la Universidad de Le\u00f3n y responsable de impartir la conferencia \u201cEmpleabilidad y traducci\u00f3n literaria: la propuesta de traducci\u00f3n\u201d, que tendr\u00e1 lugar a las 10,00 horas. A las 11,45 horas tomar\u00e1 el relevo Alberto Marina Castillo, profesor del Departamento de Filolog\u00eda y Traducci\u00f3n de la Universidad Pablo de Olavide y editor de La Piedra Lunar, con la ponencia \u201cEl proceso de correcci\u00f3n editorial\u201d. Ya por la tarde, a las 15,00 horas, tanto Yolanda como Alberto cerrar\u00e1n el curso con la mesa redonda \u00a0\u201cAspectos profesionales de la traducci\u00f3n editorial\u201d.<\/p>\n<p>Del mismo modo, otro de los cursos que continua hoy mi\u00e9rcoles es el de <b>\u201cEl actor y la actriz completos\u201d<\/b> que se est\u00e1 celebrando en el Hotel Alc\u00e1zar de la Reina. La programaci\u00f3n del \u00faltimo d\u00eda estar\u00e1 compuesta por dos talleres, el primero de 10,00 a 13,30 horas sobre \u201cIntroducci\u00f3n a la pr\u00e1ctica de movimiento\u201d que ser\u00e1 impartido por el profesor de danza Guillermo Weickert y el segundo por la tarde, a partir de las 16,00 horas sobre \u201cEl juego teatral: clown\u201d dirigido por la directora del seminario Ana Ropa.<\/p>\n<p>Tambi\u00e9n se celebra hoy la tercera y \u00faltima jornada del <b>curso \u201cCoaching educativo: coaching aplicado a la gesti\u00f3n de situaciones complejas en la actividad docente\u201d<\/b> dirigido e impartido por Gema Sancho Zamora, coach certificado por la International Coach Federation (ICF) y m\u00e1ster en Psicolog\u00eda del Coaching por la UNED. Esta tercera jornada comenzar\u00e1 a las 10,00 horas en el aula 3 de la Casa Palacio de Los Briones con el taller \u201cCoaching grupal para equipos docentes\u201d y continuar\u00e1 a las 13,00 horas con el \u00faltimo taller del seminario: \u201cUna llamada a la acci\u00f3n. El docente como promotor del cambio educativo\u201d.<\/p>\n<p>Igualmente, hoy finaliza el <b>curso \u201cRebeld\u00eda o desconcierto. Trastornos de conductas en menores\u201d<\/b>, con una jornada que estar\u00e1 compuesta por dos conferencias y un taller pr\u00e1ctico que se celebrar\u00e1n en el aula 2 de la Casa Palacio de Los Briones. En concreto, este curso comenzar\u00e1 a las 10,00 horas con la intervenci\u00f3n de Adela Aguilar Aguilar, trabajadora y educadora social de la Asociaci\u00f3n El \u00c1rbol de los Sue\u00f1os, quien hablar\u00e1 sobre el \u201cTrastorno por D\u00e9ficit de Atenci\u00f3n e Hiperactividad (TDAH). Detecci\u00f3n temprana\u201d y a las 12,30 horas proseguir\u00e1 Mar\u00eda Olalla Pedrera Fuentes, trabajadora y educadora social \u00a0de la Asociaci\u00f3n El \u00c1rbol de los Sue\u00f1os, quien abordar\u00e1 el \u201cTratamiento para el TDAH. Fracaso escolar y su relaci\u00f3n con el trastorno\u201d. Por la tarde, a las 16,00 horas se retomar\u00e1 el seminario con un \u00faltimo taller sobre \u201cHiperactividad en la casa y en las aulas. Debate sobre tratamientos farmacol\u00f3gicos\u201d, a cargo de Mar\u00eda Olalla Pedrera.<\/p>\n<p>Por otro lado, hoy tambi\u00e9n concluye en el aula 4 de la Casa Palacio de los Briones el curso <b>\u201cIntroducci\u00f3n a la ciencia forense\u201d<\/b> que comenzar\u00e1 a las 09,00 horas con la conferencia \u201cDocumentoscopia\u201d impartida por Carlos Javier Gil Garc\u00eda, socio fundador de BCN Forensics y coordinador del seminario. Posteriormente, a las 11,15 horas intervendr\u00e1 Fernando Garc\u00eda Colina, doctor en Qu\u00edmica y miembro de BCN Forensics, quien disertar\u00e1 sobre \u201cFor\u00e9nsica ambiental. Intervenci\u00f3n ante los tribunales + coloquio \/ test\u201d.<\/p>\n<p>&nbsp;<\/p>\n","protected":false},"excerpt":{"rendered":"<p>Hoy finaliza en Carmona el curso \u201cSindicato y universidad: mercado laboral. Nuevas realidades productivas y nuevas formas empresariales\u201d que contar\u00e1 con la participaci\u00f3n de Joaqu\u00edn Nieto Sainz, director de la Organizaci\u00f3n Internacional del Trabajo (OIT) en Espa\u00f1a qui\u00e9n tomar\u00e1 la palabra para hablar sobre el \u201cTrabajo decente y futuro del trabajo\u201d. <\/p>\n","protected":false},"author":6,"featured_media":0,"comment_status":"closed","ping_status":"open","sticky":false,"template":"","format":"standard","meta":{"_monsterinsights_skip_tracking":false,"_monsterinsights_sitenote_active":false,"_monsterinsights_sitenote_note":"","_monsterinsights_sitenote_category":0,"footnotes":""},"categories":[6],"tags":[629,2293,2523,23,976,757,22,1111,451,519,142,2975,2133,812,502],"class_list":["post-14433054","post","type-post","status-publish","format-standard","hentry","category-institucional","tag-arbitraje","tag-area-de-derecho-del-trabajo-y-de-la-seguridad-social","tag-artes-escenicas","tag-carmona","tag-ciencias-forenses","tag-coaching","tag-cursos-de-verano","tag-filologia-y-traduccion","tag-infancia","tag-olavide-en-carmona","tag-psicologia","tag-sindicalismo","tag-tdah","tag-traduccion","tag-universidad"],"_links":{"self":[{"href":"https:\/\/www.upo.es\/diario\/wp-json\/wp\/v2\/posts\/14433054","targetHints":{"allow":["GET"]}}],"collection":[{"href":"https:\/\/www.upo.es\/diario\/wp-json\/wp\/v2\/posts"}],"about":[{"href":"https:\/\/www.upo.es\/diario\/wp-json\/wp\/v2\/types\/post"}],"author":[{"embeddable":true,"href":"https:\/\/www.upo.es\/diario\/wp-json\/wp\/v2\/users\/6"}],"replies":[{"embeddable":true,"href":"https:\/\/www.upo.es\/diario\/wp-json\/wp\/v2\/comments?post=14433054"}],"version-history":[{"count":3,"href":"https:\/\/www.upo.es\/diario\/wp-json\/wp\/v2\/posts\/14433054\/revisions"}],"predecessor-version":[{"id":14433056,"href":"https:\/\/www.upo.es\/diario\/wp-json\/wp\/v2\/posts\/14433054\/revisions\/14433056"}],"wp:attachment":[{"href":"https:\/\/www.upo.es\/diario\/wp-json\/wp\/v2\/media?parent=14433054"}],"wp:term":[{"taxonomy":"category","embeddable":true,"href":"https:\/\/www.upo.es\/diario\/wp-json\/wp\/v2\/categories?post=14433054"},{"taxonomy":"post_tag","embeddable":true,"href":"https:\/\/www.upo.es\/diario\/wp-json\/wp\/v2\/tags?post=14433054"}],"curies":[{"name":"wp","href":"https:\/\/api.w.org\/{rel}","templated":true}]}}