{"id":14446215,"date":"2016-07-20T07:40:26","date_gmt":"2016-07-20T07:40:26","guid":{"rendered":"https:\/\/www.upo.es\/diario\/?p=14446215"},"modified":"2016-07-20T07:40:26","modified_gmt":"2016-07-20T07:40:26","slug":"las-conductas-infantiles-inadecuadas-pueden-presentar-cierta-normalidad-en-determinadas-etapas","status":"publish","type":"post","link":"https:\/\/www.upo.es\/diario\/cursos-verano\/2016\/07\/las-conductas-infantiles-inadecuadas-pueden-presentar-cierta-normalidad-en-determinadas-etapas\/","title":{"rendered":"\u201cLas conductas infantiles inadecuadas pueden presentar cierta normalidad en determinadas etapas\u201d"},"content":{"rendered":"<figure id=\"attachment_14446216\" aria-describedby=\"caption-attachment-14446216\" style=\"width: 600px\" class=\"wp-caption aligncenter\"><a href=\"https:\/\/www.upo.es\/diario\/wp-content\/uploads\/2016\/07\/Adela-Mar\u00eda-Aguilar.jpg\"><img loading=\"lazy\" decoding=\"async\" class=\"size-large wp-image-14446216\" alt=\"La trabajadora social Adela Mar\u00eda Aguilar dirige el curso \u2018Rebeld\u00eda o desconcierto. Trastornos de conductas en menores\u2019\" src=\"https:\/\/www.upo.es\/diario\/wp-content\/uploads\/2016\/07\/Adela-Mar\u00eda-Aguilar-600x355.jpg\" width=\"600\" height=\"355\" srcset=\"https:\/\/www.upo.es\/diario\/wp-content\/uploads\/2016\/07\/Adela-Mar\u00eda-Aguilar-600x355.jpg 600w, https:\/\/www.upo.es\/diario\/wp-content\/uploads\/2016\/07\/Adela-Mar\u00eda-Aguilar-320x189.jpg 320w\" sizes=\"auto, (max-width: 600px) 100vw, 600px\" \/><\/a><figcaption id=\"caption-attachment-14446216\" class=\"wp-caption-text\">La trabajadora social Adela Mar\u00eda Aguilar dirige el curso \u2018Rebeld\u00eda o desconcierto. Trastornos de conductas en menores\u2019<\/figcaption><\/figure>\n<p style=\"text-align: justify;\">La desobediencia, las rabietas, el negativismo\u2026 constituyen parte de los trastornos de conducta m\u00e1s habituales durante la infancia; y en los \u00faltimos a\u00f1os los casos de ni\u00f1os tratados por estos problemas han aumentado en magnitud, pero tambi\u00e9n ha descendido la edad de los que lo padecen. Sin embargo, \u201clas conductas infantiles inadecuadas pueden presentar cierta \u2018normalidad\u2019 en determinadas etapas del ciclo vital\u201d, ha se\u00f1alado Adela Mar\u00eda Aguilar, trabajadora y educadora social.<\/p>\n<p style=\"text-align: justify;\">Estas declaraciones las ha realizado Aguilar en el marco del curso que dirige: \u2018Rebeld\u00eda o desconcierto. Trastornos de conductas en menores\u2019 dentro de la XIV edici\u00f3n de los Cursos de Verano de la Universidad Pablo de Olavide en la localidad sevillana de Carmona.<\/p>\n<p style=\"text-align: justify;\">Aguilar ha advertido de que aunque estos comportamientos se puedan calificar como normales, \u201ccuando la magnitud, frecuencia o perseverancia en el tiempo de estos son excesivos, pueden llegar a necesitar la intervenci\u00f3n de un profesional para que puedan ser corregidos a tiempo\u201d. Adem\u00e1s, ha sostenido que la coordinaci\u00f3n entre los profesionales que intervienen con los ni\u00f1os y la familia es \u201cprimordial\u201d para que sea efectivo el abordaje del trastorno.<\/p>\n<p style=\"text-align: justify;\">Dos ni\u00f1os iguales no existen, seg\u00fan los expertos; sin embargo, un indicativo de la poca incidencia de conductas inadecuadas en un menor, sostiene Aguilar, es el establecimiento de un buen v\u00ednculo afectivo con sus padres. \u201cEllo pasa por estar m\u00e1s tiempo juntos desde edades muy tempranas, y para ello, el juego es un elemento esencial\u201d, se\u00f1ala.<\/p>\n<p style=\"text-align: justify;\">No obstante, \u201cno s\u00f3lo es cuesti\u00f3n de estar m\u00e1s con el ni\u00f1o. Es necesario prestar m\u00e1s atenci\u00f3n cuando efect\u00faa conductas adecuadas y expresarle satisfacci\u00f3n verbalmente. Del mismo modo, no hay que darle ning\u00fan tipo de satisfacci\u00f3n cuando presente episodios de rabietas o exigencias de caprichos\u201d, afirma Aguilar.<\/p>\n<p style=\"text-align: justify;\">Seg\u00fan la experta, el estilo educativo de los padres es clave a la hora de educar a los hijos, siendo el m\u00e1s adecuado \u201caquel que combina la existencia de un alto grado de v\u00ednculo afectivo con un nivel de control sobre h\u00e1bitos y conductas adecuados\u201d. Desaconsejando modelos totalmente autoritarios o que, contrariamente, no desempe\u00f1en ning\u00fan control sobre sus hijos.<\/p>\n<p style=\"text-align: justify;\">\u201cLa familia posee el papel protagonista en la vida de los menores\u201d, a\u00f1ade Aguilar, quien admite que \u201ces el principal agente de socializaci\u00f3n primaria, el encargado de que adquiera unos valores y una pautas de conducta que, sumado al tipo de educaci\u00f3n formal por la que se opte, conseguir\u00e1n la formaci\u00f3n de la personalidad de los menores\u201d. Siendo primordial a la hora de detectar e intervenir en los casos en los que se diagnostique un trastorno de conducta, denominado tambi\u00e9n trastorno disocial, caracterizado por la persistencia y reiteraci\u00f3n de conductas que violan las normas sociales y los derechos de las personas.<\/p>\n<p style=\"text-align: justify;\">Los s\u00edntomas de estos trastornos suelen aparecer antes de los trece a\u00f1os, y los expertos se\u00f1alan entre los m\u00e1s comunes el s\u00edndrome del emperador \u2013que sufren ni\u00f1os que se convierten en \u201cverdaderos tiranos\u201d en su relaci\u00f3n con sus padres\u2013 o diversos trastornos como el trastorno por d\u00e9ficit de atenci\u00f3n (con o sin hiperactividad), el trastorno negativista desafiante, los trastornos de alimentaci\u00f3n o el trastorno obsesivo compulsivo.<\/p>\n<p style=\"text-align: justify;\">Frente a la creencia popular que asume que los acontecimientos vitales negativos en menores o los problemas en el n\u00facleo familiar est\u00e1n intr\u00ednsecamente relacionados con los trastornos de conducta, los avances en gen\u00e9tica han descubierto que, en casos concretos, existen \u201clos episodios de conductas que son consecuencia de un trastorno gen\u00e9tico subyacente y no siempre todo puede explicarse en t\u00e9rminos de educaci\u00f3n\u201d, ha concluido Aguilar.<\/p>\n<p>&nbsp;<\/p>\n<p>&nbsp;<\/p>\n","protected":false},"excerpt":{"rendered":"<p>La desobediencia, las rabietas, el negativismo\u2026 constituyen parte de los trastornos de conducta m\u00e1s habituales durante la infancia; y en los \u00faltimos a\u00f1os los casos de ni\u00f1os tratados por estos problemas han aumentado en magnitud, pero tambi\u00e9n ha descendido la edad de los que lo padecen. Sin embargo, \u201clas conductas infantiles inadecuadas pueden presentar cierta \u2018normalidad\u2019 en determinadas etapas del ciclo vital\u201d, ha se\u00f1alado Adela Mar\u00eda Aguilar, trabajadora y educadora social.<\/p>\n","protected":false},"author":4,"featured_media":14446218,"comment_status":"closed","ping_status":"open","sticky":false,"template":"","format":"standard","meta":{"_monsterinsights_skip_tracking":false,"_monsterinsights_sitenote_active":false,"_monsterinsights_sitenote_note":"","_monsterinsights_sitenote_category":0,"footnotes":""},"categories":[729],"tags":[3499,622,3500,103,3501],"class_list":["post-14446215","post","type-post","status-publish","format-standard","has-post-thumbnail","hentry","category-cursos-verano","tag-conducta-infantil","tag-menores","tag-rebeldia","tag-trabajo-social","tag-trastornos"],"_links":{"self":[{"href":"https:\/\/www.upo.es\/diario\/wp-json\/wp\/v2\/posts\/14446215","targetHints":{"allow":["GET"]}}],"collection":[{"href":"https:\/\/www.upo.es\/diario\/wp-json\/wp\/v2\/posts"}],"about":[{"href":"https:\/\/www.upo.es\/diario\/wp-json\/wp\/v2\/types\/post"}],"author":[{"embeddable":true,"href":"https:\/\/www.upo.es\/diario\/wp-json\/wp\/v2\/users\/4"}],"replies":[{"embeddable":true,"href":"https:\/\/www.upo.es\/diario\/wp-json\/wp\/v2\/comments?post=14446215"}],"version-history":[{"count":2,"href":"https:\/\/www.upo.es\/diario\/wp-json\/wp\/v2\/posts\/14446215\/revisions"}],"predecessor-version":[{"id":14446222,"href":"https:\/\/www.upo.es\/diario\/wp-json\/wp\/v2\/posts\/14446215\/revisions\/14446222"}],"wp:featuredmedia":[{"embeddable":true,"href":"https:\/\/www.upo.es\/diario\/wp-json\/wp\/v2\/media\/14446218"}],"wp:attachment":[{"href":"https:\/\/www.upo.es\/diario\/wp-json\/wp\/v2\/media?parent=14446215"}],"wp:term":[{"taxonomy":"category","embeddable":true,"href":"https:\/\/www.upo.es\/diario\/wp-json\/wp\/v2\/categories?post=14446215"},{"taxonomy":"post_tag","embeddable":true,"href":"https:\/\/www.upo.es\/diario\/wp-json\/wp\/v2\/tags?post=14446215"}],"curies":[{"name":"wp","href":"https:\/\/api.w.org\/{rel}","templated":true}]}}