{"id":14450398,"date":"2016-07-20T12:05:17","date_gmt":"2016-07-20T12:05:17","guid":{"rendered":"https:\/\/www.upo.es\/diario\/?p=14450398"},"modified":"2016-07-20T12:09:18","modified_gmt":"2016-07-20T12:09:18","slug":"en-espana-hay-una-apuesta-por-invisibilizar-el-movimiento-sindical-segun-francisco-carbonero","status":"publish","type":"post","link":"https:\/\/www.upo.es\/diario\/cursos-verano\/2016\/07\/en-espana-hay-una-apuesta-por-invisibilizar-el-movimiento-sindical-segun-francisco-carbonero\/","title":{"rendered":"\u201cEn Espa\u00f1a hay una apuesta por invisibilizar el movimiento sindical\u201d, seg\u00fan Francisco Carbonero"},"content":{"rendered":"<figure id=\"attachment_14450400\" aria-describedby=\"caption-attachment-14450400\" style=\"width: 600px\" class=\"wp-caption aligncenter\"><a href=\"https:\/\/www.upo.es\/diario\/wp-content\/uploads\/2016\/07\/Francisco-Carbonero.jpg\"><img loading=\"lazy\" decoding=\"async\" class=\"size-large wp-image-14450400\" alt=\"El secretario general de CCOO-A en la sede de la UPO en Carmona\" src=\"https:\/\/www.upo.es\/diario\/wp-content\/uploads\/2016\/07\/Francisco-Carbonero-600x382.jpg\" width=\"600\" height=\"382\" srcset=\"https:\/\/www.upo.es\/diario\/wp-content\/uploads\/2016\/07\/Francisco-Carbonero-600x382.jpg 600w, https:\/\/www.upo.es\/diario\/wp-content\/uploads\/2016\/07\/Francisco-Carbonero-320x203.jpg 320w, https:\/\/www.upo.es\/diario\/wp-content\/uploads\/2016\/07\/Francisco-Carbonero.jpg 1107w\" sizes=\"auto, (max-width: 600px) 100vw, 600px\" \/><\/a><figcaption id=\"caption-attachment-14450400\" class=\"wp-caption-text\">El secretario general de CCOO-A en la sede de la UPO en Carmona<\/figcaption><\/figure>\n<p>Francisco Carbonero, secretario general de Comisiones Obreras en Andaluc\u00eda \u2013CCOO-A\u2013 ha afirmado que<strong> \u201cen Espa\u00f1a hay una apuesta por invisibilizar el movimiento sindical para que no tenga proyecci\u00f3n, siendo su afiliaci\u00f3n similar a la de Francia\u201d<\/strong>. El pa\u00eds galo atraviesa un a\u00f1o convulso tras la reforma laboral que, impulsada por el gobierno de Manuel Valls y aprobada por decreto, ha ocasionado un total de nueve huelgas generales demostrando el m\u00fasculo que el sindicalismo tiene entre los franceses.<\/p>\n<p><strong>Estas declaraciones las ha realizado en el marco de su participaci\u00f3n en el seminario \u2018Sindicato y universidad: mercado laboral, nuevas realidades productivas y nuevas formas empresariales\u2019<\/strong> que se desarrolla dentro de la XIV Edici\u00f3n de los Cursos de Verano de la Universidad Pablo de Olavide en la Sede Olavide en Carmona \u2013 Rectora Rosario Valpuesta de la localidad sevillana de Carmona.<\/p>\n<p>Carbonero destaca la presencia que en Francia tienen los sindicatos en sectores estrat\u00e9gicos, puesto que \u201cla cultura democr\u00e1tica francesa, muy diferente a la espa\u00f1ola, hace que los sindicatos en Francia publiciten y difundan por todos los medios de comunicaci\u00f3n sus movilizaciones\u201d. Al contrario que en Espa\u00f1a donde, seg\u00fan Carbonero, \u201cel movimiento sindical tiene vigorosidad, aunque evidentemente hemos tenido una p\u00e9rdida reputacional importante, en algunos casos por errores nuestros, pero en la inmensa mayor\u00eda por una campa\u00f1a contra el movimiento sindical de clases\u201d.<\/p>\n<p>El l\u00edder sindical achaca esta campa\u00f1a \u201ca que el capital estaba viendo y nos ve como el principal adversario o contrincante para implantar las pol\u00edticas neoliberales, de ah\u00ed que sigan buscando debilitar al movimiento sindical, cosa que no han conseguido\u201d. Carbonero se\u00f1ala a CCOO como primera fuerza sindical del pa\u00eds \u201cdurante 26 a\u00f1os, con m\u00e1s de 100.000 delegados en las empresas\u02dd.<\/p>\n<p>Los \u00faltimos datos macroecon\u00f3micos muestran que Espa\u00f1a se establece en una tendencia de crecimiento que Carbonero no vislumbra como una salida del complicado contexto econ\u00f3mico: \u201cNo estamos saliendo de la crisis, hasta que no salgan las personas\u201d. El secretario general ha puesto como ejemplo de la situaci\u00f3n que un tercio de las personas que en 2015 tuvieron empleo cobraron en el c\u00f3mputo anual menos del salario m\u00ednimo interprofesional.<\/p>\n<p>La crisis econ\u00f3mica y los recortes \u201chan tenido un impacto tremendo en la igualdad de oportunidades, han supuesto un empobrecimiento de la gente e impiden que todo el mundo tenga posibilidad no s\u00f3lo de vivir dignamente, sino de tener las mismas oportunidades para poder ir a la universidad para formarse, para progresar&#8230; Condenando a los j\u00f3venes a no tener una proyecci\u00f3n de vida\u201d. En el caso de Andaluc\u00eda, asegura, \u201ccon un tejido econ\u00f3mico muy d\u00e9bil y situado en la estacionalidad, va a ser complicado salir de la situaci\u00f3n creada\u201d.<\/p>\n<p>Carbonero se\u00f1ala que las administraciones p\u00fablicas tienen que apostar por una mayor intervenci\u00f3n en la econom\u00eda y reformar los modelos educativos para formar a las personas ante la nueva revoluci\u00f3n industrial provocada por la digitalizaci\u00f3n de la industria. Al mismo tiempo que aumentando la presi\u00f3n sobre la banca y el capital privado para que se produzca una inversi\u00f3n productiva, \u201cque invierta en la generaci\u00f3n de valor a\u00f1adido\u201d, as\u00ed como una subida salarial \u201cpara que se incremente el consumo y la capacidad de compra\u201d, ha a\u00f1adido.<\/p>\n<p>Como secretario general de CCOO Andaluc\u00eda ha recalcado la importancia de este sindicato \u201cno s\u00f3lo en la defensa de los intereses de los trabajadores de la universidad, sino tambi\u00e9n en defensa de un sistema p\u00fablico, con una oferta muy cre\u00edble y potente, cada vez m\u00e1s fuerte y prestigiosa, donde en el camino de la excelencia seguiremos contribuyendo\u201d, ha concluido.<\/p>\n","protected":false},"excerpt":{"rendered":"<p>Francisco Carbonero, secretario general de Comisiones Obreras en Andaluc\u00eda \u2013CCOO-A\u2013 ha afirmado que \u201cen Espa\u00f1a hay una apuesta por invisibilizar el movimiento sindical para que no tenga proyecci\u00f3n, siendo su afiliaci\u00f3n similar a la de Francia\u201d. El pa\u00eds galo atraviesa un a\u00f1o convulso tras la reforma laboral que, impulsada por el gobierno de Manuel Valls y aprobada por decreto, ha ocasionado un total de nueve huelgas generales demostrando el m\u00fasculo que el sindicalismo tiene entre los franceses.<\/p>\n","protected":false},"author":6,"featured_media":14450401,"comment_status":"closed","ping_status":"open","sticky":false,"template":"","format":"standard","meta":{"_monsterinsights_skip_tracking":false,"_monsterinsights_sitenote_active":false,"_monsterinsights_sitenote_note":"","_monsterinsights_sitenote_category":0,"footnotes":""},"categories":[729],"tags":[490,190,23,22,63,438,2499,1375,519,1317,88,2975],"class_list":["post-14450398","post","type-post","status-publish","format-standard","has-post-thumbnail","hentry","category-cursos-verano","tag-administracion","tag-andalucia","tag-carmona","tag-cursos-de-verano","tag-economia","tag-empleo","tag-francia","tag-movimientos-sociales","tag-olavide-en-carmona","tag-reforma","tag-relaciones-laborales-y-recursos-humanos","tag-sindicalismo"],"_links":{"self":[{"href":"https:\/\/www.upo.es\/diario\/wp-json\/wp\/v2\/posts\/14450398","targetHints":{"allow":["GET"]}}],"collection":[{"href":"https:\/\/www.upo.es\/diario\/wp-json\/wp\/v2\/posts"}],"about":[{"href":"https:\/\/www.upo.es\/diario\/wp-json\/wp\/v2\/types\/post"}],"author":[{"embeddable":true,"href":"https:\/\/www.upo.es\/diario\/wp-json\/wp\/v2\/users\/6"}],"replies":[{"embeddable":true,"href":"https:\/\/www.upo.es\/diario\/wp-json\/wp\/v2\/comments?post=14450398"}],"version-history":[{"count":4,"href":"https:\/\/www.upo.es\/diario\/wp-json\/wp\/v2\/posts\/14450398\/revisions"}],"predecessor-version":[{"id":14450403,"href":"https:\/\/www.upo.es\/diario\/wp-json\/wp\/v2\/posts\/14450398\/revisions\/14450403"}],"wp:featuredmedia":[{"embeddable":true,"href":"https:\/\/www.upo.es\/diario\/wp-json\/wp\/v2\/media\/14450401"}],"wp:attachment":[{"href":"https:\/\/www.upo.es\/diario\/wp-json\/wp\/v2\/media?parent=14450398"}],"wp:term":[{"taxonomy":"category","embeddable":true,"href":"https:\/\/www.upo.es\/diario\/wp-json\/wp\/v2\/categories?post=14450398"},{"taxonomy":"post_tag","embeddable":true,"href":"https:\/\/www.upo.es\/diario\/wp-json\/wp\/v2\/tags?post=14450398"}],"curies":[{"name":"wp","href":"https:\/\/api.w.org\/{rel}","templated":true}]}}