{"id":14535693,"date":"2016-07-25T11:08:10","date_gmt":"2016-07-25T11:08:10","guid":{"rendered":"https:\/\/www.upo.es\/diario\/?p=14535693"},"modified":"2016-07-25T12:08:21","modified_gmt":"2016-07-25T12:08:21","slug":"el-clima-y-la-variedad-ambiental-hacen-de-andalucia-la-mejor-comunidad-para-la-observacion-ornitologica","status":"publish","type":"post","link":"https:\/\/www.upo.es\/diario\/cursos-verano\/2016\/07\/el-clima-y-la-variedad-ambiental-hacen-de-andalucia-la-mejor-comunidad-para-la-observacion-ornitologica\/","title":{"rendered":"\u201cEl clima y la variedad ambiental hacen de Andaluc\u00eda la mejor comunidad para la observaci\u00f3n ornitol\u00f3gica\u201d"},"content":{"rendered":"<figure id=\"attachment_14535695\" aria-describedby=\"caption-attachment-14535695\" style=\"width: 600px\" class=\"wp-caption aligncenter\"><a href=\"https:\/\/www.upo.es\/diario\/wp-content\/uploads\/2016\/07\/Jesus-Pinilla.jpg\"><img loading=\"lazy\" decoding=\"async\" class=\"size-large wp-image-14535695\" alt=\"El bi\u00f3logo Jes\u00fas Pinilla en la sede de la UPO en Carmona\" src=\"https:\/\/www.upo.es\/diario\/wp-content\/uploads\/2016\/07\/Jesus-Pinilla-600x392.jpg\" width=\"600\" height=\"392\" srcset=\"https:\/\/www.upo.es\/diario\/wp-content\/uploads\/2016\/07\/Jesus-Pinilla-600x392.jpg 600w, https:\/\/www.upo.es\/diario\/wp-content\/uploads\/2016\/07\/Jesus-Pinilla-320x209.jpg 320w\" sizes=\"auto, (max-width: 600px) 100vw, 600px\" \/><\/a><figcaption id=\"caption-attachment-14535695\" class=\"wp-caption-text\">El bi\u00f3logo Jes\u00fas Pinilla advierte de que la actividad humana pone en riesgo la supervivencia de especies en extinci\u00f3n<\/figcaption><\/figure>\n<p><strong>Andaluc\u00eda es \u201cprobablemente, la mejor regi\u00f3n para la observaci\u00f3n ornitol\u00f3gica\u201d.<\/strong> Y no es por casualidad. Seg\u00fan explica Jes\u00fas Pinilla Infiesta, bi\u00f3logo, t\u00e9cnico de proyectos y miembro de la Delegaci\u00f3n de Andaluc\u00eda de SEO\/Birdlife, la afirmaci\u00f3n primera se sostiene en la \u201cgran variedad de ambientes\u201d: del desierto a humedales de importancia internacional, pasando por estepas, bosques, sierras y alta monta\u00f1a, que \u201chacen que Andaluc\u00eda sea una regi\u00f3n tremendamente rica desde el punto de vista ornitol\u00f3gico\u201d. Si a esto sumamos la \u201cposici\u00f3n privilegiada en t\u00e9rminos clim\u00e1ticos\u201d \u2013al sur de Europa, con inviernos de alta productividad- \u201cy geogr\u00e1ficos\u201d \u2013como puente entre continentes, la cantidad de aves que vienen o pasan por la comunidad la convierten en una atalaya privilegiada para la observaci\u00f3n de las aves.<\/p>\n<p><strong>Pinilla ha realizado estas declaraciones coincidiendo con la inauguraci\u00f3n del curso denominado \u201cFormaci\u00f3n de gu\u00edas de turismo ornitol\u00f3gico\u201d<\/strong>, que \u00e9l mismo dirige hasta el mi\u00e9rcoles en el marco de los cursos de verano que la Universidad Pablo de Olavide celebra cada a\u00f1o en su sede de Carmona.<\/p>\n<p>No obstante, no todo es de color de rosa. As\u00ed, <strong>el bi\u00f3logo alerta de la existencia de aves en peligro de extinci\u00f3n en Andaluc\u00eda, donde sobreviven algunas de las \u201c\u00faltimas poblaciones espa\u00f1olas de determinadas especies<\/strong> como la focha moruna, la cerceta pardilla o el \u00e1guila imperial ib\u00e9rica\u201d, por lo que realiza un llamamiento al \u201celevado grado de responsabilidad que tenemos en la conservaci\u00f3n\u201d de \u00e9stas, presentes en todos los estratos de la pir\u00e1mide ecol\u00f3gica.<\/p>\n<p>Las amenazas \u201cno son pocas, por desgracia\u201d, y casi todas vienen de la mano de las actividades humanas que afectan no s\u00f3lo a las aves, sino a la biodiversidad en su conjunto, entre las que enumera \u201cla transformaci\u00f3n y p\u00e9rdida de h\u00e1bitats, molestias, persecuci\u00f3n directa, contaminaci\u00f3n o intensificaci\u00f3n agraria\u201d, factores que terminan afectando a las aves de manera directa o indirecta. Asimismo, advierte de que el cambio clim\u00e1tico \u201cest\u00e1 afectando a patrones migratorios, de distribuci\u00f3n, de comportamiento, de tasas reproductoras y de competencia inter e intraespec\u00edfica\u201d, ya que \u201clas relaciones ecosist\u00e9micas son multidireccionales y los cambios que se producen en uno o varios elementos del entramado siempre tienen repercusiones en el resto\u201d, subraya.<\/p>\n<p>Por ello, el miembro de la Delegaci\u00f3n de Andaluc\u00eda de SEO\/Birdlife hace un llamamiento para reducir la huella ecol\u00f3gica mediante acciones indirectas como usar el transporte p\u00fablico, reducir el consumo de agua y los bienes de alto gasto energ\u00e9tico, separar los residuos o minimizar el consumo de carne, pero tambi\u00e9n, en un plano m\u00e1s directo, cuidar de las aves heridas o hu\u00e9rfanas, instalar cajas nido o colocar dispositivos para evitar las colisiones de las aves contra las ventanas.<\/p>\n","protected":false},"excerpt":{"rendered":"<p>Andaluc\u00eda es \u201cprobablemente, la mejor regi\u00f3n para la observaci\u00f3n ornitol\u00f3gica\u201d. Y no es por casualidad. Seg\u00fan explica Jes\u00fas Pinilla Infiesta, bi\u00f3logo, t\u00e9cnico de proyectos y miembro de la Delegaci\u00f3n de Andaluc\u00eda de SEO\/Birdlife, la afirmaci\u00f3n primera se sostiene en la \u201cgran variedad de ambientes\u201d: del desierto a humedales de importancia internacional, pasando por estepas, bosques, sierras y alta monta\u00f1a, que \u201chacen que Andaluc\u00eda sea una regi\u00f3n tremendamente rica desde el punto de vista ornitol\u00f3gico\u201d. Pinilla ha realizado estas declaraciones coincidiendo con la inauguraci\u00f3n del curso denominado \u201cFormaci\u00f3n de gu\u00edas de turismo ornitol\u00f3gico\u201d<\/p>\n","protected":false},"author":6,"featured_media":0,"comment_status":"closed","ping_status":"open","sticky":false,"template":"","format":"standard","meta":{"_monsterinsights_skip_tracking":false,"_monsterinsights_sitenote_active":false,"_monsterinsights_sitenote_note":"","_monsterinsights_sitenote_category":0,"footnotes":""},"categories":[729],"tags":[23,22,1847,519,2060,2066,811],"class_list":["post-14535693","post","type-post","status-publish","format-standard","hentry","category-cursos-verano","tag-carmona","tag-cursos-de-verano","tag-guia-turistico","tag-olavide-en-carmona","tag-ornitologia","tag-seobirdlife","tag-turismo"],"_links":{"self":[{"href":"https:\/\/www.upo.es\/diario\/wp-json\/wp\/v2\/posts\/14535693","targetHints":{"allow":["GET"]}}],"collection":[{"href":"https:\/\/www.upo.es\/diario\/wp-json\/wp\/v2\/posts"}],"about":[{"href":"https:\/\/www.upo.es\/diario\/wp-json\/wp\/v2\/types\/post"}],"author":[{"embeddable":true,"href":"https:\/\/www.upo.es\/diario\/wp-json\/wp\/v2\/users\/6"}],"replies":[{"embeddable":true,"href":"https:\/\/www.upo.es\/diario\/wp-json\/wp\/v2\/comments?post=14535693"}],"version-history":[{"count":3,"href":"https:\/\/www.upo.es\/diario\/wp-json\/wp\/v2\/posts\/14535693\/revisions"}],"predecessor-version":[{"id":14535703,"href":"https:\/\/www.upo.es\/diario\/wp-json\/wp\/v2\/posts\/14535693\/revisions\/14535703"}],"wp:attachment":[{"href":"https:\/\/www.upo.es\/diario\/wp-json\/wp\/v2\/media?parent=14535693"}],"wp:term":[{"taxonomy":"category","embeddable":true,"href":"https:\/\/www.upo.es\/diario\/wp-json\/wp\/v2\/categories?post=14535693"},{"taxonomy":"post_tag","embeddable":true,"href":"https:\/\/www.upo.es\/diario\/wp-json\/wp\/v2\/tags?post=14535693"}],"curies":[{"name":"wp","href":"https:\/\/api.w.org\/{rel}","templated":true}]}}