{"id":14535697,"date":"2016-07-25T12:08:03","date_gmt":"2016-07-25T12:08:03","guid":{"rendered":"https:\/\/www.upo.es\/diario\/?p=14535697"},"modified":"2016-07-25T12:09:42","modified_gmt":"2016-07-25T12:09:42","slug":"un-escritor-que-se-encierra-en-si-mismo-y-no-mira-la-realidad-no-llega-a-comunicar-con-el-lector","status":"publish","type":"post","link":"https:\/\/www.upo.es\/diario\/cursos-verano\/2016\/07\/un-escritor-que-se-encierra-en-si-mismo-y-no-mira-la-realidad-no-llega-a-comunicar-con-el-lector\/","title":{"rendered":"\u201cUn escritor que se encierra en s\u00ed mismo y no mira la realidad no llega a comunicar con el lector\u201d"},"content":{"rendered":"<figure id=\"attachment_14535701\" aria-describedby=\"caption-attachment-14535701\" style=\"width: 600px\" class=\"wp-caption aligncenter\"><a href=\"https:\/\/www.upo.es\/diario\/wp-content\/uploads\/2016\/07\/Jesus-Cardenas.jpg\"><img loading=\"lazy\" decoding=\"async\" class=\"size-large wp-image-14535701 \" alt=\"Jes\u00fas C\u00e1rdenas opina que las grandes editoriales condicionan el gusto de los lectores a trav\u00e9s del m\u00e1rketing comercial y denuncia una crisis de la digitalizaci\u00f3n literaria \" src=\"https:\/\/www.upo.es\/diario\/wp-content\/uploads\/2016\/07\/Jesus-Cardenas-600x367.jpg\" width=\"600\" height=\"367\" srcset=\"https:\/\/www.upo.es\/diario\/wp-content\/uploads\/2016\/07\/Jesus-Cardenas-600x367.jpg 600w, https:\/\/www.upo.es\/diario\/wp-content\/uploads\/2016\/07\/Jesus-Cardenas-320x195.jpg 320w\" sizes=\"auto, (max-width: 600px) 100vw, 600px\" \/><\/a><figcaption id=\"caption-attachment-14535701\" class=\"wp-caption-text\">El profesor, ensayista y poeta Jes\u00fas C\u00e1rdenas<\/figcaption><\/figure>\n<p><strong>\u201cUn escritor que no mira la realidad y que se encierra en s\u00ed mismo no llega a establecer una comunicaci\u00f3n plena con el lector\u201d, asegura Jes\u00fas C\u00e1rdenas S\u00e1nchez,<\/strong> profesor de instituto y de talleres de poes\u00eda, ensayista y poeta, para quien el escritor \u201cnecesita empaparse de vida, aunque luego se adentre en s\u00ed mismo en soledad\u201d, porque \u201ctan esencial es vivir como leer\u201d. A la hora de escribir una obra literaria, C\u00e1rdenas recomienda al poeta que ofrezca \u201csu lado m\u00e1s \u00edntimo, por desgarrador que sea\u201d, as\u00ed como rodearse de \u201clecturas amigas\u201d en un ambiente confortable que propicie la escritura y \u201cllenarse de experiencias vitales saliendo de la torre de cristal\u201d.<\/p>\n<p><strong>C\u00e1rdenas ha realizado estas declaraciones coincidiendo con la inauguraci\u00f3n del curso titulado \u201cTaller de escritura creativa: de la idea a la palabra. Disparadores creativos y recursos\u201d<\/strong>, que \u00e9l mismo dirige hasta el mi\u00e9rcoles en el marco de los cursos de verano que la Universidad Pablo de Olavide celebra cada a\u00f1o en su sede de Carmona.<\/p>\n<p>En opini\u00f3n del escritor, las grandes editoriales utilizan el m\u00e1rketing comercial para condicionar las tendencias literarias, si bien este fen\u00f3meno es menos evidente en el caso de la poes\u00eda. Pero en el gusto de los lectores tambi\u00e9n influyen \u201clas rese\u00f1as publicadas tanto en revistas como en blogs, los escritos cr\u00edticos o el seguimiento en las redes sociales\u201d, sin olvidar que las antolog\u00edas \u201cejercen cierto poder persuasivo en el p\u00fablico que compra poes\u00eda y, a su vez, marcan tendencias o escuelas\u201d, subraya.<\/p>\n<p>Sobre la introducci\u00f3n del libro electr\u00f3nico en la industria literaria, Jes\u00fas C\u00e1rdenas resta importancia a su presencia, cifrando en un 3% el porcentaje de ventas en este soporte y, por el contrario, denuncia el da\u00f1o que est\u00e1 ejerciendo la pirater\u00eda en el sector, con un aumento importante de las descargas ilegales, hasta el punto de asegurar que \u201cvivimos una crisis de la digitalizaci\u00f3n literaria\u201d, dice.<\/p>\n<p>No obstante, niega que exista decadencia en las formas literarias actuales, algo que puede afectar a determinados g\u00e9neros literarios \u201cque terminan transform\u00e1ndose o reivindic\u00e1ndose\u201d, afirmaci\u00f3n que apoya sobre el dato de los 70.000 vol\u00famenes que se publican cada a\u00f1o: \u201chubo entre el grano mucha paja, por eso es importante la labor de b\u00fasqueda hasta hallar el libro que nos envuelva y nos haga encallar\u201d, defiende.<\/p>\n<p>C\u00e1rdenas, quien confiesa encontrar su inspiraci\u00f3n para la poes\u00eda en la lectura de poemarios contempor\u00e1neos \u201cpero sin distanciarme de los grandes autores\u201d,<strong> denuncia que los grandes grupos editoriales espa\u00f1oles han ca\u00eddo en un progresivo desprestigio debido, sobre todo, \u201ca su aval a premios literarios manipulados\u201d, ya que el objetivo de publicar t\u00edtulos de calidad o descubrir autores ha sido sustituido por \u201clos beneficios, la propaganda y la distracci\u00f3n\u201d<\/strong>, una situaci\u00f3n que ha propiciado el origen de peque\u00f1as editoriales con escaso presupuesto y medios \u201cque han generado buenos productos\u201d.<\/p>\n<p>Por \u00faltimo, el poeta da un consejo a quienes quieran iniciarse en la tarea de la creaci\u00f3n literaria: \u201cque escriba, escriba, escriba y pode y pode y pode, pero que no tenga prisa en publicar, no vaya a ser que luego se arrepienta de ver su \u2018opera prima\u201d.<\/p>\n","protected":false},"excerpt":{"rendered":"<p>\u201cUn escritor que no mira la realidad y que se encierra en s\u00ed mismo no llega a establecer una comunicaci\u00f3n plena con el lector\u201d, asegura Jes\u00fas C\u00e1rdenas S\u00e1nchez, profesor de instituto y de talleres de poes\u00eda, ensayista y poeta, para quien el escritor \u201cnecesita empaparse de vida, aunque luego se adentre en s\u00ed mismo en soledad\u201d, porque \u201ctan esencial es vivir como leer\u201d. C\u00e1rdenas ha realizado estas declaraciones coincidiendo con la inauguraci\u00f3n del curso titulado \u201cTaller de escritura creativa: de la idea a la palabra. Disparadores creativos y recursos\u201d, que \u00e9l mismo dirige en el marco de los cursos de verano que la Universidad Pablo de Olavide.<\/p>\n","protected":false},"author":6,"featured_media":14535700,"comment_status":"closed","ping_status":"open","sticky":false,"template":"","format":"standard","meta":{"_monsterinsights_skip_tracking":false,"_monsterinsights_sitenote_active":false,"_monsterinsights_sitenote_note":"","_monsterinsights_sitenote_category":0,"footnotes":""},"categories":[729],"tags":[23,587,22,2134,878,3297,5835,401,519,1739,1030],"class_list":["post-14535697","post","type-post","status-publish","format-standard","has-post-thumbnail","hentry","category-cursos-verano","tag-carmona","tag-comercio","tag-cursos-de-verano","tag-digitalizacion","tag-editorial","tag-escritura","tag-libros","tag-literatura","tag-olavide-en-carmona","tag-poesia","tag-premios"],"_links":{"self":[{"href":"https:\/\/www.upo.es\/diario\/wp-json\/wp\/v2\/posts\/14535697","targetHints":{"allow":["GET"]}}],"collection":[{"href":"https:\/\/www.upo.es\/diario\/wp-json\/wp\/v2\/posts"}],"about":[{"href":"https:\/\/www.upo.es\/diario\/wp-json\/wp\/v2\/types\/post"}],"author":[{"embeddable":true,"href":"https:\/\/www.upo.es\/diario\/wp-json\/wp\/v2\/users\/6"}],"replies":[{"embeddable":true,"href":"https:\/\/www.upo.es\/diario\/wp-json\/wp\/v2\/comments?post=14535697"}],"version-history":[{"count":4,"href":"https:\/\/www.upo.es\/diario\/wp-json\/wp\/v2\/posts\/14535697\/revisions"}],"predecessor-version":[{"id":14535704,"href":"https:\/\/www.upo.es\/diario\/wp-json\/wp\/v2\/posts\/14535697\/revisions\/14535704"}],"wp:featuredmedia":[{"embeddable":true,"href":"https:\/\/www.upo.es\/diario\/wp-json\/wp\/v2\/media\/14535700"}],"wp:attachment":[{"href":"https:\/\/www.upo.es\/diario\/wp-json\/wp\/v2\/media?parent=14535697"}],"wp:term":[{"taxonomy":"category","embeddable":true,"href":"https:\/\/www.upo.es\/diario\/wp-json\/wp\/v2\/categories?post=14535697"},{"taxonomy":"post_tag","embeddable":true,"href":"https:\/\/www.upo.es\/diario\/wp-json\/wp\/v2\/tags?post=14535697"}],"curies":[{"name":"wp","href":"https:\/\/api.w.org\/{rel}","templated":true}]}}