{"id":14552392,"date":"2016-07-27T04:28:32","date_gmt":"2016-07-27T04:28:32","guid":{"rendered":"https:\/\/www.upo.es\/diario\/?p=14552392"},"modified":"2016-07-27T09:27:48","modified_gmt":"2016-07-27T09:27:48","slug":"hoy-se-inaugura-el-seminario-el-mosaico-romano-en-carmona-taller-practico-de-elaboracion","status":"publish","type":"post","link":"https:\/\/www.upo.es\/diario\/institucional\/2016\/07\/hoy-se-inaugura-el-seminario-el-mosaico-romano-en-carmona-taller-practico-de-elaboracion\/","title":{"rendered":"Hoy se inaugura el seminario \u201cEl mosaico romano en Carmona. Taller pr\u00e1ctico de elaboraci\u00f3n\u201d"},"content":{"rendered":"<p>La sede de la Universidad Pablo de Olavide en Carmona acoge hoy la inauguraci\u00f3n del <b>curso \u201cPatrimonio hist\u00f3rico: el mosaico romano en Carmona. Taller pr\u00e1ctico de elaboraci\u00f3n\u201d<\/b>, que estar\u00e1 dirigido por Santiago Recio Blanco, monitor del curso de formaci\u00f3n del Ayuntamiento de Carmona \u201cEl arte de crear mosaicos\u201d. Este curso tiene un perfil eminentemente pr\u00e1ctico. Se trata de que las personas interesadas en el tema, participen, conozcan y profundicen sobre la t\u00e9cnica musivaria romana en Carmona y su importancia en nuestro patrimonio hist\u00f3rico, a trav\u00e9s de clases pr\u00e1cticas, utilizando t\u00e9cnicas y herramientas similares a las utilizadas por los propios romanos. Los alumnos realizar\u00e1n cada uno un mosaico romano de los expuestos en el museo de la ciudad de Carmona, de 20&#215;20 cms. con motivo geom\u00e9trico bicromo, con teselas de m\u00e1rmol reciclado realizadas en la propia aula de forma artesanal, con tajadera y martellina tambi\u00e9n artesanales.<\/p>\n<p>El seminario empezar\u00e1 a las 10,30 horas con la conferencia \u201cEl mosaico romano en Carmona\u201d, que estar\u00e1 a cargo de Mar\u00eda Trinidad G\u00f3mez Saucedo, del Servicio de Arqueolog\u00eda del Ayuntamiento de Carmona. A las 13 horas comenzar\u00e1 un taller pr\u00e1ctico sobre \u201cEl mosaico romano: el boceto\u201d, que desarrollar\u00e1 Santiago Recio.<\/p>\n<p>Hoy mi\u00e9rcoles contin\u00faa celebr\u00e1ndose en Carmona el curso <b>\u201cFormaci\u00f3n de gu\u00edas de turismo ornitol\u00f3gico\u201d<\/b>. En el aula 4 de la Casa palacio de los Briones, a las 10,00 horas, Francisco J. Mart\u00edn Barranco, bi\u00f3logo y empresario de Iberus Birding &amp; Nature, disertar\u00e1 sobre \u201cDise\u00f1o de actividades\u201d, mientras que a las 12 horas impartir\u00e1 un taller sobre \u201cLa empresa de turismo ornitol\u00f3gico\u201d. Ya por la tarde, a las 16 horas, el bi\u00f3logo dirigir\u00e1 el taller \u201cIdentificaci\u00f3n de aves y sus sonidos (taller multimedia)\u201d, que pondr\u00e1 fin a este seminario.<\/p>\n<p>Asimismo, en el aula 6 de la sede de la Universidad Pablo de Olavide en Carmona, dar\u00e1 comienzo la tercera y \u00faltima jornada del <b>curso \u201cViolencia filioparental: intervenci\u00f3n integral\u201d<\/b>, que contar\u00e1 con la presencia de Alma Serra, de Rumbos, quien impartir\u00e1 un taller a las 10 horas sobre \u201cTipos de apego en las relaciones familiares\u201d. A las 12,30 ser\u00e1 el turno de Cosette Franco, socia fundadora del M\u00e9todo Mentoris, quien impartir\u00e1 un taller sobre \u201cIntervenci\u00f3n socioeducativa en \u00e1mbito familiar con adolescentes con problemas de conducta\u201d y otro taller sobre \u201cEvaluaci\u00f3n de la intervenci\u00f3n con familias y adolescentes con problemas de conducta\u201d. A las 14,30 horas, Cosette impartir\u00e1 tambi\u00e9n la \u00faltima conferencia del seminario: \u201cImpacto de la intervenci\u00f3n con familias y adolescentes con problemas de conducta\u201d.<\/p>\n<p>Por otro lado, hoy tambi\u00e9n contin\u00faan las sesiones del<b> curso \u201cAprovechamiento de residuos org\u00e1nicos. Sistemas tecnol\u00f3gicos del compostaje\u201d<\/b> que tienen lugar en el aula 2. Su tercera y \u00faltima jornada empezar\u00e1 con la conferencia \u201cTratamiento y aprovechamiento de residuos agroindustriales en Andaluc\u00eda. Parte I\u201d, que estar\u00e1 a cargo del Prof. Don Gassan Hodaifa Meri, del Departamento de Biolog\u00eda Molecular e Ingenier\u00eda Bioqu\u00edmica de la Universidad Pablo de Olavide. Tras un descanso, a las 12,00 horas, Gassan Hodaifa pronunciar\u00e1 la ponencia \u201cTratamiento y aprovechamiento de residuos agroindustriales en Andaluc\u00eda. Parte II\u201d.<\/p>\n<p>La sesi\u00f3n vespertina se iniciar\u00e1\u00a0 las 16,00 horas, con la ponencia \u201cLos huertos de HYTASAL S.A.L. como modelo de gesti\u00f3n agroecol\u00f3gica\u201d, de la que se encargar\u00e1n Jes\u00fas S\u00e1nchez P\u00e9rez, secretario del Consejo de Hytasal S.A.L y consejero de los Huertos de Hytasal S.A.L. y David Rodr\u00edguez P\u00e9rez, t\u00e9cnico de Lombricultura y Vermicompostaje de los Huertos de Hytasal S.A.L. Para concluir, a las 18,30 horas, se celebrar\u00e1 una mesa redonda titulada \u201cEl futuro del compostaje\u201d, en la que participar\u00e1n Jes\u00fas S\u00e1nchez y David Rodr\u00edguez; Manuel Ib\u00e1\u00f1ez Gallardo, jefe de planta del complejo medioambiental Estepa-Sierra Sur-El Pe\u00f1\u00f3n y Antonio Rosal Raya, del Departamento de Biolog\u00eda Molecular e Ingenier\u00eda Bioqu\u00edmica de la Universidad Pablo de Olavide.<\/p>\n<p>El seminario <b>\u201cTaller de escritura creativa: de la idea a la palabra. Disparadores creativos y recursos\u201d <\/b>tambi\u00e9n celebrar\u00e1 su \u00faltima jornada en el aula 6 de la Casa Palacio de los Briones y contar\u00e1 con en primer lugar con Manuel Guerrero Cabrera, poeta y profesor de Lengua y Literatura, quien a las 9,30 hora impartir\u00e1 la conferencia \u201cLa poes\u00eda: literatura de minor\u00edas\u201d. A las 11,30 horas ser\u00e1 el turno de la escritora Mar\u00eda Zaragoza Hidalgo, quien disertar\u00e1 sobre \u201cQu\u00e9 hace que una novela funcione: la estructura, el conflicto y los personajes\u201d. Por la tarde, a las 15,30 horas, se celebrar\u00e1 una mesa redonda que llevar\u00e1 por t\u00edtulo \u201cEl oficio del escritor: inspiraci\u00f3n y genio frente a aprendizaje y trabajo\u201d, que estar\u00e1 dirigida por Elena Marqu\u00e9s N\u00fa\u00f1ez, correctora de textos y escritora, y en la que participar\u00e1n Manuel Guerrero, Mar\u00eda Zaragoza y el narrador y poeta Jos\u00e9 Quesada Moreno.<\/p>\n<p>Otro seminario que finaliza hoy es <b>\u201cUnity 3D, herramientas para la difusi\u00f3n del patrimonio. Museo y virtual. Carmona Lab\u201d<\/b>. \u00c9ste ser\u00e1 en el aula de inform\u00e1tica y estar\u00e1 impartido en su totalidad por Javier Belloso D\u00edaz-Berrio, gerente de la empresa MiraMultimedia. A las 8,30 horas, se iniciar\u00e1 con la clase pr\u00e1ctica \u201cElementos principales en Unity\u201d; tras un breve descanso, a las 11,00 horas, se iniciar\u00e1 la segunda sesi\u00f3n pr\u00e1ctica con \u201cCreaci\u00f3n de museo virtual para web\u201d. Y, por \u00faltimo, la \u00faltima clase del seminario ser\u00e1, a las 13,00 horas, con una clase te\u00f3rica que versar\u00e1 sobre \u201cAn\u00e1lisis de desarrollo y perspectivas\u201d.<\/p>\n<p>Por \u00faltimo, en el d\u00eda de hoy prosigue \u00a0la programaci\u00f3n el curso <b>\u201cEl entrenador personal y la valoraci\u00f3n postural\u201d<\/b>, cuyas clases impartir\u00e1n durante toda la jornada \u00c1frica Hidalgo Garc\u00eda, certificaci\u00f3n internacional en el m\u00e9todo Pilates como instructor trainer por la escuela Stott Pilates y entrenadora personal especialista en el m\u00e9todo Pilates y Ainara Mart\u00ednez Madrid, diplomada en Magisterio de Educaci\u00f3n F\u00edsica, entrenadora personal especialista en el m\u00e9todo Pilates y directora y docente de la escuela de formaci\u00f3n Energ\u00eda Pilates. Dicho seminario, que se celebra en la sala Cueva de la Batida del Hotel Alc\u00e1zar de la Reina, \u00a0comenzar\u00e1, a las 10,00 horas, con el taller \u201cHacer la valoraci\u00f3n din\u00e1mica por parejas\u201d, mientras que a las 12,30 horas comenzar\u00e1 la conferencia \u201cFases del entrenamiento personal y proceso mental del entrenador\u201d. Y por \u00faltimo, ya durante la tarde, a las 16,30 horas, ser\u00e1 el turno de la \u00faltima conferencia del curso \u201cPedagog\u00eda y did\u00e1ctica del entrenamiento personal\u201d, con la que concluir\u00e1 el seminario.<\/p>\n","protected":false},"excerpt":{"rendered":"<p>La sede de la Universidad Pablo de Olavide en Carmona acoge hoy la inauguraci\u00f3n del curso \u201cPatrimonio hist\u00f3rico: el mosaico romano en Carmona. Taller pr\u00e1ctico de elaboraci\u00f3n\u201d, dirigido por Santiago Recio Blanco, monitor del curso de formaci\u00f3n del Ayuntamiento de Carmona \u201cEl arte de crear mosaicos\u201d.  El seminario empezar\u00e1 con la conferencia \u201cEl mosaico romano en Carmona\u201d, a cargo de Mar\u00eda Trinidad G\u00f3mez Saucedo, del Servicio de Arqueolog\u00eda del Ayuntamiento.<\/p>\n","protected":false},"author":6,"featured_media":0,"comment_status":"closed","ping_status":"open","sticky":false,"template":"","format":"standard","meta":{"_monsterinsights_skip_tracking":false,"_monsterinsights_sitenote_active":false,"_monsterinsights_sitenote_note":"","_monsterinsights_sitenote_category":0,"footnotes":""},"categories":[6],"tags":[128,23,22,988,519],"class_list":["post-14552392","post","type-post","status-publish","format-standard","hentry","category-institucional","tag-arqueologia","tag-carmona","tag-cursos-de-verano","tag-mosaico","tag-olavide-en-carmona"],"_links":{"self":[{"href":"https:\/\/www.upo.es\/diario\/wp-json\/wp\/v2\/posts\/14552392","targetHints":{"allow":["GET"]}}],"collection":[{"href":"https:\/\/www.upo.es\/diario\/wp-json\/wp\/v2\/posts"}],"about":[{"href":"https:\/\/www.upo.es\/diario\/wp-json\/wp\/v2\/types\/post"}],"author":[{"embeddable":true,"href":"https:\/\/www.upo.es\/diario\/wp-json\/wp\/v2\/users\/6"}],"replies":[{"embeddable":true,"href":"https:\/\/www.upo.es\/diario\/wp-json\/wp\/v2\/comments?post=14552392"}],"version-history":[{"count":3,"href":"https:\/\/www.upo.es\/diario\/wp-json\/wp\/v2\/posts\/14552392\/revisions"}],"predecessor-version":[{"id":14567624,"href":"https:\/\/www.upo.es\/diario\/wp-json\/wp\/v2\/posts\/14552392\/revisions\/14567624"}],"wp:attachment":[{"href":"https:\/\/www.upo.es\/diario\/wp-json\/wp\/v2\/media?parent=14552392"}],"wp:term":[{"taxonomy":"category","embeddable":true,"href":"https:\/\/www.upo.es\/diario\/wp-json\/wp\/v2\/categories?post=14552392"},{"taxonomy":"post_tag","embeddable":true,"href":"https:\/\/www.upo.es\/diario\/wp-json\/wp\/v2\/tags?post=14552392"}],"curies":[{"name":"wp","href":"https:\/\/api.w.org\/{rel}","templated":true}]}}