{"id":14586346,"date":"2016-09-06T10:49:42","date_gmt":"2016-09-06T10:49:42","guid":{"rendered":"https:\/\/www.upo.es\/diario\/?p=14586346"},"modified":"2016-09-07T11:50:09","modified_gmt":"2016-09-07T11:50:09","slug":"el-84-de-los-residentes-estan-satisfechos-o-muy-satisfechos-con-su-estancia-en-la-residencia-universitaria-flora-tristan","status":"publish","type":"post","link":"https:\/\/www.upo.es\/diario\/institucional\/2016\/09\/el-84-de-los-residentes-estan-satisfechos-o-muy-satisfechos-con-su-estancia-en-la-residencia-universitaria-flora-tristan\/","title":{"rendered":"El 84% de los residentes est\u00e1n satisfechos o muy satisfechos con su estancia en la residencia universitaria Flora Trist\u00e1n"},"content":{"rendered":"<p><a href=\"https:\/\/www.upo.es\/diario\/wp-content\/uploads\/2016\/07\/flora2.jpg\"><img loading=\"lazy\" decoding=\"async\" class=\"alignright size-medium wp-image-14586347\" alt=\"flora2\" src=\"https:\/\/www.upo.es\/diario\/wp-content\/uploads\/2016\/07\/flora2-320x212.jpg\" width=\"320\" height=\"212\" srcset=\"https:\/\/www.upo.es\/diario\/wp-content\/uploads\/2016\/07\/flora2-320x212.jpg 320w, https:\/\/www.upo.es\/diario\/wp-content\/uploads\/2016\/07\/flora2-600x399.jpg 600w\" sizes=\"auto, (max-width: 320px) 100vw, 320px\" \/><\/a>El 84% de las personas residentes en la <a href=\"https:\/\/www.upo.es\/floratristan\">Residencia Universitaria Flora Trist\u00e1n<\/a> est\u00e1n satisfechas o muy satisfechas con su estancia en la misma, seg\u00fan una encuesta de opini\u00f3n realizada por la Universidad Pablo de Olavide, a la que han respondido casi el 100% de las personas que han residido en la Flora Trist\u00e1n a lo largo del curso 2015-2016.<\/p>\n<p>Por sexos han contestado un 38% hombres y un 62% mujeres, siendo la franja de edad mayoritaria la comprendida entre 18 y 30 a\u00f1os. En cuanto a la tipolog\u00eda de estudios cursados,\u00a0 un 49,1% de los residentes est\u00e1n estudiando un grado, un 43,4% de estudiantes un m\u00e1ster o doctorado, y el 7,5% \u00a0restante corresponde a estudiantes de ciclos formativos de grado superior.<\/p>\n<p>El servicio de atenci\u00f3n e informaci\u00f3n de la residencia, as\u00ed como el de vigilancia, se valoran de manera muy alta, con un resultado medio de 4,4 sobre 5, siendo el de vigilancia el m\u00e1s valorado por las mujeres. Solo el servicio de Internet es valorado negativamente por las personas residentes, y el resto de servicios, limpieza, conserjer\u00eda y coordinaci\u00f3n, obtienen un buen resultado, superando en todos los casos el 4.<\/p>\n<p>En cuanto a las instalaciones de la residencia,\u00a0 las valoraciones m\u00e1s positivas han sido las de la sala de estar y TV\u00a0 y\u00a0 la biblioteca.\u00a0 La sala de estar es un \u00a0lugar de encuentro entre residentes y en la que se ha instalado un servicio de copister\u00eda y la biblioteca es una zona muy transitada entre los residentes por tener un punto de acceso a internet fijo.<\/p>\n<p>En referencia a las actividades internas organizadas en coordinaci\u00f3n con el Consejo de Residentes \/ Dinamizadores de Portales, las mejor valoradas han sido las charlas formativas, talleres, comida de Navidad y el taller de pesti\u00f1os, que est\u00e1n valoradas con un 4,1 sobre 5. Respecto a las actividades externas, abiertas al barrio y en las que participan la mayor\u00eda de residentes becarios de colaboraci\u00f3n, se han valorado de manera especialmente positiva, como las\u00a0 actividades para conmemorar el\u00a0 d\u00eda 8 de marzo (4,12 sobre 5), y la realizada el 25 de noviembre, D\u00eda Internacional de la Eliminaci\u00f3n de la Violencia contra la Mujer (4,2 sobre 5). Los video-forum semanales tambi\u00e9n han recibido muy buena puntuaci\u00f3n, un 4,1 sobre 5.<\/p>\n<p>En cuanto a la forma en la que las personas residentes conocieron el proyecto social de la Residencia Universitaria Flora Trist\u00e1n, el 48% del total conocen la residencia a trav\u00e9s de amigos y familiares, aunque el 22,4% tienen conocimiento de la residencia a trav\u00e9s la propia Universidad Pablo de Olavide. Por otro lado, tambi\u00e9n un 22,4% conocen la residencia a trav\u00e9s de internet.<\/p>\n<p>Con respecto a la colaboraci\u00f3n desarrollada desde la Flora Trist\u00e1n en Pol\u00edgono Sur, durante el curso 2015-2016 ha contado con 40 personas becadas, de las cuales 24 han sido mujeres y 16 hombres. Ha participado en un total de 26 proyectos y acciones diferentes en 21 entidades. De manera directa ha trabajado con 520 personas en las diferentes colaboraciones desarrolladas de forma continua durante todo el curso. Ha realizado, como organizadora en coordinaci\u00f3n con otras entidades o como colaboradora, un total de 42 acciones, lo que supone 1.897 personas beneficiarias directas en el Pol\u00edgono Sur. Las personas beneficiarias indirectas en total han sido m\u00e1s de 4.000, teniendo gran incidencia en todo el barrio, con una poblaci\u00f3n superior a los 50.000 habitantes. La incidencia en la zona ha sido pues muy elevada, teniendo repercusi\u00f3n incluso en la ciudad de Sevilla.<\/p>\n<p>La Flora Trist\u00e1n, dependiente del Vicerrectorado de Cultura y Compromiso Social, es una iniciativa pionera en Andaluc\u00eda que pretende proporcionar a los estudiantes universitarios una formaci\u00f3n humana integral m\u00e1s all\u00e1 de la formaci\u00f3n acad\u00e9mica, adem\u00e1s de contribuir a la revitalizaci\u00f3n del Pol\u00edgono Sur a trav\u00e9s de la presencia cotidiana de los j\u00f3venes universitarios.<\/p>\n<p><b>La residencia mantiene abierto el plazo para solicitar una de las 220 plazas<\/b> de las que dispone para residir en alguna de sus 110 viviendas durante el curso 2016-2017. La solicitud de plaza y toda la informaci\u00f3n sobre las bases de admisi\u00f3n y documentaci\u00f3n se encuentra en la <a href=\"https:\/\/www.upo.es\/floratristan\">web de la Flora Trist\u00e1n<\/a>, mientras que las solicitudes pueden entregarse en persona o por correo ordinario en la propia residencia (C\/Residencia de Estudiantes s\/n, 41013 Sevilla).<\/p>\n","protected":false},"excerpt":{"rendered":"<p>El 84% de las personas residentes en la Residencia Universitaria Flora Trist\u00e1n est\u00e1n satisfechas o muy satisfechas con su estancia en la misma, seg\u00fan una encuesta de opini\u00f3n realizada por la Universidad Pablo de Olavide, a la que han respondido casi el 100% de las personas que han residido en la Flora Trist\u00e1n a lo largo del curso 2015-2016. <\/p>\n","protected":false},"author":2,"featured_media":0,"comment_status":"closed","ping_status":"open","sticky":false,"template":"","format":"standard","meta":{"_monsterinsights_skip_tracking":false,"_monsterinsights_sitenote_active":false,"_monsterinsights_sitenote_note":"","_monsterinsights_sitenote_category":0,"footnotes":""},"categories":[6],"tags":[238,21,357,3403,1064,3404,55],"class_list":["post-14586346","post","type-post","status-publish","format-standard","hentry","category-institucional","tag-encuesta","tag-estudiantes","tag-poligono-sur","tag-proyecto-social","tag-residencia-flora-tristan","tag-residentes","tag-ru-flora-tristan"],"_links":{"self":[{"href":"https:\/\/www.upo.es\/diario\/wp-json\/wp\/v2\/posts\/14586346","targetHints":{"allow":["GET"]}}],"collection":[{"href":"https:\/\/www.upo.es\/diario\/wp-json\/wp\/v2\/posts"}],"about":[{"href":"https:\/\/www.upo.es\/diario\/wp-json\/wp\/v2\/types\/post"}],"author":[{"embeddable":true,"href":"https:\/\/www.upo.es\/diario\/wp-json\/wp\/v2\/users\/2"}],"replies":[{"embeddable":true,"href":"https:\/\/www.upo.es\/diario\/wp-json\/wp\/v2\/comments?post=14586346"}],"version-history":[{"count":3,"href":"https:\/\/www.upo.es\/diario\/wp-json\/wp\/v2\/posts\/14586346\/revisions"}],"predecessor-version":[{"id":15191488,"href":"https:\/\/www.upo.es\/diario\/wp-json\/wp\/v2\/posts\/14586346\/revisions\/15191488"}],"wp:attachment":[{"href":"https:\/\/www.upo.es\/diario\/wp-json\/wp\/v2\/media?parent=14586346"}],"wp:term":[{"taxonomy":"category","embeddable":true,"href":"https:\/\/www.upo.es\/diario\/wp-json\/wp\/v2\/categories?post=14586346"},{"taxonomy":"post_tag","embeddable":true,"href":"https:\/\/www.upo.es\/diario\/wp-json\/wp\/v2\/tags?post=14586346"}],"curies":[{"name":"wp","href":"https:\/\/api.w.org\/{rel}","templated":true}]}}