{"id":14603000,"date":"2016-07-29T11:41:03","date_gmt":"2016-07-29T11:41:03","guid":{"rendered":"https:\/\/www.upo.es\/diario\/?p=14603000"},"modified":"2016-09-07T07:40:11","modified_gmt":"2016-09-07T07:40:11","slug":"un-total-de-750-estudiantes-y-368-ponentes-han-participado-en-los-30-cursos-de-verano-de-olavide-en-carmona","status":"publish","type":"post","link":"https:\/\/www.upo.es\/diario\/institucional\/2016\/07\/un-total-de-750-estudiantes-y-368-ponentes-han-participado-en-los-30-cursos-de-verano-de-olavide-en-carmona\/","title":{"rendered":"Un total de 750 estudiantes y 368 ponentes han participado en los 30 Cursos de Verano de Olavide en Carmona"},"content":{"rendered":"<figure id=\"attachment_14603002\" aria-describedby=\"caption-attachment-14603002\" style=\"width: 600px\" class=\"wp-caption aligncenter\"><a href=\"https:\/\/www.upo.es\/diario\/wp-content\/uploads\/2016\/07\/alumnos_carmona.jpg\"><img loading=\"lazy\" decoding=\"async\" class=\"size-large wp-image-14603002\" alt=\"alumnos de los cursos de verano en la Casa Palacio de los Briones, sede de la UPO en Carmona \u2013 Rectora Rosario Valpuesta\" src=\"https:\/\/www.upo.es\/diario\/wp-content\/uploads\/2016\/07\/alumnos_carmona-600x396.jpg\" width=\"600\" height=\"396\" srcset=\"https:\/\/www.upo.es\/diario\/wp-content\/uploads\/2016\/07\/alumnos_carmona-600x396.jpg 600w, https:\/\/www.upo.es\/diario\/wp-content\/uploads\/2016\/07\/alumnos_carmona-320x211.jpg 320w\" sizes=\"auto, (max-width: 600px) 100vw, 600px\" \/><\/a><figcaption id=\"caption-attachment-14603002\" class=\"wp-caption-text\">Casa Palacio de los Briones, sede de la UPO en Carmona \u2013 Rectora Rosario Valpuesta<\/figcaption><\/figure>\n<p>La <strong>decimocuarta edici\u00f3n de los Cursos de Verano de la Universidad Pablo de Olavide en Carmona<\/strong>, organizados con la colaboraci\u00f3n del Ayuntamiento de esta ciudad, han finalizado con la participaci\u00f3n de un total de 750 estudiantes en los 30 cursos de verano celebrados desde el pasado 4 de julio en la Casa Palacio de los Briones, sede de la UPO en Carmona \u2013 Rectora Rosario Valpuesta.<\/p>\n<p>Asimismo,<strong> 368 conferenciantes y ponentes han pasado por las aulas estivales. De entre estos docentes, 26 pertenecen a la Universidad Pablo de Olavide, mientras que los 342 restantes proceden de otras universidades espa\u00f1olas o extranjeras<\/strong>, adem\u00e1s de diferentes instituciones, organismos y empresas.<\/p>\n<p>Del total de 36 directores de los cursos de verano, nueve han sido profesores pertenecientes a la UPO y otros 27 personas no vinculadas a dicha instituci\u00f3n universitaria, y que provienen de otros \u00e1mbitos del mundo acad\u00e9mico, t\u00e9cnico o profesional.<\/p>\n<p>A trav\u00e9s de los acuerdos establecidos con instituciones, entidades y empresas colaboradoras, un 17 por ciento de los estudiantes participantes del programa 2016 han obtenido beca. A estas becas institucionales, hay que a\u00f1adir el 10% de becas oficiales que la universidad reconoce para cada uno de los cursos ofertados; de esta manera, un 27 por ciento de los estudiantes participantes en esta edici\u00f3n habr\u00edan obtenido beca.<\/p>\n<p>Adem\u00e1s, en esta edici\u00f3n se han incluido en la programaci\u00f3n estival dos cursos de verano coordinados por el Centro de Estudios Empresariales (CEADE) en virtud al convenio suscrito en julio de 2013 entre la Universidad Pablo de Olavide y esta instituci\u00f3n.<\/p>\n<p>Como datos interesantes cabe resaltar que en estas 14 ediciones se han celebrado un total de 429 cursos, en los que han intervenido un total de 5.211 especialistas, conferenciantes y ponentes, y han pasado por las aulas de la sede 13.457 estudiantes.<\/p>\n<p>Respecto al perfil del alumnado a lo largo de estas ediciones, ha ido variando. Si en las primeras ediciones predominaban los estudiantes universitarios que cursaban los cr\u00e9ditos de libre configuraci\u00f3n, en la actualidad se est\u00e1 encaminando hacia un perfil m\u00e1s profesional, de trabajadores que necesitan actualizar sus conocimientos para reciclarse en sus puestos de trabajo.<\/p>\n<p>Con respecto a los ponentes, hay que destacar la presencia en los Cursos de Verano de la dise\u00f1adora de moda \u00c1gatha Ruiz de la Prada; de las escritoras Almudena Grandes y Laura Freixas; del director de cine Benito Zambrano; de la periodista y presidenta de la Fundaci\u00f3n Jos\u00e9 Saramago Pilar del R\u00edo, as\u00ed como tambi\u00e9n de la periodista de la cadena SER Pepa Bueno. Tambi\u00e9n han participado otros periodistas como Javier Espinosa, corresponsal de guerra o Rafael Rodr\u00edguez Guerrero, presidente de la Asociaci\u00f3n de la Prensa de Sevilla; el guitarrista Manolo Sanl\u00facar; Roberto Diz, dise\u00f1ador de moda de la marca Robertodiz; Pepe Da Rosa, director y presentador del programa \u201cLa Calle de Enmedio\u201d de Canal Sur Radio o Gin\u00e9s Mel\u00e9ndez Sotos, director de la Escuela Nacional de Entrenadores de la Real Federaci\u00f3n Espa\u00f1ola de F\u00fatbol.<\/p>\n<p>Pablo Ruz, juez de M\u00f3stoles y ex juez de la Audiencia Nacional, tambi\u00e9n ha participado en los cursos de verano de \u2018Olavide en Carmona\u2019, as\u00ed como \u00c1ngel Sanz Coronado, jefe del \u00c1rea de Inteligencia Contraterrorista del Centro de Inteligencia contra el Terrorismo y el Crimen Organizado (CITCO); Joaqu\u00edn Castell\u00f3n Moreno, director operativo del Departamento de Seguridad Nacional del Ministerio de la Presidencia; Carmen Alborch, pol\u00edtica, senadora socialista y escritora o el te\u00f3logo Juan Jos\u00e9 Tamayo.\u00a0\u00a0\u00a0\u00a0\u00a0\u00a0\u00a0\u00a0\u00a0\u00a0 Destaca adem\u00e1s la participaci\u00f3n de Antonio Ram\u00edrez de Arellano, consejero de Econom\u00eda y Conocimiento de la Junta de Andaluc\u00eda; Jos\u00e9 Fiscal L\u00f3pez, consejero de Medio Ambiente y Ordenaci\u00f3n del Territorio de la Junta de Andaluc\u00eda y del analista pol\u00edtico Javier Aroca.<\/p>\n<p>En los Cursos de Verano se han abordado, entre otros, temas diversos, como la igualdad de g\u00e9nero, moda y comunicaci\u00f3n, el terrorismo yihadista, la cocina andaluza, el entrenamiento del futbolista, informaci\u00f3n y corrupci\u00f3n, el cambio clim\u00e1tico, el flamenco y las Bellas Artes, la violencia filioparental o los vinos de Andaluc\u00eda, en los que han participado diferentes especialistas nacionales e internacionales<i>. <\/i>Adem\u00e1s, el pr\u00f3ximo lunes comienza un curso pr\u00e1ctico destinado a realizar pr\u00e1cticas arqueol\u00f3gicas de campo.<\/p>\n<p>Los cursos se han desarrollado dentro de los cauces establecidos y en base a los par\u00e1metros de calidad, excelencia cient\u00edfica y acad\u00e9mica establecidos por el Vicerrectorado de Postgrado y Formaci\u00f3n Permanente de la Universidad Pablo de Olavide, disponiendo de ponentes de m\u00e1ximo nivel y una tem\u00e1tica de actualidad, que hacen de la sede Olavide en Carmona un centro de reflexi\u00f3n y generaci\u00f3n de conocimiento.<\/p>\n<p>Esta decimocuarta edici\u00f3n de los Cursos de Verano de la Universidad Pablo de Olavide ha contado con la colaboraci\u00f3n de 96 entidades p\u00fablicas y privadas, y con la financiaci\u00f3n de la Diputaci\u00f3n de Sevilla y la Fundaci\u00f3n Cajasol.<\/p>\n<p><b>Inauguraci\u00f3n curso Arqueolog\u00eda de campo<\/b><\/p>\n<p>Por otro lado, el pr\u00f3ximo lunes, a las 10 horas, en la sede de Olavide en Carmona comienza el \u00faltimo curso de verano denominado \u2018Arqueolog\u00eda de campo. Carmona Lab\u2019, coordinado por el director del Museo de la Ciudad de Carmona, Ricardo Lineros y el arque\u00f3logo del Servicio Municipal de Arqueolog\u00eda Juan Manuel Rom\u00e1n. En esta ocasi\u00f3n, el alumnado desarrollar\u00e1 su labor en una excavaci\u00f3n situada en la plaza de Juli\u00e1n Besteiro, que se encuentra ya a nivel de la \u00e9poca romana.<\/p>\n<p>Con respecto a este \u00faltimo, nos encontramos ante un \u00e1rea de trabajo en el que los estudiantes participantes podr\u00e1n, durante el mes de agosto, conocer todos los entresijos, proceso y gesti\u00f3n de una excavaci\u00f3n en un espacio como Carmona, que por su propia historia y valor patrimonial, posibilita este tipo de actividad. Y que cuenta con la colaboraci\u00f3n del Museo de la Ciudad, el Servicio de Arqueolog\u00eda Municipal y la Delegaci\u00f3n de Cultura y de Patrimonio Hist\u00f3rico y Turismo del Ayuntamiento de Carmona.<\/p>\n<p><b>Verano cultural<\/b><\/p>\n<p>La Sede Olavide en Carmona \u00a0&#8211; Rectora Rosario Valpuesta y la Delegaci\u00f3n de Cultura, Turismo y Patrimonio Hist\u00f3rico del Ayuntamiento de Carmona han organizado del 2 de junio al 6 de septiembre el Verano Cultural 2016 carmonense.<\/p>\n<p>La agenda del Verano Cultural 2016 ha incluido m\u00e1s de 60 actividades, entre las que destacan conciertos en los principales monumentos de la ciudad, dentro del Ciclo M\u00fasica y Patrimonio, representaciones teatrales, la mayor\u00eda con fines ben\u00e9ficos, conferencias, exposiciones, mon\u00f3logos, zarzuela y muchas actividades m\u00e1s, entre otras.<\/p>\n","protected":false},"excerpt":{"rendered":"<p>La decimocuarta edici\u00f3n de los Cursos de Verano de la Universidad Pablo de Olavide en Carmona, organizados con la colaboraci\u00f3n del Ayuntamiento de esta ciudad, han finalizado con la participaci\u00f3n de un total de 750 estudiantes en los 30 cursos de verano celebrados en la Casa Palacio de los Briones, sede de la UPO en Carmona \u2013 Rectora Rosario Valpuesta.<\/p>\n","protected":false},"author":6,"featured_media":0,"comment_status":"closed","ping_status":"open","sticky":false,"template":"","format":"standard","meta":{"_monsterinsights_skip_tracking":false,"_monsterinsights_sitenote_active":false,"_monsterinsights_sitenote_note":"","_monsterinsights_sitenote_category":0,"footnotes":""},"categories":[6],"tags":[3473,23,2104,22,509,519,199],"class_list":["post-14603000","post","type-post","status-publish","format-standard","hentry","category-institucional","tag-ayuntamiento","tag-carmona","tag-curso-2015-2016","tag-cursos-de-verano","tag-formacion","tag-olavide-en-carmona","tag-profesorado"],"_links":{"self":[{"href":"https:\/\/www.upo.es\/diario\/wp-json\/wp\/v2\/posts\/14603000","targetHints":{"allow":["GET"]}}],"collection":[{"href":"https:\/\/www.upo.es\/diario\/wp-json\/wp\/v2\/posts"}],"about":[{"href":"https:\/\/www.upo.es\/diario\/wp-json\/wp\/v2\/types\/post"}],"author":[{"embeddable":true,"href":"https:\/\/www.upo.es\/diario\/wp-json\/wp\/v2\/users\/6"}],"replies":[{"embeddable":true,"href":"https:\/\/www.upo.es\/diario\/wp-json\/wp\/v2\/comments?post=14603000"}],"version-history":[{"count":4,"href":"https:\/\/www.upo.es\/diario\/wp-json\/wp\/v2\/posts\/14603000\/revisions"}],"predecessor-version":[{"id":15188673,"href":"https:\/\/www.upo.es\/diario\/wp-json\/wp\/v2\/posts\/14603000\/revisions\/15188673"}],"wp:attachment":[{"href":"https:\/\/www.upo.es\/diario\/wp-json\/wp\/v2\/media?parent=14603000"}],"wp:term":[{"taxonomy":"category","embeddable":true,"href":"https:\/\/www.upo.es\/diario\/wp-json\/wp\/v2\/categories?post=14603000"},{"taxonomy":"post_tag","embeddable":true,"href":"https:\/\/www.upo.es\/diario\/wp-json\/wp\/v2\/tags?post=14603000"}],"curies":[{"name":"wp","href":"https:\/\/api.w.org\/{rel}","templated":true}]}}