{"id":14603699,"date":"2016-07-29T11:55:10","date_gmt":"2016-07-29T11:55:10","guid":{"rendered":"https:\/\/www.upo.es\/diario\/?p=14603699"},"modified":"2016-07-29T11:55:10","modified_gmt":"2016-07-29T11:55:10","slug":"la-universidad-pablo-de-olavide-retoma-el-cierre-de-edificios-este-verano","status":"publish","type":"post","link":"https:\/\/www.upo.es\/diario\/institucional\/2016\/07\/la-universidad-pablo-de-olavide-retoma-el-cierre-de-edificios-este-verano\/","title":{"rendered":"La Universidad Pablo de Olavide retoma el cierre de edificios este verano"},"content":{"rendered":"<figure id=\"attachment_10194602\" aria-describedby=\"caption-attachment-10194602\" style=\"width: 320px\" class=\"wp-caption alignright\"><img loading=\"lazy\" decoding=\"async\" class=\"size-medium wp-image-10194602\" alt=\"Campus de la UPO.\" src=\"https:\/\/www.upo.es\/diario\/wp-content\/uploads\/2015\/07\/vista_upo-320x191.jpg\" width=\"320\" height=\"191\" srcset=\"https:\/\/www.upo.es\/diario\/wp-content\/uploads\/2015\/07\/vista_upo-320x191.jpg 320w, https:\/\/www.upo.es\/diario\/wp-content\/uploads\/2015\/07\/vista_upo-600x358.jpg 600w\" sizes=\"auto, (max-width: 320px) 100vw, 320px\" \/><figcaption id=\"caption-attachment-10194602\" class=\"wp-caption-text\">Vista del campus de la UPO<\/figcaption><\/figure>\n<p>La Universidad Pablo de Olavide ha acordado el cierre este verano, por s\u00e9ptimo a\u00f1o consecutivo, de la mayor\u00eda de edificios y servicios del campus de esta universidad con el prop\u00f3sito de optimizar la gesti\u00f3n de los recursos, ajust\u00e1ndola a la demanda. As\u00ed,<strong> la UPO cerrar\u00e1 durante el mes de agosto la mayor\u00eda de los edificios del campus ma\u00f1ana y tarde<\/strong>.<\/p>\n<p>La Direcci\u00f3n General de Infraestructuras, Campus y Sostenibilidad de la Universidad Pablo de Olavide indica que el contexto de contracci\u00f3n presupuestaria, la necesidad de ahorrar energ\u00eda y el deber de optimizar la gesti\u00f3n ordinaria de los recursos p\u00fablicos, ajust\u00e1ndola a la reducci\u00f3n de la demanda, han llevado al equipo de gobierno a programar el cierre de determinados edificios y servicios del campus durante el mes de agosto. El cierre por edificio ser\u00e1 completo o parcial dependiendo de la naturaleza de los servicios. Adem\u00e1s, el cierre afectar\u00e1 a todos los servicios que se prestan en los mismos, como limpieza, mantenimiento o reparto de correspondencia.<\/p>\n<p>En agosto,<strong> desde el d\u00eda 1 hasta el 22, ambos inclusive, el cierre ser\u00e1 operativo en todo el campus, exceptuando los edificios donde se ubican los servicios administrativos de referencia<\/strong> (edificios 9 y 12), y el edificio 47, que abrir\u00e1 de 8:00 a 15:00 horas.<\/p>\n<p><strong>Desde el d\u00eda 23 hasta el 31 de agosto el cierre ser\u00e1 parcial<\/strong>, y los edificios se abrir\u00e1n desde las 8:00 hasta las 15:00 horas.<\/p>\n<p>Por su parte, <strong>la Biblioteca permanecer\u00e1 cerrada del 1 al 22 de agosto<\/strong>. Del 23 al 31 de ese mes abrir\u00e1 de lunes a viernes de 8:30 a 14:30 horas, y volver\u00e1 a su horario habitual, de 8:30 a 21:00 horas, el 1 de septiembre.<\/p>\n","protected":false},"excerpt":{"rendered":"<p>La Universidad Pablo de Olavide ha acordado el cierre este verano, por s\u00e9ptimo a\u00f1o consecutivo, de la mayor\u00eda de edificios y servicios del campus de esta universidad con el prop\u00f3sito de optimizar la gesti\u00f3n de los recursos, ajust\u00e1ndola a la demanda. As\u00ed, la UPO cerrar\u00e1 durante el mes de agosto la mayor\u00eda de los edificios del campus ma\u00f1ana y tarde. <\/p>\n","protected":false},"author":6,"featured_media":0,"comment_status":"closed","ping_status":"open","sticky":false,"template":"","format":"standard","meta":{"_monsterinsights_skip_tracking":false,"_monsterinsights_sitenote_active":false,"_monsterinsights_sitenote_note":"","_monsterinsights_sitenote_category":0,"footnotes":""},"categories":[6],"tags":[490,125,107,913,21],"class_list":["post-14603699","post","type-post","status-publish","format-standard","hentry","category-institucional","tag-administracion","tag-biblioteca","tag-campus","tag-eficiencia-energetica","tag-estudiantes"],"_links":{"self":[{"href":"https:\/\/www.upo.es\/diario\/wp-json\/wp\/v2\/posts\/14603699","targetHints":{"allow":["GET"]}}],"collection":[{"href":"https:\/\/www.upo.es\/diario\/wp-json\/wp\/v2\/posts"}],"about":[{"href":"https:\/\/www.upo.es\/diario\/wp-json\/wp\/v2\/types\/post"}],"author":[{"embeddable":true,"href":"https:\/\/www.upo.es\/diario\/wp-json\/wp\/v2\/users\/6"}],"replies":[{"embeddable":true,"href":"https:\/\/www.upo.es\/diario\/wp-json\/wp\/v2\/comments?post=14603699"}],"version-history":[{"count":2,"href":"https:\/\/www.upo.es\/diario\/wp-json\/wp\/v2\/posts\/14603699\/revisions"}],"predecessor-version":[{"id":14603705,"href":"https:\/\/www.upo.es\/diario\/wp-json\/wp\/v2\/posts\/14603699\/revisions\/14603705"}],"wp:attachment":[{"href":"https:\/\/www.upo.es\/diario\/wp-json\/wp\/v2\/media?parent=14603699"}],"wp:term":[{"taxonomy":"category","embeddable":true,"href":"https:\/\/www.upo.es\/diario\/wp-json\/wp\/v2\/categories?post=14603699"},{"taxonomy":"post_tag","embeddable":true,"href":"https:\/\/www.upo.es\/diario\/wp-json\/wp\/v2\/tags?post=14603699"}],"curies":[{"name":"wp","href":"https:\/\/api.w.org\/{rel}","templated":true}]}}