{"id":14986,"date":"2012-10-29T15:52:38","date_gmt":"2012-10-29T15:52:38","guid":{"rendered":"https:\/\/www.upo.es\/diario\/?p=14986"},"modified":"2012-10-29T15:54:58","modified_gmt":"2012-10-29T15:54:58","slug":"he-cumplido-el-sueno-de-cualquier-deportista-ser-olimpico","status":"publish","type":"post","link":"https:\/\/www.upo.es\/diario\/entrevista\/2012\/10\/he-cumplido-el-sueno-de-cualquier-deportista-ser-olimpico\/","title":{"rendered":"\u00abHe cumplido el sue\u00f1o de cualquier deportista: Ser ol\u00edmpico\u00bb"},"content":{"rendered":"<figure id=\"attachment_14987\" aria-describedby=\"caption-attachment-14987\" style=\"width: 300px\" class=\"wp-caption alignleft\"><a href=\"https:\/\/www.upo.es\/diario\/wp-content\/uploads\/2012\/10\/luisalberto_marcog.jpg\"><img loading=\"lazy\" decoding=\"async\" class=\"size-medium wp-image-14987\" title=\"luisalberto_marcog\" src=\"https:\/\/www.upo.es\/diario\/wp-content\/uploads\/2012\/10\/luisalberto_marcog-300x200.jpg\" alt=\"Luis Alberto Marco en Londres\" width=\"300\" height=\"200\" srcset=\"https:\/\/www.upo.es\/diario\/wp-content\/uploads\/2012\/10\/luisalberto_marcog-300x200.jpg 300w, https:\/\/www.upo.es\/diario\/wp-content\/uploads\/2012\/10\/luisalberto_marcog-1024x682.jpg 1024w, https:\/\/www.upo.es\/diario\/wp-content\/uploads\/2012\/10\/luisalberto_marcog-600x400.jpg 600w\" sizes=\"auto, (max-width: 300px) 100vw, 300px\" \/><\/a><figcaption id=\"caption-attachment-14987\" class=\"wp-caption-text\">Luis Alberto Marco se clasific\u00f3 para las semifinales de 800 metros y qued\u00f3 entre los 24 mejores atletas de esta prueba<\/figcaption><\/figure>\n<p><strong>\u00bfC\u00f3mo describir\u00edas tu primera participaci\u00f3n en unos Juegos Ol\u00edmpicos?<\/strong><\/p>\n<p>La experiencia ha sido muy buena. He cumplido uno de los sue\u00f1os de cualquier deportista, que es ser ol\u00edmpico. Estuve en Londres representando a mi pa\u00eds con los mejores deportistas del mundo en el evento m\u00e1s importante, es todo muy positivo.<\/p>\n<p><strong>Aunque no pudiste clasificarte para la final de los 800 metros, \u00bfqu\u00e9 valoraci\u00f3n haces de tu competici\u00f3n?<\/strong><\/p>\n<p>Aunque me hubiese gustado hacerlo algo mejor en la semifinal, la final estaba muy cara, hab\u00eda un gran nivel. Creo que hice una digna competici\u00f3n llegando hasta semifinales y estando entre los 24 mejores del mundo, cuando a priori por ranking ocupaba una peor posici\u00f3n.<\/p>\n<p><strong>El atletismo no ha conseguido los resultados esperados en la cita ol\u00edmpica, \u00bfa qu\u00e9 crees que puede deberse?<\/strong><\/p>\n<p>Son muchos los factores. El primero es que el atletismo es el deporte m\u00e1s universal y por tanto, con m\u00e1s nivel, pues es el deporte que cuenta con m\u00e1s federaciones afiliadas, m\u00e1s de 200. En cualquier pa\u00eds, por pobre que sea, es capaz de sacar un campe\u00f3n del mundo u ol\u00edmpico. En atletismo no se necesita grandes infraestructuras ni materiales, por lo que permite que cualquier persona pueda practicarlo. Otro motivo es que cada vez hay menos ni\u00f1os que quieran practicar deportes tan sacrificados como el atletismo. Hay mucha oferta de ocio y de otros deportes, sobre todo de equipo, lo que hace dif\u00edcil captar ni\u00f1os. La poca contraprestaci\u00f3n econ\u00f3mica en atletismo tampoco ayuda.<\/p>\n<p><strong>De todos los momentos vividos, \u00bfcu\u00e1l es el recuerdas con m\u00e1s cari\u00f1o?<\/strong><\/p>\n<p>Sin duda, el momento de la competici\u00f3n. Tanto las eliminatorias como las semifinales, pues hab\u00eda un gran ambiente en el estadio ol\u00edmpico de Stratford, sobre todo el d\u00eda de las semifinales, que adem\u00e1s ten\u00eda el aliciente de que nos jug\u00e1bamos las plazas para la final de 800, una de las m\u00e1s esperadas.<\/p>\n<p><strong>Para deportistas de alto nivel como t\u00fa, \u00bfes dif\u00edcil compaginar los estudios universitarios con vuestra preparaci\u00f3n deportiva y las competiciones?<\/strong><\/p>\n<p>Es complicado, ya no s\u00f3lo por las horas de entrenamiento que son muchas, sino sobre todo por las horas de descanso que no podemos saltarnos. Tambi\u00e9n los muchos viajes, que en mi caso, hago, y que nos hacen pasar muchos fines de semana fuera. Es necesario organizarse bien el tiempo y c\u00f3mo no, tener alguna ayuda a la hora de poder cambiar ex\u00e1menes que nos coincidan con competiciones.<strong><\/strong><\/p>\n<p><strong>Tras el regreso de Londres y tu victoria como campe\u00f3n de Espa\u00f1a en 800 metros, \u00bfcu\u00e1les son tus pr\u00f3ximos retos?<\/strong><\/p>\n<p>El pr\u00f3ximo a\u00f1o habr\u00e1 campeonato de Europa de pista cubierta y campeonato del Mundo al aire libre. Adem\u00e1s de los campeonatos de Espa\u00f1a y otras importantes competiciones.<\/p>\n","protected":false},"excerpt":{"rendered":"<p>\u00bfC\u00f3mo describir\u00edas tu primera participaci\u00f3n en unos Juegos Ol\u00edmpicos? La experiencia ha sido muy buena. He cumplido uno de los sue\u00f1os de cualquier deportista, que es ser ol\u00edmpico. Estuve en Londres representando a mi pa\u00eds con los mejores deportistas del mundo en el evento m\u00e1s importante, es todo muy positivo. Aunque no pudiste clasificarte para la final de los 800<a class=\"read-more\" href=\"https:\/\/www.upo.es\/diario\/entrevista\/2012\/10\/he-cumplido-el-sueno-de-cualquier-deportista-ser-olimpico\/\">[Read More&#8230;]<\/a><\/p>\n","protected":false},"author":1,"featured_media":14987,"comment_status":"closed","ping_status":"open","sticky":false,"template":"","format":"standard","meta":{"_monsterinsights_skip_tracking":false,"_monsterinsights_sitenote_active":false,"_monsterinsights_sitenote_note":"","_monsterinsights_sitenote_category":0,"footnotes":""},"categories":[24],"tags":[31,25,28],"class_list":["post-14986","post","type-post","status-publish","format-standard","has-post-thumbnail","hentry","category-entrevista","tag-atletismo","tag-jj-oo","tag-olimpiadas"],"_links":{"self":[{"href":"https:\/\/www.upo.es\/diario\/wp-json\/wp\/v2\/posts\/14986","targetHints":{"allow":["GET"]}}],"collection":[{"href":"https:\/\/www.upo.es\/diario\/wp-json\/wp\/v2\/posts"}],"about":[{"href":"https:\/\/www.upo.es\/diario\/wp-json\/wp\/v2\/types\/post"}],"author":[{"embeddable":true,"href":"https:\/\/www.upo.es\/diario\/wp-json\/wp\/v2\/users\/1"}],"replies":[{"embeddable":true,"href":"https:\/\/www.upo.es\/diario\/wp-json\/wp\/v2\/comments?post=14986"}],"version-history":[{"count":3,"href":"https:\/\/www.upo.es\/diario\/wp-json\/wp\/v2\/posts\/14986\/revisions"}],"predecessor-version":[{"id":15508,"href":"https:\/\/www.upo.es\/diario\/wp-json\/wp\/v2\/posts\/14986\/revisions\/15508"}],"wp:featuredmedia":[{"embeddable":true,"href":"https:\/\/www.upo.es\/diario\/wp-json\/wp\/v2\/media\/14987"}],"wp:attachment":[{"href":"https:\/\/www.upo.es\/diario\/wp-json\/wp\/v2\/media?parent=14986"}],"wp:term":[{"taxonomy":"category","embeddable":true,"href":"https:\/\/www.upo.es\/diario\/wp-json\/wp\/v2\/categories?post=14986"},{"taxonomy":"post_tag","embeddable":true,"href":"https:\/\/www.upo.es\/diario\/wp-json\/wp\/v2\/tags?post=14986"}],"curies":[{"name":"wp","href":"https:\/\/api.w.org\/{rel}","templated":true}]}}