{"id":1509155,"date":"2013-08-05T15:00:48","date_gmt":"2013-08-05T15:00:48","guid":{"rendered":"https:\/\/www.upo.es\/diario\/?p=1509155"},"modified":"2013-09-05T10:57:00","modified_gmt":"2013-09-05T10:57:00","slug":"el-consejo-superior-de-deporte-colaborara-en-el-master-en-preparacion-fisica-y-readaptacion-en-futbol-de-la-upo","status":"publish","type":"post","link":"https:\/\/www.upo.es\/diario\/institucional\/2013\/08\/el-consejo-superior-de-deporte-colaborara-en-el-master-en-preparacion-fisica-y-readaptacion-en-futbol-de-la-upo\/","title":{"rendered":"El Consejo Superior de Deporte colaborar\u00e1 en el m\u00e1ster en Preparaci\u00f3n F\u00edsica y Readaptaci\u00f3n en F\u00fatbol de la UPO"},"content":{"rendered":"<figure id=\"attachment_1509156\" aria-describedby=\"caption-attachment-1509156\" style=\"width: 320px\" class=\"wp-caption alignright\"><a href=\"https:\/\/www.upo.es\/diario\/wp-content\/uploads\/2013\/09\/conve_csd.jpg\"><img loading=\"lazy\" decoding=\"async\" class=\"size-medium wp-image-1509156\" alt=\"De izq. a dcha.: el vicerrector de Estudiantes, Deporte y Medio Ambiente de la UPO, Modesto Luce\u00f1o; el presidente del CSD, Miguel Cardenal, y el presidente de la Fundaci\u00f3n Caparr\u00f3s, Joaqu\u00edn Caparr\u00f3s. Foto: CSD\" src=\"https:\/\/www.upo.es\/diario\/wp-content\/uploads\/2013\/09\/conve_csd-320x213.jpg\" width=\"320\" height=\"213\" srcset=\"https:\/\/www.upo.es\/diario\/wp-content\/uploads\/2013\/09\/conve_csd-320x213.jpg 320w, https:\/\/www.upo.es\/diario\/wp-content\/uploads\/2013\/09\/conve_csd.jpg 500w\" sizes=\"auto, (max-width: 320px) 100vw, 320px\" \/><\/a><figcaption id=\"caption-attachment-1509156\" class=\"wp-caption-text\">De izq. a dcha.: el vicerrector de Estudiantes, Deporte y Medio Ambiente de la UPO, Modesto Luce\u00f1o; el presidente del CSD, Miguel Cardenal, y el presidente de la Fundaci\u00f3n Caparr\u00f3s, Joaqu\u00edn Caparr\u00f3s. Foto: CSD<\/figcaption><\/figure>\n<p>El presidente del Consejo Superior de Deportes (CSD), Miguel Cardenal; el vicerrector de Estudiantes, Deporte y Medio Ambiente de la Universidad Pablo Olavide de Sevilla, Modesto Luce\u00f1o, y el presidente de la Fundaci\u00f3n Caparr\u00f3s, Joaqu\u00edn Caparr\u00f3s, han firmado un convenio de colaboraci\u00f3n para la organizaci\u00f3n y el desarrollo del M\u00e1ster en Preparaci\u00f3n F\u00edsica y Readaptaci\u00f3n en F\u00fatbol de la UPO.<\/p>\n<p>Con esta iniciativa se pretende ofrecer un programa de postgrado espec\u00edfico, riguroso y de calidad, para garantizar el acceso a las competencias necesarias en la preparaci\u00f3n t\u00e9cnica y readaptaci\u00f3n en f\u00fatbol con las mejores condiciones de preparaci\u00f3n y competitividad.<\/p>\n<p>En el acto de firma del convenio, celebrado el pasado 5 de agosto en la sede del CSD, el presidente del CSD destac\u00f3 la importancia de la formaci\u00f3n de los t\u00e9cnicos deportivos. \u00abEl \u00e9xito del deporte espa\u00f1ol se basa en gran parte en la formaci\u00f3n de sus t\u00e9cnicos deportivos. Un ejemplo muy cercano lo tenemos en el reciente triunfo de las chicas del waterpolo con un entrenador como Miki Oca al frente\u00bb, asegur\u00f3.<\/p>\n<p>Por su parte, el vicerrector de Estudiantes, Deporte y Medio Ambiente de la UPO, Modesto Luce\u00f1o, agradeci\u00f3 tanto al CSD como a la Fundaci\u00f3n Caparr\u00f3s su colaboraci\u00f3n para el desarrollo de este m\u00e1ster. \u00abEste postgrado a\u00fana un deporte de una gran demanda social como el f\u00fatbol con la seriedad acad\u00e9mica de un m\u00e1ster que pretende ser un referente para el \u00e1mbito cient\u00edfico de la preparaci\u00f3n f\u00edsica en este deporte\u00bb, indic\u00f3.<\/p>\n<p>El actual entrenador del Levante y presidente de la Fundaci\u00f3n que lleva su nombre, Joaqu\u00edn Caparr\u00f3s, subray\u00f3 el compromiso del CSD y la Universidad Pablo de Olavide en la formaci\u00f3n de t\u00e9cnicos deportivos. \u00abDetr\u00e1s de los triunfos siempre hay un gran trabajo de los t\u00e9cnicos. Este M\u00e1ster en Preparaci\u00f3n F\u00edsica y Readaptaci\u00f3n en F\u00fatbol tendr\u00e1 una gran repercusi\u00f3n por su calidad\u00bb, concluy\u00f3.<\/p>\n","protected":false},"excerpt":{"rendered":"<p>El presidente del Consejo Superior de Deportes (CSD), Miguel Cardenal; el vicerrector de Estudiantes, Deporte y Medio Ambiente de la Universidad Pablo Olavide de Sevilla, Modesto Luce\u00f1o, y el presidente de la Fundaci\u00f3n Caparr\u00f3s, Joaqu\u00edn Caparr\u00f3s, han firmado un convenio de colaboraci\u00f3n para la organizaci\u00f3n y el desarrollo del M\u00e1ster en Preparaci\u00f3n F\u00edsica y Readaptaci\u00f3n en F\u00fatbol de la UPO.<\/p>\n","protected":false},"author":4,"featured_media":0,"comment_status":"closed","ping_status":"open","sticky":false,"template":"","format":"standard","meta":{"_monsterinsights_skip_tracking":false,"_monsterinsights_sitenote_active":false,"_monsterinsights_sitenote_note":"","_monsterinsights_sitenote_category":0,"footnotes":""},"categories":[6],"tags":[326,836,503,837,46,118],"class_list":["post-1509155","post","type-post","status-publish","format-standard","hentry","category-institucional","tag-convenio","tag-csd","tag-fundacion","tag-fundacion-caparros","tag-futbol","tag-master"],"_links":{"self":[{"href":"https:\/\/www.upo.es\/diario\/wp-json\/wp\/v2\/posts\/1509155","targetHints":{"allow":["GET"]}}],"collection":[{"href":"https:\/\/www.upo.es\/diario\/wp-json\/wp\/v2\/posts"}],"about":[{"href":"https:\/\/www.upo.es\/diario\/wp-json\/wp\/v2\/types\/post"}],"author":[{"embeddable":true,"href":"https:\/\/www.upo.es\/diario\/wp-json\/wp\/v2\/users\/4"}],"replies":[{"embeddable":true,"href":"https:\/\/www.upo.es\/diario\/wp-json\/wp\/v2\/comments?post=1509155"}],"version-history":[{"count":4,"href":"https:\/\/www.upo.es\/diario\/wp-json\/wp\/v2\/posts\/1509155\/revisions"}],"predecessor-version":[{"id":1509158,"href":"https:\/\/www.upo.es\/diario\/wp-json\/wp\/v2\/posts\/1509155\/revisions\/1509158"}],"wp:attachment":[{"href":"https:\/\/www.upo.es\/diario\/wp-json\/wp\/v2\/media?parent=1509155"}],"wp:term":[{"taxonomy":"category","embeddable":true,"href":"https:\/\/www.upo.es\/diario\/wp-json\/wp\/v2\/categories?post=1509155"},{"taxonomy":"post_tag","embeddable":true,"href":"https:\/\/www.upo.es\/diario\/wp-json\/wp\/v2\/tags?post=1509155"}],"curies":[{"name":"wp","href":"https:\/\/api.w.org\/{rel}","templated":true}]}}