{"id":15157810,"date":"2016-09-05T10:49:29","date_gmt":"2016-09-05T10:49:29","guid":{"rendered":"https:\/\/www.upo.es\/diario\/?p=15157810"},"modified":"2016-09-07T11:19:38","modified_gmt":"2016-09-07T11:19:38","slug":"publicacion-de-la-coleccion-cuadernos-de-paisajes-coordinada-por-el-catedratico-de-la-upo-juan-f-ojeda","status":"publish","type":"post","link":"https:\/\/www.upo.es\/diario\/institucional\/2016\/09\/publicacion-de-la-coleccion-cuadernos-de-paisajes-coordinada-por-el-catedratico-de-la-upo-juan-f-ojeda\/","title":{"rendered":"Publicaci\u00f3n de la colecci\u00f3n \u00abCuadernos de Paisajes\u00bb coordinada por el catedr\u00e1tico de la UPO Juan F. Ojeda"},"content":{"rendered":"<figure id=\"attachment_15157811\" aria-describedby=\"caption-attachment-15157811\" style=\"width: 600px\" class=\"wp-caption aligncenter\"><a href=\"https:\/\/www.upo.es\/diario\/wp-content\/uploads\/2016\/09\/Ojeda_JuanFco.jpg\"><img loading=\"lazy\" decoding=\"async\" class=\"size-large wp-image-15157811\" alt=\"catedr\u00e1tico de Geograf\u00eda de la Universidad Pablo de Olavide Juan Francisco Ojeda.\" src=\"https:\/\/www.upo.es\/diario\/wp-content\/uploads\/2016\/09\/Ojeda_JuanFco-600x400.jpg\" width=\"600\" height=\"400\" srcset=\"https:\/\/www.upo.es\/diario\/wp-content\/uploads\/2016\/09\/Ojeda_JuanFco-600x400.jpg 600w, https:\/\/www.upo.es\/diario\/wp-content\/uploads\/2016\/09\/Ojeda_JuanFco-320x213.jpg 320w\" sizes=\"auto, (max-width: 600px) 100vw, 600px\" \/><\/a><figcaption id=\"caption-attachment-15157811\" class=\"wp-caption-text\">El catedr\u00e1tico de Geograf\u00eda de la Universidad Pablo de Olavide Juan Francisco Ojeda.<\/figcaption><\/figure>\n<p>El catedr\u00e1tico de Geograf\u00eda de la Universidad Pablo de Olavide Juan Francisco Ojeda coordina la <b>colecci\u00f3n \u201cCuadernos de Paisajes\u201d<\/b> (editorial Entorno Gr\u00e1fico, 2016), una gu\u00eda de espacios singulares andaluces que forma parte del proyecto de investigaci\u00f3n de Excelencia de la Junta de Andaluc\u00eda \u201cArchivo de Percepciones y Representaciones de Paisajes 2011-2015\u201d, adscrito a la UPO y en el que participan profesores de la Universidad de Sevilla y de la Universidad de C\u00f3rdoba.<\/p>\n<p>Fruto del trabajo de un equipo interdisciplinar formado por ge\u00f3grafos, historiadores, ambientalistas, arquitectos, pintores y literatos, nace esta colecci\u00f3n cuya intenci\u00f3n es la de acompa\u00f1ar al propio habitante del \u00e1mbito estudiado y a su visitante para inducirles o subrayarles experiencias directas de disfrute y valoraci\u00f3n paisaj\u00edstica, ya que, en palabras de Juan Francisco Ojeda, \u201cel paisaje, cuyo origen es tao\u00edsta (un ying yang), empieza cuando empieza la emoci\u00f3n. Esa es la diferencia fundamental entre paisaje, ecosistema, espacio y territorio\u201d.<\/p>\n<p>A los cuatro primeros cuadernos ya publicados sobre \u00e1mbitos andaluces tanto urbanos (<b>\u201cFachadas mar\u00edtimas de C\u00e1diz\u201d, <\/b>de Rafael Ll\u00e1cer, y <b>\u201cPasear Sevilla, el esp\u00edritu del jard\u00edn\u201d<\/b>, de C\u00e9sar L\u00f3pez) como rurales (\u201c<b>Do\u00f1ana, el paisaje relatado<\/b>\u201d, de Juan Villa, Daniel Bilbao, Juan Francisco Ojeda y \u00c1gueda Villa, y \u201c<b>Paisajes distintivos de las Subb\u00e9ticas Cordobesas\u201d<\/b>, de Alfonso Mulero, Jos\u00e9 Naranjo y Mart\u00edn Torres), van a seguir otros n\u00fameros de esta colecci\u00f3n referidos a territorios y paisajes ib\u00e9ricos (Granada, C\u00f3rdoba, M\u00e1laga, Guadarrama, Raya de Portugal\u2026) y mediterr\u00e1neos (Ampurd\u00e1n, Provenza\u2026).<\/p>\n<p><b>Juan Francisco Ojeda Rivera<\/b>, l\u00edder del proyecto de investigaci\u00f3n de Excelencia de la Junta de Andaluc\u00eda \u201cArchivo de Percepciones y Representaciones de Paisajes 2011-2015\u201d y coordinador de la colecci\u00f3n \u201cCuadernos de Paisajes\u201d, es catedr\u00e1tico de Geograf\u00eda en la Universidad Pablo de Olavide, de Sevilla. Imparte docencia en grados, masters y doctorados de Humanidades, Ambientales, Sociolog\u00eda, Derecho y Arquitectura. Desde 2005 a 2011 ha sido l\u00edder del Grupo de Investigaci\u00f3n Interuniversitario <a href=\"http:\/\/www.upo.es\/giest\">\u201cEstructuras y Sistemas Territoriales\u201d<\/a> y tiene cinco sexenios de investigaci\u00f3n homologados por la CNEAI. Miembro o director de equipos en una veintena de proyectos nacionales e internacionales, cuenta con m\u00e1s de un centenar de publicaciones, en las que trata de ambientalismo, paisajes, desarrollo, equilibrio territorial, marginalidades o ciudades inteligentes. Fue vicerrector de la Universidad de Sevilla, director del Departamento de Humanidades de la Universidad Pablo de Olavide, representante universitario en el Parque de Do\u00f1ana y miembro del\u00a0 Comit\u00e9 Andaluz de Reservas de la Biosfera. Forma parte del Consejo Rector del Centro de Estudios Paisaje y Territorio (CEPT), de la Consejer\u00eda de Obras P\u00fablicas y Transporte de la Junta de Andaluc\u00eda y las Universidades P\u00fablicas Andaluzas.<\/p>\n","protected":false},"excerpt":{"rendered":"<p>El catedr\u00e1tico de Geograf\u00eda de la Universidad Pablo de Olavide Juan Francisco Ojeda coordina la colecci\u00f3n \u201cCuadernos de Paisajes\u201d (editorial Entorno Gr\u00e1fico, 2016), una gu\u00eda de espacios singulares andaluces que forma parte del proyecto de investigaci\u00f3n de Excelencia de la Junta de Andaluc\u00eda \u201cArchivo de Percepciones y Representaciones de Paisajes 2011-2015\u201d, adscrito a la UPO y en el que participan profesores de la Universidad de Sevilla y de la Universidad de C\u00f3rdoba.<\/p>\n","protected":false},"author":2,"featured_media":0,"comment_status":"closed","ping_status":"open","sticky":false,"template":"","format":"standard","meta":{"_monsterinsights_skip_tracking":false,"_monsterinsights_sitenote_active":false,"_monsterinsights_sitenote_note":"","_monsterinsights_sitenote_category":0,"footnotes":""},"categories":[6],"tags":[190,1014,654,260,3023,3523,3522,2024,150,333,401,3521,2054,3107],"class_list":["post-15157810","post","type-post","status-publish","format-standard","hentry","category-institucional","tag-andalucia","tag-arquitectura","tag-catedratico","tag-ciencias-ambientales","tag-ecosistema","tag-emocion","tag-espacio","tag-geografia","tag-historia","tag-libro","tag-literatura","tag-paisajes","tag-pintura","tag-territorio"],"_links":{"self":[{"href":"https:\/\/www.upo.es\/diario\/wp-json\/wp\/v2\/posts\/15157810","targetHints":{"allow":["GET"]}}],"collection":[{"href":"https:\/\/www.upo.es\/diario\/wp-json\/wp\/v2\/posts"}],"about":[{"href":"https:\/\/www.upo.es\/diario\/wp-json\/wp\/v2\/types\/post"}],"author":[{"embeddable":true,"href":"https:\/\/www.upo.es\/diario\/wp-json\/wp\/v2\/users\/2"}],"replies":[{"embeddable":true,"href":"https:\/\/www.upo.es\/diario\/wp-json\/wp\/v2\/comments?post=15157810"}],"version-history":[{"count":4,"href":"https:\/\/www.upo.es\/diario\/wp-json\/wp\/v2\/posts\/15157810\/revisions"}],"predecessor-version":[{"id":15190786,"href":"https:\/\/www.upo.es\/diario\/wp-json\/wp\/v2\/posts\/15157810\/revisions\/15190786"}],"wp:attachment":[{"href":"https:\/\/www.upo.es\/diario\/wp-json\/wp\/v2\/media?parent=15157810"}],"wp:term":[{"taxonomy":"category","embeddable":true,"href":"https:\/\/www.upo.es\/diario\/wp-json\/wp\/v2\/categories?post=15157810"},{"taxonomy":"post_tag","embeddable":true,"href":"https:\/\/www.upo.es\/diario\/wp-json\/wp\/v2\/tags?post=15157810"}],"curies":[{"name":"wp","href":"https:\/\/api.w.org\/{rel}","templated":true}]}}