{"id":1527316,"date":"2013-09-06T05:30:47","date_gmt":"2013-09-06T05:30:47","guid":{"rendered":"https:\/\/www.upo.es\/diario\/?p=1527316"},"modified":"2013-09-09T10:48:46","modified_gmt":"2013-09-09T10:48:46","slug":"la-universidad-pablo-de-olavide-recibe-el-proximo-lunes-a-sus-nuevos-erasmus-extranjeros","status":"publish","type":"post","link":"https:\/\/www.upo.es\/diario\/institucional\/2013\/09\/la-universidad-pablo-de-olavide-recibe-el-proximo-lunes-a-sus-nuevos-erasmus-extranjeros\/","title":{"rendered":"La Universidad Pablo de Olavide recibe el pr\u00f3ximo lunes a sus nuevos Erasmus extranjeros"},"content":{"rendered":"<figure id=\"attachment_1527318\" aria-describedby=\"caption-attachment-1527318\" style=\"width: 320px\" class=\"wp-caption alignright\"><a href=\"https:\/\/www.upo.es\/diario\/wp-content\/uploads\/2013\/09\/erasmus.jpg\"><img loading=\"lazy\" decoding=\"async\" class=\"size-medium wp-image-1527318\" alt=\"Imagen del acto de bienvenida del curso pasado.\" src=\"https:\/\/www.upo.es\/diario\/wp-content\/uploads\/2013\/09\/erasmus-320x202.jpg\" width=\"320\" height=\"202\" srcset=\"https:\/\/www.upo.es\/diario\/wp-content\/uploads\/2013\/09\/erasmus-320x202.jpg 320w, https:\/\/www.upo.es\/diario\/wp-content\/uploads\/2013\/09\/erasmus-1024x649.jpg 1024w, https:\/\/www.upo.es\/diario\/wp-content\/uploads\/2013\/09\/erasmus-600x380.jpg 600w\" sizes=\"auto, (max-width: 320px) 100vw, 320px\" \/><\/a><figcaption id=\"caption-attachment-1527318\" class=\"wp-caption-text\">Imagen del acto de bienvenida del curso pasado.<\/figcaption><\/figure>\n<p>La Universidad Pablo de Olavide recibir\u00e1 el pr\u00f3ximo lunes 9 de septiembre, a las 10 horas en la sala de grados del edificio 7, a los m\u00e1s de 500 nuevos Erasmus que se incorporar\u00e1n a sus aulas para este nuevo curso. Pilar Rodr\u00edguez Reina, vicerrectora de Internacionalizaci\u00f3n y Comunicaci\u00f3n, Jos\u00e9 Mor\u00e1n Carrillo, director general de Relaciones Internacionales, y Miguel \u00c1ngel Herrera S\u00e1nchez, director del \u00c1rea de Relaciones Internacionales y Cooperaci\u00f3n, ser\u00e1n los encargados de recibir a los estudiantes.<\/p>\n<p>Despu\u00e9s se celebrar\u00e1 una reuni\u00f3n informativa en la que las responsables de los alumnos internacionales les ofrecer\u00e1n un primer acercamiento a la universidad y, a continuaci\u00f3n, los estudiantes colaboradores guiar\u00e1n a los reci\u00e9n llegados por distintos puntos de inter\u00e9s dentro del campus, como la Biblioteca o el Servicio de Deportes.<\/p>\n","protected":false},"excerpt":{"rendered":"<p>La Universidad Pablo de Olavide recibir\u00e1 el pr\u00f3ximo lunes 9 de septiembre, a las 10 horas en la sala de grados del edificio 7, a los m\u00e1s de 500 nuevos Erasmus que se incorporar\u00e1n a sus aulas para este nuevo curso. Pilar Rodr\u00edguez Reina, vicerrectora de Internacionalizaci\u00f3n y Comunicaci\u00f3n, Jos\u00e9 Mor\u00e1n Carrillo, director general de Relaciones Internacionales, y Miguel \u00c1ngel Herrera S\u00e1nchez, director del \u00c1rea de Relaciones Internacionales y Cooperaci\u00f3n, ser\u00e1n los encargados de recibir a los estudiantes.  <\/p>\n","protected":false},"author":2,"featured_media":0,"comment_status":"closed","ping_status":"open","sticky":false,"template":"","format":"standard","meta":{"_monsterinsights_skip_tracking":false,"_monsterinsights_sitenote_active":false,"_monsterinsights_sitenote_note":"","_monsterinsights_sitenote_category":0,"footnotes":""},"categories":[6],"tags":[847,156,846],"class_list":["post-1527316","post","type-post","status-publish","format-standard","hentry","category-institucional","tag-aric","tag-bienvenidas","tag-erasmus"],"_links":{"self":[{"href":"https:\/\/www.upo.es\/diario\/wp-json\/wp\/v2\/posts\/1527316","targetHints":{"allow":["GET"]}}],"collection":[{"href":"https:\/\/www.upo.es\/diario\/wp-json\/wp\/v2\/posts"}],"about":[{"href":"https:\/\/www.upo.es\/diario\/wp-json\/wp\/v2\/types\/post"}],"author":[{"embeddable":true,"href":"https:\/\/www.upo.es\/diario\/wp-json\/wp\/v2\/users\/2"}],"replies":[{"embeddable":true,"href":"https:\/\/www.upo.es\/diario\/wp-json\/wp\/v2\/comments?post=1527316"}],"version-history":[{"count":8,"href":"https:\/\/www.upo.es\/diario\/wp-json\/wp\/v2\/posts\/1527316\/revisions"}],"predecessor-version":[{"id":1546423,"href":"https:\/\/www.upo.es\/diario\/wp-json\/wp\/v2\/posts\/1527316\/revisions\/1546423"}],"wp:attachment":[{"href":"https:\/\/www.upo.es\/diario\/wp-json\/wp\/v2\/media?parent=1527316"}],"wp:term":[{"taxonomy":"category","embeddable":true,"href":"https:\/\/www.upo.es\/diario\/wp-json\/wp\/v2\/categories?post=1527316"},{"taxonomy":"post_tag","embeddable":true,"href":"https:\/\/www.upo.es\/diario\/wp-json\/wp\/v2\/tags?post=1527316"}],"curies":[{"name":"wp","href":"https:\/\/api.w.org\/{rel}","templated":true}]}}