{"id":15278316,"date":"2016-09-12T12:40:56","date_gmt":"2016-09-12T12:40:56","guid":{"rendered":"https:\/\/www.upo.es\/diario\/?p=15278316"},"modified":"2016-09-12T12:42:20","modified_gmt":"2016-09-12T12:42:20","slug":"cultura-y-las-diez-universidades-publicas-andaluzas-firman-un-convenio-de-cooperacion-en-materia-cultural","status":"publish","type":"post","link":"https:\/\/www.upo.es\/diario\/institucional\/2016\/09\/cultura-y-las-diez-universidades-publicas-andaluzas-firman-un-convenio-de-cooperacion-en-materia-cultural\/","title":{"rendered":"Cultura y las diez universidades p\u00fablicas andaluzas firman un convenio de cooperaci\u00f3n en materia cultural"},"content":{"rendered":"<figure id=\"attachment_15278317\" aria-describedby=\"caption-attachment-15278317\" style=\"width: 600px\" class=\"wp-caption aligncenter\"><a href=\"https:\/\/www.upo.es\/diario\/wp-content\/uploads\/2016\/09\/12092016-CONVENIO-UNIVs-CORD-1..jpg\"><img loading=\"lazy\" decoding=\"async\" class=\"size-large wp-image-15278317\" alt=\"En el acto, celebrado en C\u00f3rdoba, han estado presentes los rectores de las diez universidades p\u00fablicas andaluzas\" src=\"https:\/\/www.upo.es\/diario\/wp-content\/uploads\/2016\/09\/12092016-CONVENIO-UNIVs-CORD-1.-600x400.jpg\" width=\"600\" height=\"400\" srcset=\"https:\/\/www.upo.es\/diario\/wp-content\/uploads\/2016\/09\/12092016-CONVENIO-UNIVs-CORD-1.-600x400.jpg 600w, https:\/\/www.upo.es\/diario\/wp-content\/uploads\/2016\/09\/12092016-CONVENIO-UNIVs-CORD-1.-320x213.jpg 320w\" sizes=\"auto, (max-width: 600px) 100vw, 600px\" \/><\/a><figcaption id=\"caption-attachment-15278317\" class=\"wp-caption-text\">En el acto, celebrado en C\u00f3rdoba, han estado presentes los rectores de las diez universidades p\u00fablicas andaluzas<\/figcaption><\/figure>\n<p><strong>La consejera de Cultura, Rosa Aguilar, ha firmado hoy en C\u00f3rdoba un convenio de cooperaci\u00f3n cultural con los rectores de las diez universidades p\u00fablicas de Andaluc\u00eda<\/strong> por el que se establecen l\u00edneas conjuntas de actuaci\u00f3n relativas a formaci\u00f3n, investigaci\u00f3n y publicaciones y que pretende impulsar la difusi\u00f3n de la cultura, la docencia especializada y la investigaci\u00f3n e innovaci\u00f3n aplicadas. El protocolo tambi\u00e9n tiene por objeto establecer un marco de cooperaci\u00f3n en materia de pr\u00e1cticas para contribuir a la formaci\u00f3n integral de los universitarios. Seg\u00fan el convenio, que entra en vigor hoy con una vigencia de dos a\u00f1os, la ejecuci\u00f3n y el desarrollo de estas actuaciones se instrumentar\u00e1n a trav\u00e9s de convenios espec\u00edficos para poner en marcha programas culturales, actividades y circuitos.<\/p>\n<p>\u201cLo que hoy sellamos aqu\u00ed es una alianza estrat\u00e9gica que nos hace poner una mirada com\u00fan, colectiva y compartida con las universidades p\u00fablicas de Andaluc\u00eda para abrir un tiempo nuevo que significa industria cultural, generaci\u00f3n de empleo, impulso y desarrollo econ\u00f3mico, turismo cultural, que tambi\u00e9n habla de empleo, actividad cultural, patrimonio y formaci\u00f3n para muchos j\u00f3venes\u201d, ha dicho la consejera, que ha adelantado que los universitarios tendr\u00e1n en la cultura \u201cun espacio para el emprendimiento, de la mano de la innovaci\u00f3n tecnol\u00f3gica, la investigaci\u00f3n y la creatividad, elementos esenciales e intr\u00ednsecos a las universidades\u201d.<\/p>\n<p>Tras la firma del convenio, Aguilar ha asegurado que la pol\u00edtica cultural de la Junta tiene como \u201cse\u00f1a de identidad\u201d la colaboraci\u00f3n y cooperaci\u00f3n institucional, especialmente con las universidades p\u00fablicas andaluzas. La consejera ha recordado adem\u00e1s que las universidades andaluzas han sido \u201cpioneras en el reconocimiento acad\u00e9mico de profesiones vinculadas a la cultura y en la docencia cultural\u201d y ha avanzado que el convenio permitir\u00e1 a los universitarios realizar pr\u00e1cticas en distintos espacios de la cultura en Andaluc\u00eda, \u201cespacios patrimoniales, museos, conjuntos, bibliotecas y otros centros culturales gestionados por la Consejer\u00eda de Cultura y sus entidades instrumentales\u201d, ha dicho Aguilar.<\/p>\n<p>En el acto, celebrado hoy en C\u00f3rdoba, han estado presentes los rectores de las diez universidades p\u00fablicas andaluzas: Carmelo Rodr\u00edguez (Universidad de Almer\u00eda), Eduardo Gonz\u00e1lez Mazo (Universidad de C\u00e1diz), Jos\u00e9 Carlos G\u00f3mez Villamandos (Universidad de C\u00f3rdoba), Pilar Aranda (Universidad de Granada), Francisco Ruiz Mu\u00f1oz (Universidad de Huelva), Juan G\u00f3mez Ortega (Universidad de Ja\u00e9n), Jos\u00e9 \u00c1ngel Narv\u00e1ez Bueno (Universidad de M\u00e1laga) y Miguel \u00c1ngel Castro (Universidad de Sevilla), as\u00ed como Vicente Guzm\u00e1n, rector de la Universidad Pablo de Olavide, y el vicerrector de Planificaci\u00f3n Estrat\u00e9gica, Evaluaci\u00f3n y Responsabilidad Social de la Universidad Internacional de Andalucia, Miguel Agudo Zamora, en representaci\u00f3n del rector, Eugenio Dom\u00ednguez Vilches.<\/p>\n<p>&nbsp;<\/p>\n","protected":false},"excerpt":{"rendered":"<p>La consejera de Cultura, Rosa Aguilar, ha firmado hoy en C\u00f3rdoba un convenio de cooperaci\u00f3n cultural con los rectores de las diez universidades p\u00fablicas de Andaluc\u00eda por el que se establecen l\u00edneas conjuntas de actuaci\u00f3n relativas a formaci\u00f3n, investigaci\u00f3n y publicaciones y que pretende impulsar la difusi\u00f3n de la cultura, la docencia especializada y la investigaci\u00f3n e innovaci\u00f3n aplicadas. <\/p>\n","protected":false},"author":6,"featured_media":0,"comment_status":"closed","ping_status":"open","sticky":false,"template":"","format":"standard","meta":{"_monsterinsights_skip_tracking":false,"_monsterinsights_sitenote_active":false,"_monsterinsights_sitenote_note":"","_monsterinsights_sitenote_category":0,"footnotes":""},"categories":[6],"tags":[190,326,548,5834,203,38,39,106],"class_list":["post-15278316","post","type-post","status-publish","format-standard","hentry","category-institucional","tag-andalucia","tag-convenio","tag-cordoba","tag-cultura","tag-junta-de-andalucia","tag-rector","tag-universidades","tag-vicente-c-guzman"],"_links":{"self":[{"href":"https:\/\/www.upo.es\/diario\/wp-json\/wp\/v2\/posts\/15278316","targetHints":{"allow":["GET"]}}],"collection":[{"href":"https:\/\/www.upo.es\/diario\/wp-json\/wp\/v2\/posts"}],"about":[{"href":"https:\/\/www.upo.es\/diario\/wp-json\/wp\/v2\/types\/post"}],"author":[{"embeddable":true,"href":"https:\/\/www.upo.es\/diario\/wp-json\/wp\/v2\/users\/6"}],"replies":[{"embeddable":true,"href":"https:\/\/www.upo.es\/diario\/wp-json\/wp\/v2\/comments?post=15278316"}],"version-history":[{"count":2,"href":"https:\/\/www.upo.es\/diario\/wp-json\/wp\/v2\/posts\/15278316\/revisions"}],"predecessor-version":[{"id":15279126,"href":"https:\/\/www.upo.es\/diario\/wp-json\/wp\/v2\/posts\/15278316\/revisions\/15279126"}],"wp:attachment":[{"href":"https:\/\/www.upo.es\/diario\/wp-json\/wp\/v2\/media?parent=15278316"}],"wp:term":[{"taxonomy":"category","embeddable":true,"href":"https:\/\/www.upo.es\/diario\/wp-json\/wp\/v2\/categories?post=15278316"},{"taxonomy":"post_tag","embeddable":true,"href":"https:\/\/www.upo.es\/diario\/wp-json\/wp\/v2\/tags?post=15278316"}],"curies":[{"name":"wp","href":"https:\/\/api.w.org\/{rel}","templated":true}]}}