{"id":15345759,"date":"2016-09-16T10:00:01","date_gmt":"2016-09-16T10:00:01","guid":{"rendered":"https:\/\/www.upo.es\/diario\/?p=15345759"},"modified":"2016-09-16T10:00:01","modified_gmt":"2016-09-16T10:00:01","slug":"sobresaliente-cum-laude-para-la-tesis-efecto-cronico-de-un-programa-de-acondicionamiento-fisico-basado-en-el-metodo-pilates-sobre-variables-de-la-aptitud-fisica-percepcion-de-la-calidad-de-v","status":"publish","type":"post","link":"https:\/\/www.upo.es\/diario\/tesis\/2016\/09\/sobresaliente-cum-laude-para-la-tesis-efecto-cronico-de-un-programa-de-acondicionamiento-fisico-basado-en-el-metodo-pilates-sobre-variables-de-la-aptitud-fisica-percepcion-de-la-calidad-de-v\/","title":{"rendered":"Sobresaliente Cum Laude para la tesis \u201cEfecto cr\u00f3nico de un programa de acondicionamiento f\u00edsico basado en el m\u00e9todo Pilates sobre variables de la aptitud f\u00edsica, percepci\u00f3n de la calidad de vida y el estado de \u00e1nimo en adultos mayores del Estado de Durango, M\u00e9xico\u201d"},"content":{"rendered":"<p><span style=\"color: #000000; font-family: Times New Roman;\">El pasado mi\u00e9rcoles tuvo lugar en la Sala de Tesis del Edificio 45 la defensa p\u00fablica de la tesis doctoral titulada \u201cEfecto cr\u00f3nico de un programa de acondicionamiento f\u00edsico basado en el m\u00e9todo Pilates sobre variables de la aptitud f\u00edsica, percepci\u00f3n de la calidad de vida y el estado de \u00e1nimo en adultos mayores del Estado de Durango, M\u00e9xico\u201d, de la que es autor Mario Alberto Villarreal \u00c1ngeles. Esta tesis doctoral, dirigida por los profesores Jos\u00e9 Moncada Jim\u00e9nez de la Universidad de Costa Rica y Alberto Nuviala Nuviala de la Universidad Pablo de Olavide, ha obtenido la calificaci\u00f3n de Sobresaliente Cum Laude y la menci\u00f3n de Doctor Internacional. <\/span><\/p>\n","protected":false},"excerpt":{"rendered":"<p>El pasado mi\u00e9rcoles tuvo lugar en la Sala de Tesis del Edificio 45 la defensa p\u00fablica de la tesis doctoral titulada \u201cEfecto cr\u00f3nico de un programa de acondicionamiento f\u00edsico basado en el m\u00e9todo Pilates sobre variables de la aptitud f\u00edsica, percepci\u00f3n de la calidad de vida y el estado de \u00e1nimo en adultos mayores del Estado de Durango, M\u00e9xico\u201d, de la que es autor Mario Alberto Villarreal \u00c1ngeles. Esta tesis doctoral, dirigida por los profesores Jos\u00e9 Moncada Jim\u00e9nez de la Universidad de Costa Rica y Alberto Nuviala Nuviala de la Universidad Pablo de Olavide, ha obtenido la calificaci\u00f3n de Sobresaliente Cum Laude y la menci\u00f3n de Doctor Internacional. <\/p>\n","protected":false},"author":5,"featured_media":0,"comment_status":"closed","ping_status":"open","sticky":false,"template":"","format":"standard","meta":{"_monsterinsights_skip_tracking":false,"_monsterinsights_sitenote_active":false,"_monsterinsights_sitenote_note":"","_monsterinsights_sitenote_category":0,"footnotes":""},"categories":[119],"tags":[666,541,3540,3539,286,825],"class_list":["post-15345759","post","type-post","status-publish","format-standard","hentry","category-tesis","tag-actividad-fisica","tag-deporte","tag-doctorado-ciencias-de-la-actividad-fisica-y-el-deporte","tag-durango","tag-mexico","tag-pilates"],"_links":{"self":[{"href":"https:\/\/www.upo.es\/diario\/wp-json\/wp\/v2\/posts\/15345759","targetHints":{"allow":["GET"]}}],"collection":[{"href":"https:\/\/www.upo.es\/diario\/wp-json\/wp\/v2\/posts"}],"about":[{"href":"https:\/\/www.upo.es\/diario\/wp-json\/wp\/v2\/types\/post"}],"author":[{"embeddable":true,"href":"https:\/\/www.upo.es\/diario\/wp-json\/wp\/v2\/users\/5"}],"replies":[{"embeddable":true,"href":"https:\/\/www.upo.es\/diario\/wp-json\/wp\/v2\/comments?post=15345759"}],"version-history":[{"count":1,"href":"https:\/\/www.upo.es\/diario\/wp-json\/wp\/v2\/posts\/15345759\/revisions"}],"predecessor-version":[{"id":15345760,"href":"https:\/\/www.upo.es\/diario\/wp-json\/wp\/v2\/posts\/15345759\/revisions\/15345760"}],"wp:attachment":[{"href":"https:\/\/www.upo.es\/diario\/wp-json\/wp\/v2\/media?parent=15345759"}],"wp:term":[{"taxonomy":"category","embeddable":true,"href":"https:\/\/www.upo.es\/diario\/wp-json\/wp\/v2\/categories?post=15345759"},{"taxonomy":"post_tag","embeddable":true,"href":"https:\/\/www.upo.es\/diario\/wp-json\/wp\/v2\/tags?post=15345759"}],"curies":[{"name":"wp","href":"https:\/\/api.w.org\/{rel}","templated":true}]}}