{"id":1552270,"date":"2013-09-10T09:29:54","date_gmt":"2013-09-10T09:29:54","guid":{"rendered":"https:\/\/www.upo.es\/diario\/?p=1552270"},"modified":"2013-09-11T07:27:42","modified_gmt":"2013-09-11T07:27:42","slug":"lectores-alemanes-de-espana-y-portugal-del-daad-se-reunen-en-la-universidad-pablo-de-olavide","status":"publish","type":"post","link":"https:\/\/www.upo.es\/diario\/institucional\/2013\/09\/lectores-alemanes-de-espana-y-portugal-del-daad-se-reunen-en-la-universidad-pablo-de-olavide\/","title":{"rendered":"Lectores alemanes de Espa\u00f1a y Portugal del DAAD se re\u00fanen en la Universidad Pablo de Olavide"},"content":{"rendered":"<figure id=\"attachment_1552271\" aria-describedby=\"caption-attachment-1552271\" style=\"width: 320px\" class=\"wp-caption alignright\"><a href=\"https:\/\/www.upo.es\/diario\/wp-content\/uploads\/2013\/09\/encuentroDAAD1.jpg\"><img loading=\"lazy\" decoding=\"async\" class=\"size-medium wp-image-1552271\" alt=\"El decano de la Facultad de Humanidades de la UPO, Jos\u00e9 Miguel Mart\u00edn Mart\u00edn, ha presidido la apertura de este encuentro junto a Eike Hanusch, responsable del programa Ortslektoren. \" src=\"https:\/\/www.upo.es\/diario\/wp-content\/uploads\/2013\/09\/encuentroDAAD1-320x197.jpg\" width=\"320\" height=\"197\" srcset=\"https:\/\/www.upo.es\/diario\/wp-content\/uploads\/2013\/09\/encuentroDAAD1-320x197.jpg 320w, https:\/\/www.upo.es\/diario\/wp-content\/uploads\/2013\/09\/encuentroDAAD1-1024x630.jpg 1024w, https:\/\/www.upo.es\/diario\/wp-content\/uploads\/2013\/09\/encuentroDAAD1-600x369.jpg 600w\" sizes=\"auto, (max-width: 320px) 100vw, 320px\" \/><\/a><figcaption id=\"caption-attachment-1552271\" class=\"wp-caption-text\">El decano de la Facultad de Humanidades de la UPO, Jos\u00e9 Miguel Mart\u00edn Mart\u00edn, ha presidido la apertura de este encuentro junto a Eike Hanusch, responsable del programa Ortslektoren.<\/figcaption><\/figure>\n<p>La Universidad Pablo de Olavide de Sevilla acoge hoy y ma\u00f1ana el \u201cEncuentro del Servicio de Intercambio Acad\u00e9mico Alem\u00e1n (DAAD) de lectores alemanes de Espa\u00f1a y Portugal\u201d organizado por el DAAD a trav\u00e9s a los lectores Annika Herrmann, lectora del DAAD de la UPO y los lectores locales (ortslektor) Kart Heisel, de la Universidad Pablo de Olavide, y Christoph Ehlers, de la Universidad de Sevilla. El decano de la Facultad de Humanidades de la UPO, Jos\u00e9 Miguel Mart\u00edn Mart\u00edn, ha presidido esta ma\u00f1ana la apertura de este encuentro en la Olavide, quien ha estado acompa\u00f1ado por Eike Hanusch, responsable del programa Ortslektoren.<\/p>\n<p>A trav\u00e9s de este encuentro, que se celebra de manera anual, se pretende conectar a todos los lectores locales de Espa\u00f1a y Portugal, profesores de alem\u00e1n nativos que viven en el extranjero ense\u00f1ando no solo el idioma alem\u00e1n sino tambi\u00e9n su cultura, literatura, ling\u00fc\u00edstica, traducci\u00f3n, did\u00e1ctica en universidades espa\u00f1olas y portuguesas. De esta manera, el DAAD apoya el trabajo que desarrollan estos profesionales en sus respectivas universidades, fortaleciendo as\u00ed la german\u00edstica y la ense\u00f1anza de la lengua alemana en la Pen\u00ednsula Ib\u00e9rica.<\/p>\n<p>El DAAD tiene un programa desde hace 12 a\u00f1os para docentes nativos alemanes a los que denomina Ortslektoren (\u201clectores locales\u201d). Se trata de profesores de alem\u00e1n nativos que viven en el extranjero ense\u00f1ando alem\u00e1n. Asimismo, cuenta con una red de 39 lectores locales (33 en Espa\u00f1a y 6 en Portugal) repartidos en universidades, tanto aquellas que tienen un lectorado del DAAD oficial como aquellas que no lo tienen. La UPO es una de las 9 universidades espa\u00f1olas con lectorado del DAAD.<\/p>\n","protected":false},"excerpt":{"rendered":"<p>La Universidad Pablo de Olavide de Sevilla acoge el \u201cEncuentro del Servicio de Intercambio Acad\u00e9mico Alem\u00e1n (DAAD) de lectores alemanes de Espa\u00f1a y Portugal\u201d organizado por el DAAD a trav\u00e9s a los lectores Annika Herrmann, lectora del DAAD de la UPO y los lectores locales (ortslektor) Kart Heisel, de la Universidad Pablo de Olavide, y Christoph Ehlers, de la Universidad de Sevilla.<\/p>\n","protected":false},"author":2,"featured_media":0,"comment_status":"closed","ping_status":"open","sticky":false,"template":"","format":"standard","meta":{"_monsterinsights_skip_tracking":false,"_monsterinsights_sitenote_active":false,"_monsterinsights_sitenote_note":"","_monsterinsights_sitenote_category":0,"footnotes":""},"categories":[6],"tags":[844,843,821],"class_list":["post-1552270","post","type-post","status-publish","format-standard","hentry","category-institucional","tag-aleman","tag-daad","tag-encuentro"],"_links":{"self":[{"href":"https:\/\/www.upo.es\/diario\/wp-json\/wp\/v2\/posts\/1552270","targetHints":{"allow":["GET"]}}],"collection":[{"href":"https:\/\/www.upo.es\/diario\/wp-json\/wp\/v2\/posts"}],"about":[{"href":"https:\/\/www.upo.es\/diario\/wp-json\/wp\/v2\/types\/post"}],"author":[{"embeddable":true,"href":"https:\/\/www.upo.es\/diario\/wp-json\/wp\/v2\/users\/2"}],"replies":[{"embeddable":true,"href":"https:\/\/www.upo.es\/diario\/wp-json\/wp\/v2\/comments?post=1552270"}],"version-history":[{"count":4,"href":"https:\/\/www.upo.es\/diario\/wp-json\/wp\/v2\/posts\/1552270\/revisions"}],"predecessor-version":[{"id":1558122,"href":"https:\/\/www.upo.es\/diario\/wp-json\/wp\/v2\/posts\/1552270\/revisions\/1558122"}],"wp:attachment":[{"href":"https:\/\/www.upo.es\/diario\/wp-json\/wp\/v2\/media?parent=1552270"}],"wp:term":[{"taxonomy":"category","embeddable":true,"href":"https:\/\/www.upo.es\/diario\/wp-json\/wp\/v2\/categories?post=1552270"},{"taxonomy":"post_tag","embeddable":true,"href":"https:\/\/www.upo.es\/diario\/wp-json\/wp\/v2\/tags?post=1552270"}],"curies":[{"name":"wp","href":"https:\/\/api.w.org\/{rel}","templated":true}]}}