{"id":15545288,"date":"2016-09-28T15:00:49","date_gmt":"2016-09-28T15:00:49","guid":{"rendered":"https:\/\/www.upo.es\/diario\/?p=15545288"},"modified":"2016-09-30T11:15:33","modified_gmt":"2016-09-30T11:15:33","slug":"la-upo-y-el-ayuntamiento-de-ecija-firman-un-convenio-marco-de-colaboracion-educativa","status":"publish","type":"post","link":"https:\/\/www.upo.es\/diario\/institucional\/2016\/09\/la-upo-y-el-ayuntamiento-de-ecija-firman-un-convenio-marco-de-colaboracion-educativa\/","title":{"rendered":"La UPO y el Ayuntamiento de \u00c9cija firman un convenio marco de colaboraci\u00f3n educativa"},"content":{"rendered":"<figure id=\"attachment_15580599\" aria-describedby=\"caption-attachment-15580599\" style=\"width: 600px\" class=\"wp-caption aligncenter\"><a href=\"https:\/\/www.upo.es\/diario\/wp-content\/uploads\/2016\/09\/convenioecija_UPO.jpg\"><img loading=\"lazy\" decoding=\"async\" class=\"size-large wp-image-15580599\" alt=\"El alcade del Ayuntamiento de \u00c9cija, David Gracia, y el rector de la UPO, Vicente Guzm\u00e1n.\" src=\"https:\/\/www.upo.es\/diario\/wp-content\/uploads\/2016\/09\/convenioecija_UPO-600x400.jpg\" width=\"600\" height=\"400\" srcset=\"https:\/\/www.upo.es\/diario\/wp-content\/uploads\/2016\/09\/convenioecija_UPO-600x400.jpg 600w, https:\/\/www.upo.es\/diario\/wp-content\/uploads\/2016\/09\/convenioecija_UPO-320x213.jpg 320w\" sizes=\"auto, (max-width: 600px) 100vw, 600px\" \/><\/a><figcaption id=\"caption-attachment-15580599\" class=\"wp-caption-text\">El alcalde del Ayuntamiento de \u00c9cija, David Garc\u00eda, y el rector de la UPO, Vicente Guzm\u00e1n.<\/figcaption><\/figure>\n<p style=\"text-align: justify;\">El rector de la Universidad Pablo de Olavide, Vicente Guzm\u00e1n Fluja, y el alcalde del Ayuntamiento de \u00c9cija, David Garc\u00eda Ostos, han firmado un convenio marco de colaboraci\u00f3n educativa entre ambas instituciones para llevar a cabo trabajos vinculados a la educaci\u00f3n, la investigaci\u00f3n, el patrimonio local y el tejido empresarial local.<\/p>\n<p style=\"text-align: justify;\">El objetivo principal de este convenio es el desarrollo de dos l\u00edneas de colaboraci\u00f3n que se centrar\u00e1n en el patrimonio local, especialmente en la arqueolog\u00eda, y en el tejido empresarial a trav\u00e9s de la formaci\u00f3n para una mayor incidencia en la empleabilidad y el emprendimiento.<\/p>\n<p style=\"text-align: justify;\">Tanto el rector como el alcalde han mostrado su satisfacci\u00f3n tras la firma de este acuerdo que regula la colaboraci\u00f3n entre la administraci\u00f3n local y la UPO, \u201cque tiene vocaci\u00f3n de trabajo com\u00fan\u201d seg\u00fan se\u00f1ala el alcalde ecijano, que\u00a0 resalta que\u00bbel Ayuntamiento est\u00e1 dispuesto a emprender junto con la universidad proyectos y trabajos para ciudad vinculados con la educaci\u00f3n, la investigaci\u00f3n y el patrimonio\u00bb.<\/p>\n<p style=\"text-align: justify;\">Por su parte, el rector de la UPO destaca \u201cla vocaci\u00f3n municipalista que siempre ha caracterizado a la Pablo de Olavide, que desde que se puso en marcha ha trabajado para llevar la universidad a los municipios de la provincia de Sevilla\u201d. En este sentido, ha resaltado que \u201clos recursos formativos e investigadores de la universidad p\u00fablica se deben poner al servicio de los consistorios para prestar servicios en las mejores condiciones posibles\u201d.<\/p>\n","protected":false},"excerpt":{"rendered":"<p>El rector de la Universidad Pablo de Olavide, Vicente Guzm\u00e1n Fluja, y el alcalde del Ayuntamiento de \u00c9cija, David Garc\u00eda Ostos, han firmado un convenio marco de colaboraci\u00f3n educativa entre ambas instituciones para llevar a cabo trabajos vinculados a la educaci\u00f3n, la investigaci\u00f3n, el patrimonio local y el tejido empresarial local. <\/p>\n","protected":false},"author":4,"featured_media":0,"comment_status":"closed","ping_status":"open","sticky":false,"template":"","format":"standard","meta":{"_monsterinsights_skip_tracking":false,"_monsterinsights_sitenote_active":false,"_monsterinsights_sitenote_note":"","_monsterinsights_sitenote_category":0,"footnotes":""},"categories":[6],"tags":[3587,326,465,129,3588],"class_list":["post-15545288","post","type-post","status-publish","format-standard","hentry","category-institucional","tag-ayuntamiento-de-ecija","tag-convenio","tag-educacion","tag-patrimonio","tag-tejido-empresarial"],"_links":{"self":[{"href":"https:\/\/www.upo.es\/diario\/wp-json\/wp\/v2\/posts\/15545288","targetHints":{"allow":["GET"]}}],"collection":[{"href":"https:\/\/www.upo.es\/diario\/wp-json\/wp\/v2\/posts"}],"about":[{"href":"https:\/\/www.upo.es\/diario\/wp-json\/wp\/v2\/types\/post"}],"author":[{"embeddable":true,"href":"https:\/\/www.upo.es\/diario\/wp-json\/wp\/v2\/users\/4"}],"replies":[{"embeddable":true,"href":"https:\/\/www.upo.es\/diario\/wp-json\/wp\/v2\/comments?post=15545288"}],"version-history":[{"count":6,"href":"https:\/\/www.upo.es\/diario\/wp-json\/wp\/v2\/posts\/15545288\/revisions"}],"predecessor-version":[{"id":15580600,"href":"https:\/\/www.upo.es\/diario\/wp-json\/wp\/v2\/posts\/15545288\/revisions\/15580600"}],"wp:attachment":[{"href":"https:\/\/www.upo.es\/diario\/wp-json\/wp\/v2\/media?parent=15545288"}],"wp:term":[{"taxonomy":"category","embeddable":true,"href":"https:\/\/www.upo.es\/diario\/wp-json\/wp\/v2\/categories?post=15545288"},{"taxonomy":"post_tag","embeddable":true,"href":"https:\/\/www.upo.es\/diario\/wp-json\/wp\/v2\/tags?post=15545288"}],"curies":[{"name":"wp","href":"https:\/\/api.w.org\/{rel}","templated":true}]}}