{"id":15561083,"date":"2016-11-22T22:45:50","date_gmt":"2016-11-22T22:45:50","guid":{"rendered":"https:\/\/www.upo.es\/diario\/?p=15561083"},"modified":"2016-11-23T07:53:06","modified_gmt":"2016-11-23T07:53:06","slug":"la-universidad-pablo-de-olavide-pondra-en-marcha-la-primera-edicion-de-ideas-factory-en-el-mes-de-diciembre","status":"publish","type":"post","link":"https:\/\/www.upo.es\/diario\/institucional\/2016\/11\/la-universidad-pablo-de-olavide-pondra-en-marcha-la-primera-edicion-de-ideas-factory-en-el-mes-de-diciembre\/","title":{"rendered":"La Universidad Pablo de Olavide pondr\u00e1 en marcha la primera edici\u00f3n de Ideas Factory en el mes de diciembre"},"content":{"rendered":"<p style=\"text-align: justify;\"><a href=\"https:\/\/www.upo.es\/diario\/wp-content\/uploads\/2016\/09\/Ideas-Factory-Diciembre-1.jpg\"><img loading=\"lazy\" decoding=\"async\" class=\"alignright size-medium wp-image-16579695\" alt=\"Ideas Factory Diciembre-1\" src=\"https:\/\/www.upo.es\/diario\/wp-content\/uploads\/2016\/09\/Ideas-Factory-Diciembre-1-226x320.jpg\" width=\"226\" height=\"320\" srcset=\"https:\/\/www.upo.es\/diario\/wp-content\/uploads\/2016\/09\/Ideas-Factory-Diciembre-1-226x320.jpg 226w, https:\/\/www.upo.es\/diario\/wp-content\/uploads\/2016\/09\/Ideas-Factory-Diciembre-1-424x600.jpg 424w, https:\/\/www.upo.es\/diario\/wp-content\/uploads\/2016\/09\/Ideas-Factory-Diciembre-1-600x848.jpg 600w\" sizes=\"auto, (max-width: 226px) 100vw, 226px\" \/><\/a>La Universidad Pablo de Olavide, a trav\u00e9s del Vicerrectorado de Estrategia, Empleabilidad y Emprendimiento, organiza la primera edici\u00f3n de Ideas Factory de la mano de Sombradoble y Gottrainning, el mayor evento de generaci\u00f3n de ideas de negocio en el entorno universitario que se celebrar\u00e1 los d\u00edas 15, 16 y 17 de diciembre.<\/p>\n<p style=\"text-align: justify;\">En concreto, Ideas Factory <strong>ser\u00e1 un encuentro innovador, en materia de emprendimiento, en el que 75 estudiantes de la UPO tendr\u00e1n la oportunidad de presentar propuestas diferenciadas y multidisciplinares basadas en la innovaci\u00f3n social, en el <i>smartcity<\/i>, el Internet de las cosas, etc.; todo ello, conducido por mentores profesionales<\/strong>. Los participantes dispondr\u00e1n s\u00f3lo de 48 horas para dise\u00f1ar un proyecto empresarial y convencer a un jurado experto mientras compiten con el resto de ideas.<\/p>\n<p style=\"text-align: justify;\">Actualmente, se encuentra abierta la fase de preselecci\u00f3n en la que todos los interesados deben responder a uno de los retos planteados con una soluci\u00f3n original antes del 2 de diciembre. Posteriormente, las setenta y cinco mejores ideas ser\u00e1n elegidas para que sus promotores puedan vivir una experiencia emprendedora l\u00edmite en el encuentro que arrancar\u00e1 el d\u00eda 15 de diciembre a las 16,00 horas. Pueden inscribirse todos los estudiantes de cualquier grado o postgrado de la Universidad Pablo de Olavide, hasta los 27 a\u00f1os.<\/p>\n<p style=\"text-align: justify;\"><strong>Existen cuatro \u00e1reas en las que se puede participar:<\/strong> <strong>\u201cSoy Tecki\u201d<\/strong> para amantes de la tecnolog\u00eda;<strong> \u201cImpacto social\u201d<\/strong> para estudiantes con ideas sostenibles y del tercer sector; <strong>\u201cLa app de tu vida\u201d<\/strong> para vehicular ideas a trav\u00e9s de nuevas aplicaciones apps y <strong>\u201cEmprendimiento Xtremo\u201d<\/strong> para aquellas ideas m\u00e1s arriesgadas.<\/p>\n<p style=\"text-align: justify;\">Este proyecto, gestionado desde el \u00c1rea de Empleabilidad y Emprendimiento de la Fundaci\u00f3n Universidad Pablo de Olavide, cuenta con la colaboraci\u00f3n de numerosas empresas e instituciones como la Fundaci\u00f3n Cajasol y Andaluc\u00eda Emprende, Fundaci\u00f3n P\u00fablica Andaluza, entre otras.<\/p>\n<p style=\"text-align: justify;\"><strong>M\u00e1s informaci\u00f3n e inscripciones en:<\/strong> <a href=\"upo.ideasfactory.es\">upo.ideasfactory.es<\/a><\/p>\n<p><iframe loading=\"lazy\" src=\"https:\/\/player.vimeo.com\/video\/183803872\" height=\"338\" width=\"600\" allowfullscreen=\"\" frameborder=\"0\"><\/iframe><\/p>\n","protected":false},"excerpt":{"rendered":"<p>La Universidad Pablo de Olavide, a trav\u00e9s del Vicerrectorado de Estrategia, Empleabilidad y Emprendimiento, organiza la primera edici\u00f3n de Ideas Factory de la mano de Sombradoble y Gottrainning, el mayor evento de generaci\u00f3n de ideas de negocio en el entorno universitario que se celebrar\u00e1 los d\u00edas 15, 16 y 17 de diciembre. <\/p>\n","protected":false},"author":4,"featured_media":0,"comment_status":"closed","ping_status":"open","sticky":false,"template":"","format":"standard","meta":{"_monsterinsights_skip_tracking":false,"_monsterinsights_sitenote_active":false,"_monsterinsights_sitenote_note":"","_monsterinsights_sitenote_category":0,"footnotes":""},"categories":[6],"tags":[99,689,66,821,2474,3590,554,242],"class_list":["post-15561083","post","type-post","status-publish","format-standard","hentry","category-institucional","tag-creacion-de-empresas","tag-emprendimiento","tag-empresa","tag-encuentro","tag-fundacion-universidad-pablo-de-olavide","tag-ideas-factory","tag-innovacion","tag-upoemprende"],"_links":{"self":[{"href":"https:\/\/www.upo.es\/diario\/wp-json\/wp\/v2\/posts\/15561083","targetHints":{"allow":["GET"]}}],"collection":[{"href":"https:\/\/www.upo.es\/diario\/wp-json\/wp\/v2\/posts"}],"about":[{"href":"https:\/\/www.upo.es\/diario\/wp-json\/wp\/v2\/types\/post"}],"author":[{"embeddable":true,"href":"https:\/\/www.upo.es\/diario\/wp-json\/wp\/v2\/users\/4"}],"replies":[{"embeddable":true,"href":"https:\/\/www.upo.es\/diario\/wp-json\/wp\/v2\/comments?post=15561083"}],"version-history":[{"count":11,"href":"https:\/\/www.upo.es\/diario\/wp-json\/wp\/v2\/posts\/15561083\/revisions"}],"predecessor-version":[{"id":15561808,"href":"https:\/\/www.upo.es\/diario\/wp-json\/wp\/v2\/posts\/15561083\/revisions\/15561808"}],"wp:attachment":[{"href":"https:\/\/www.upo.es\/diario\/wp-json\/wp\/v2\/media?parent=15561083"}],"wp:term":[{"taxonomy":"category","embeddable":true,"href":"https:\/\/www.upo.es\/diario\/wp-json\/wp\/v2\/categories?post=15561083"},{"taxonomy":"post_tag","embeddable":true,"href":"https:\/\/www.upo.es\/diario\/wp-json\/wp\/v2\/tags?post=15561083"}],"curies":[{"name":"wp","href":"https:\/\/api.w.org\/{rel}","templated":true}]}}