{"id":15562532,"date":"2016-09-29T00:32:01","date_gmt":"2016-09-29T00:32:01","guid":{"rendered":"https:\/\/www.upo.es\/diario\/?p=15562532"},"modified":"2016-09-30T12:19:30","modified_gmt":"2016-09-30T12:19:30","slug":"la-upo-acoge-manana-la-xv-asamblea-de-la-asociacion-de-mujeres-investigadoras-y-tecnologas","status":"publish","type":"post","link":"https:\/\/www.upo.es\/diario\/institucional\/2016\/09\/la-upo-acoge-manana-la-xv-asamblea-de-la-asociacion-de-mujeres-investigadoras-y-tecnologas\/","title":{"rendered":"La UPO acoge ma\u00f1ana la XV Asamblea de la Asociaci\u00f3n de Mujeres Investigadoras y Tecn\u00f3logas"},"content":{"rendered":"<p><a href=\"https:\/\/www.upo.es\/diario\/wp-content\/uploads\/2016\/09\/asamblea_amit.jpg\"><img loading=\"lazy\" decoding=\"async\" class=\"alignright size-medium wp-image-15562533\" alt=\"asamblea_amit\" src=\"https:\/\/www.upo.es\/diario\/wp-content\/uploads\/2016\/09\/asamblea_amit-239x320.jpg\" width=\"239\" height=\"320\" srcset=\"https:\/\/www.upo.es\/diario\/wp-content\/uploads\/2016\/09\/asamblea_amit-239x320.jpg 239w, https:\/\/www.upo.es\/diario\/wp-content\/uploads\/2016\/09\/asamblea_amit-449x600.jpg 449w, https:\/\/www.upo.es\/diario\/wp-content\/uploads\/2016\/09\/asamblea_amit-600x800.jpg 600w\" sizes=\"auto, (max-width: 239px) 100vw, 239px\" \/><\/a>La Universidad Pablo de Olavide acoge ma\u00f1ana viernes 30 de septiembre la celebraci\u00f3n de la <b>XV Asamblea de la Asociaci\u00f3n de Mujeres Investigadoras y Tecn\u00f3logas<\/b> (AMIT), que ser\u00e1 inaugurada a las 10:00 horas en la sala de grados del edificio 7 por el rector de la UPO Vicente Guzm\u00e1n Fluja; Capitolina D\u00edaz, presidenta de AMIT; Pepa Masegosa, Presidenta de AMIT-Andaluc\u00eda y Lina G\u00e1lvez, vocal de la Junta Directiva de AMIT y organizadora de la asamblea.<\/p>\n<p>La <a href=\"http:\/\/www.amit-es.org\/\">Asociaci\u00f3n de Mujeres Investigadoras y Tecn\u00f3logas<\/a> (AMIT) es una organizaci\u00f3n no gubernamental y sin \u00e1nimo de lucro, de \u00e1mbito estatal, integrada por investigadoras y tecn\u00f3logas de variadas disciplinas que desarrollan su labor investigadora, tecnol\u00f3gica, o de gesti\u00f3n de la ciencia en organismos y centros de investigaci\u00f3n espa\u00f1oles p\u00fablicos y privados. La AMIT pretende ser voz, foro de discusi\u00f3n y red de apoyo para todas las investigadoras y universitarias concienciadas en trabajar juntas para lograr la plena participaci\u00f3n de las mujeres en la investigaci\u00f3n, la ciencia y la tecnolog\u00eda.<\/p>\n<p>En el marco de esta asamblea, ma\u00f1ana a las 10:30 horas se celebrar\u00e1 la mesa redonda \u201cNuevos retos para las mujeres en la ciencia y la tecnolog\u00eda\u201d, que contar\u00e1 con la participaci\u00f3n de <a href=\"https:\/\/www2.physics.ox.ac.uk\/contacts\/people\/antoranzcontera\">Sonia Antoraz Contera,<\/a> catedr\u00e1tica de F\u00edsica de la Universidad de Oxford y directora del programa de Nanotecnolog\u00eda de esa universidad; <a href=\"https:\/\/www.linkedin.com\/in\/anagpuyol\">Ana Garc\u00eda Puyol<\/a>, tecn\u00f3loga, arquitecta y directora de la Experiencia de usuario de irisVR, Nueva York; y <a href=\"https:\/\/cordobapedia.wikanda.es\/wiki\/Octavio_Salazar_Ben%C3%ADtez\">Octavio Salazar<\/a>, profesor de Derecho Constitucional de la Universidad de C\u00f3rdoba, quienes debatir\u00e1n sobre el liderazgo de las mujeres en ciencia y tecnolog\u00eda y qu\u00e9 repercusiones tiene tanto en el avance de las fronteras del conocimiento como en la mejora de la vida de las personas y su bienestar. Lina G\u00e1lvez, catedr\u00e1tica de Historia e Instituciones Econ\u00f3micas de la Universidad Pablo de Olavide, moderar\u00e1 la mesa redonda.<\/p>\n<p>Posteriormente, a las 13:00 horas, se proceder\u00e1 a la entrega de diplomas Ad-Honorem a Amparo Rubiales, presidenta del Consejo Social de la Universidad Pablo de Olavide; Pilar Aranda, rectora de la Universidad de Granada, y al director de cine Benito Zambrano.<b>\u00a0<\/b><\/p>\n<p><b><a href=\"http:\/\/www.amit-es.org\/sites\/default\/files\/contenidos\/xv_asamblea_amit.pdf\">Programa de la XV Asamblea de la Asociaci\u00f3n de Mujeres Investigadoras y Tecn\u00f3logas<\/a><\/b><\/p>\n","protected":false},"excerpt":{"rendered":"<p>La Universidad Pablo de Olavide acoge ma\u00f1ana viernes 30 de septiembre la celebraci\u00f3n de la XV Asamblea de la Asociaci\u00f3n de Mujeres Investigadoras y Tecn\u00f3logas (AMIT), que ser\u00e1 inaugurada a las 10:00 horas en la sala de grados del edificio 7 por el rector de la UPO Vicente Guzm\u00e1n Fluja; Capitolina D\u00edaz, presidenta de AMIT; Pepa Masegosa, Presidenta de AMIT-Andaluc\u00eda y Lina G\u00e1lvez, vocal de la Junta Directiva de AMIT y organizadora de la asamblea.<\/p>\n","protected":false},"author":2,"featured_media":0,"comment_status":"closed","ping_status":"open","sticky":false,"template":"","format":"standard","meta":{"_monsterinsights_skip_tracking":false,"_monsterinsights_sitenote_active":false,"_monsterinsights_sitenote_note":"","_monsterinsights_sitenote_category":0,"footnotes":""},"categories":[6],"tags":[3592,2626,372,5833,3594,56,3593,1224],"class_list":["post-15562532","post","type-post","status-publish","format-standard","hentry","category-institucional","tag-amit","tag-asamblea","tag-asociacion","tag-ciencia","tag-cientificas","tag-investigacion","tag-investigadoras","tag-tecnologia"],"_links":{"self":[{"href":"https:\/\/www.upo.es\/diario\/wp-json\/wp\/v2\/posts\/15562532","targetHints":{"allow":["GET"]}}],"collection":[{"href":"https:\/\/www.upo.es\/diario\/wp-json\/wp\/v2\/posts"}],"about":[{"href":"https:\/\/www.upo.es\/diario\/wp-json\/wp\/v2\/types\/post"}],"author":[{"embeddable":true,"href":"https:\/\/www.upo.es\/diario\/wp-json\/wp\/v2\/users\/2"}],"replies":[{"embeddable":true,"href":"https:\/\/www.upo.es\/diario\/wp-json\/wp\/v2\/comments?post=15562532"}],"version-history":[{"count":5,"href":"https:\/\/www.upo.es\/diario\/wp-json\/wp\/v2\/posts\/15562532\/revisions"}],"predecessor-version":[{"id":15581331,"href":"https:\/\/www.upo.es\/diario\/wp-json\/wp\/v2\/posts\/15562532\/revisions\/15581331"}],"wp:attachment":[{"href":"https:\/\/www.upo.es\/diario\/wp-json\/wp\/v2\/media?parent=15562532"}],"wp:term":[{"taxonomy":"category","embeddable":true,"href":"https:\/\/www.upo.es\/diario\/wp-json\/wp\/v2\/categories?post=15562532"},{"taxonomy":"post_tag","embeddable":true,"href":"https:\/\/www.upo.es\/diario\/wp-json\/wp\/v2\/tags?post=15562532"}],"curies":[{"name":"wp","href":"https:\/\/api.w.org\/{rel}","templated":true}]}}