{"id":1559199,"date":"2013-09-13T20:45:06","date_gmt":"2013-09-13T20:45:06","guid":{"rendered":"https:\/\/www.upo.es\/diario\/?p=1559199"},"modified":"2013-09-16T13:04:38","modified_gmt":"2013-09-16T13:04:38","slug":"manana-comienza-en-la-upo-la-matriculacion-para-los-mas-de-7-000-estudiantes-que-continuan-sus-estudios-de-grado","status":"publish","type":"post","link":"https:\/\/www.upo.es\/diario\/institucional\/2013\/09\/manana-comienza-en-la-upo-la-matriculacion-para-los-mas-de-7-000-estudiantes-que-continuan-sus-estudios-de-grado\/","title":{"rendered":"Abierto el plazo matriculaci\u00f3n para los m\u00e1s de 7.000 estudiantes que contin\u00faan sus estudios de Grado"},"content":{"rendered":"<figure id=\"attachment_1559200\" aria-describedby=\"caption-attachment-1559200\" style=\"width: 320px\" class=\"wp-caption alignright\"><a href=\"https:\/\/www.upo.es\/diario\/wp-content\/uploads\/2013\/09\/estudiantes.jpg\"><img loading=\"lazy\" decoding=\"async\" class=\"size-medium wp-image-1559200\" alt=\"La matr\u00edcula se realizar\u00e1 a trav\u00e9s de Internet.\" src=\"https:\/\/www.upo.es\/diario\/wp-content\/uploads\/2013\/09\/estudiantes-320x248.jpg\" width=\"320\" height=\"248\" srcset=\"https:\/\/www.upo.es\/diario\/wp-content\/uploads\/2013\/09\/estudiantes-320x248.jpg 320w, https:\/\/www.upo.es\/diario\/wp-content\/uploads\/2013\/09\/estudiantes-1024x794.jpg 1024w, https:\/\/www.upo.es\/diario\/wp-content\/uploads\/2013\/09\/estudiantes-600x465.jpg 600w\" sizes=\"auto, (max-width: 320px) 100vw, 320px\" \/><\/a><figcaption id=\"caption-attachment-1559200\" class=\"wp-caption-text\">La matr\u00edcula se realizar\u00e1 a trav\u00e9s de Internet.<\/figcaption><\/figure>\n<p>Ayer jueves 12 de septiembre comenz\u00f3 en la Universidad Pablo de Olavide la \u00a0<a href=\"https:\/\/www1.upo.es\/matricula\">matriculaci\u00f3n<\/a> de los m\u00e1s de 7.000 estudiantes que contin\u00faan sus estudios de Grado en la UPO. El per\u00edodo de matriculaci\u00f3n estar\u00e1 abierto hasta el 18 de septiembre inclusive.<\/p>\n<p>La matr\u00edcula\u00a0se realizar\u00e1 a trav\u00e9s de Internet, desde cualquier ordenador que disponga de Mozilla Firefox y tenga activado el Java.<\/p>\n<p>Para facilitar la labor, la UPO habilitar\u00e1, en horario de 9:00 \u00a0a 14:00 horas de lunes a viernes, las aulas de inform\u00e1tica 1 y 3 del edificio 6. Para acceder al aula hay que utilizar el servicio de <a href=\"http:\/\/www.teleturno.com\/CentroReserva.php?cenSel=upoAreGesAca&amp;resVis=1\">teleturno<\/a>.<\/p>\n<p>Los estudiantes que contin\u00faan sus estudios de Grado en la Universidad Pablo de Olavide cursan uno de los grados europeos que aparecen a continuaci\u00f3n:<\/p>\n<p>-Grados: Humanidades, Traducci\u00f3n e Interpretaci\u00f3n (Ingl\u00e9s, Franc\u00e9s y Alem\u00e1n), Geograf\u00eda e Historia, Derecho, Relaciones Laborales y Recursos Humanos, Ciencias Pol\u00edticas y de la Administraci\u00f3n, Administraci\u00f3n y Direcci\u00f3n de Empresas en espa\u00f1ol y en ingl\u00e9s, Finanzas y Contabilidad, Criminolog\u00eda, An\u00e1lisis Econ\u00f3mico, Trabajo Social, Educaci\u00f3n Social, Ciencias de la Actividad F\u00edsica y del Deporte, Sociolog\u00eda, Biotecnolog\u00eda, Ciencias Ambientales, Ingenier\u00eda Inform\u00e1tica en Sistemas de la Informaci\u00f3n y Nutrici\u00f3n Humana y Diet\u00e9tica.<\/p>\n<p>-Dobles grados: Humanidades y Traducci\u00f3n e Interpretaci\u00f3n, Administraci\u00f3n y Direcci\u00f3n de Empresas y Derecho (en espa\u00f1ol y con ADE en ingl\u00e9s), Derecho y Finanzas y Contabilidad, Derecho y Ciencias Pol\u00edticas y de la Administraci\u00f3n, Derecho y Criminolog\u00eda, Derecho y Relaciones Laborales y Recursos Humanos, Ciencias Pol\u00edticas y de la Administraci\u00f3n y Sociolog\u00eda, Trabajo Social y Educaci\u00f3n Social.<\/p>\n<p>Adem\u00e1s, la Universidad Pablo de Olavide oferta para el curso 2013\u20132014 el nuevo doble grado en Trabajo Social y Sociolog\u00eda.<\/p>\n<p>Por su parte, el per\u00edodo de matr\u00edcula para los alumnos que contin\u00faan sus estudios de Licenciatura, Diplomatura e Ingenier\u00eda T\u00e9cnica Superior comprende desde el 24 de septiembre hasta el 4 de octubre.<\/p>\n","protected":false},"excerpt":{"rendered":"<p>El jueves 12 de septiembre comenz\u00f3 en la Universidad Pablo de Olavide la  matriculaci\u00f3n de los m\u00e1s de 7.000 estudiantes que contin\u00faan sus estudios de Grado en la UPO. El per\u00edodo de matriculaci\u00f3n estar\u00e1 abierto hasta el 18 de septiembre inclusive. Por su parte, el per\u00edodo de matr\u00edcula para los alumnos que contin\u00faan sus estudios de Licenciatura, Diplomatura e Ingenier\u00eda T\u00e9cnica Superior comprende desde el 24 de septiembre hasta el 4 de octubre.<\/p>\n","protected":false},"author":2,"featured_media":0,"comment_status":"closed","ping_status":"open","sticky":false,"template":"","format":"standard","meta":{"_monsterinsights_skip_tracking":false,"_monsterinsights_sitenote_active":false,"_monsterinsights_sitenote_note":"","_monsterinsights_sitenote_category":0,"footnotes":""},"categories":[6],"tags":[152,21,739,857,193],"class_list":["post-1559199","post","type-post","status-publish","format-standard","hentry","category-institucional","tag-escuela-politecnica-superior","tag-estudiantes","tag-estudios-de-grado","tag-facultades","tag-matricula"],"_links":{"self":[{"href":"https:\/\/www.upo.es\/diario\/wp-json\/wp\/v2\/posts\/1559199","targetHints":{"allow":["GET"]}}],"collection":[{"href":"https:\/\/www.upo.es\/diario\/wp-json\/wp\/v2\/posts"}],"about":[{"href":"https:\/\/www.upo.es\/diario\/wp-json\/wp\/v2\/types\/post"}],"author":[{"embeddable":true,"href":"https:\/\/www.upo.es\/diario\/wp-json\/wp\/v2\/users\/2"}],"replies":[{"embeddable":true,"href":"https:\/\/www.upo.es\/diario\/wp-json\/wp\/v2\/comments?post=1559199"}],"version-history":[{"count":13,"href":"https:\/\/www.upo.es\/diario\/wp-json\/wp\/v2\/posts\/1559199\/revisions"}],"predecessor-version":[{"id":1592822,"href":"https:\/\/www.upo.es\/diario\/wp-json\/wp\/v2\/posts\/1559199\/revisions\/1592822"}],"wp:attachment":[{"href":"https:\/\/www.upo.es\/diario\/wp-json\/wp\/v2\/media?parent=1559199"}],"wp:term":[{"taxonomy":"category","embeddable":true,"href":"https:\/\/www.upo.es\/diario\/wp-json\/wp\/v2\/categories?post=1559199"},{"taxonomy":"post_tag","embeddable":true,"href":"https:\/\/www.upo.es\/diario\/wp-json\/wp\/v2\/tags?post=1559199"}],"curies":[{"name":"wp","href":"https:\/\/api.w.org\/{rel}","templated":true}]}}