{"id":15632701,"date":"2016-10-04T05:48:36","date_gmt":"2016-10-04T03:48:36","guid":{"rendered":"https:\/\/www.upo.es\/diario\/?p=15632701"},"modified":"2020-10-27T16:51:17","modified_gmt":"2020-10-27T15:51:17","slug":"kai-christian-fischer-hablara-manana-en-la-upo-sobre-el-ejercicio-de-la-abogacia-en-derecho-hispano-aleman","status":"publish","type":"post","link":"https:\/\/www.upo.es\/diario\/institucional\/2016\/10\/kai-christian-fischer-hablara-manana-en-la-upo-sobre-el-ejercicio-de-la-abogacia-en-derecho-hispano-aleman\/","title":{"rendered":"Kai Christian Fischer hablar\u00e1 hoy en la UPO sobre el ejercicio de la abogac\u00eda en Derecho hispano-alem\u00e1n"},"content":{"rendered":"<figure id=\"attachment_15633429\" aria-describedby=\"caption-attachment-15633429\" style=\"width: 190px\" class=\"wp-caption alignright\"><a href=\"https:\/\/www.upo.es\/diario\/wp-content\/uploads\/2016\/10\/fischer.jpg\"><img loading=\"lazy\" decoding=\"async\" class=\"size-full wp-image-15633429\" alt=\"Kai Christian Fischer\" src=\"https:\/\/www.upo.es\/diario\/wp-content\/uploads\/2016\/10\/fischer.jpg\" width=\"190\" height=\"190\" srcset=\"https:\/\/www.upo.es\/diario\/wp-content\/uploads\/2016\/10\/fischer.jpg 190w, https:\/\/www.upo.es\/diario\/wp-content\/uploads\/2016\/10\/fischer-150x150.jpg 150w\" sizes=\"auto, (max-width: 190px) 100vw, 190px\" \/><\/a><figcaption id=\"caption-attachment-15633429\" class=\"wp-caption-text\">Kai Christian Fischer<\/figcaption><\/figure>\n<p>Hoy martes 4 de octubre, a las 12:30 horas en el sal\u00f3n de grados de la Biblioteca de la Universidad Pablo de Olavide, el abogado Kai Christian Fischer impartir\u00e1 la conferencia \u201cEl ejercicio de la abogac\u00eda en Derecho hispano-alem\u00e1n\u201d, organizada por la Facultad de Derecho de la UPO.<\/p>\n<p>Kai Christian Fischer cuenta con doble habilitaci\u00f3n y est\u00e1 colegiado en Alemania y Espa\u00f1a. Especialista en transacciones cross-border hispano-alemanas, fusiones y adquisiciones, as\u00ed como en derecho societario. Responsable del German Desk de Cuatrecasas, Gon\u00e7alves Pereira, un grupo de 45 abogados espa\u00f1oles, portugueses y alemanes de todas las \u00e1reas del despacho y presentes en 9 oficinas. El German Desk est\u00e1 especializado en el asesoramiento a grupos de empresas de pa\u00edses de habla germana en relaci\u00f3n con sus actividades en la Pen\u00ednsula Ib\u00e9rica.<\/p>\n<p>Rechtsanwalt y abogado. Ex secretario de la Junta Directiva de la C\u00e1mara de Comercio Alemana en Espa\u00f1a (2011-2015). Miembro de la Junta Directiva de la Fundaci\u00f3n Goethe. Miembro de la Asociaci\u00f3n Alemana de Juristas (DAV), del Colegio de Abogados de Frankfurt\/Main y Barcelona, as\u00ed como de la Asociaci\u00f3n Hispano-Alemana de Juristas (DSJV) y del C\u00edrculo de Directivos Alemanes en Espa\u00f1a (KDF).<\/p>\n","protected":false},"excerpt":{"rendered":"<p>Hoy martes 4 de octubre, a las 12:30 horas en el sal\u00f3n de grados de la Biblioteca de la Universidad Pablo de Olavide, el abogado Kai Christian Fischer impartir\u00e1 la conferencia \u201cEl ejercicio de la abogac\u00eda en Derecho hispano-alem\u00e1n\u201d, organizada por la Facultad de Derecho de la UPO.<\/p>\n","protected":false},"author":2,"featured_media":0,"comment_status":"closed","ping_status":"open","sticky":false,"template":"","format":"standard","meta":{"_monsterinsights_skip_tracking":false,"_monsterinsights_sitenote_active":false,"_monsterinsights_sitenote_note":"","_monsterinsights_sitenote_category":0,"footnotes":""},"categories":[6],"tags":[227,87,3603],"class_list":["post-15632701","post","type-post","status-publish","format-standard","hentry","category-institucional","tag-conferencia","tag-derecho","tag-derecho-hispano-aleman"],"_links":{"self":[{"href":"https:\/\/www.upo.es\/diario\/wp-json\/wp\/v2\/posts\/15632701","targetHints":{"allow":["GET"]}}],"collection":[{"href":"https:\/\/www.upo.es\/diario\/wp-json\/wp\/v2\/posts"}],"about":[{"href":"https:\/\/www.upo.es\/diario\/wp-json\/wp\/v2\/types\/post"}],"author":[{"embeddable":true,"href":"https:\/\/www.upo.es\/diario\/wp-json\/wp\/v2\/users\/2"}],"replies":[{"embeddable":true,"href":"https:\/\/www.upo.es\/diario\/wp-json\/wp\/v2\/comments?post=15632701"}],"version-history":[{"count":4,"href":"https:\/\/www.upo.es\/diario\/wp-json\/wp\/v2\/posts\/15632701\/revisions"}],"predecessor-version":[{"id":15633431,"href":"https:\/\/www.upo.es\/diario\/wp-json\/wp\/v2\/posts\/15632701\/revisions\/15633431"}],"wp:attachment":[{"href":"https:\/\/www.upo.es\/diario\/wp-json\/wp\/v2\/media?parent=15632701"}],"wp:term":[{"taxonomy":"category","embeddable":true,"href":"https:\/\/www.upo.es\/diario\/wp-json\/wp\/v2\/categories?post=15632701"},{"taxonomy":"post_tag","embeddable":true,"href":"https:\/\/www.upo.es\/diario\/wp-json\/wp\/v2\/tags?post=15632701"}],"curies":[{"name":"wp","href":"https:\/\/api.w.org\/{rel}","templated":true}]}}