{"id":15685904,"date":"2016-10-06T07:00:30","date_gmt":"2016-10-06T07:00:30","guid":{"rendered":"https:\/\/www.upo.es\/diario\/?p=15685904"},"modified":"2016-10-10T06:35:55","modified_gmt":"2016-10-10T06:35:55","slug":"la-compania-furor-bacchicus-teatro-de-la-upo-participa-manana-en-la-noche-en-blanco-sevillana","status":"publish","type":"post","link":"https:\/\/www.upo.es\/diario\/cultura\/2016\/10\/la-compania-furor-bacchicus-teatro-de-la-upo-participa-manana-en-la-noche-en-blanco-sevillana\/","title":{"rendered":"La compa\u00f1\u00eda Furor Bacchicus Teatro de la UPO participa en La Noche en Blanco sevillana"},"content":{"rendered":"<figure id=\"attachment_15686368\" aria-describedby=\"caption-attachment-15686368\" style=\"width: 320px\" class=\"wp-caption alignright\"><a href=\"https:\/\/www.upo.es\/diario\/wp-content\/uploads\/2016\/10\/agamenon.jpg\"><img loading=\"lazy\" decoding=\"async\" class=\"size-medium wp-image-15686368\" alt=\"\u201cEl regreso de Agamen\u00f3n\u201d, ilustraci\u00f3n de 1879 para las \u201cStories from the Greek Tragedians\u201d, de Alfred Church.\" src=\"https:\/\/www.upo.es\/diario\/wp-content\/uploads\/2016\/10\/agamenon-320x174.jpg\" width=\"320\" height=\"174\" srcset=\"https:\/\/www.upo.es\/diario\/wp-content\/uploads\/2016\/10\/agamenon-320x174.jpg 320w, https:\/\/www.upo.es\/diario\/wp-content\/uploads\/2016\/10\/agamenon.jpg 480w\" sizes=\"auto, (max-width: 320px) 100vw, 320px\" \/><\/a><figcaption id=\"caption-attachment-15686368\" class=\"wp-caption-text\">\u201cEl regreso de Agamen\u00f3n\u201d, ilustraci\u00f3n de 1879 para las \u201cStories from the Greek Tragedians\u201d, de Alfred Church.<\/figcaption><\/figure>\n<p>Furor Bacchicus Teatro, grupo de teatro grecolatino de la Facultad de Humanidades de la Universidad Pablo de Olavide, participa hoy viernes en <a href=\"http:\/\/sevillasemueve.org\/nocheenblanco2016\/\">La Noche en Blanco<\/a> sevillana, <strong>con un mon\u00f3logo adaptado de la tragedia \u201cAgamen\u00f3n\u201d de S\u00e9neca<\/strong>. La cita ser\u00e1 a las 21:30 en la Casa-Museo de la <a href=\"http:\/\/fundacionamalio.com\/\">Fundaci\u00f3n Pintor Amalio<\/a>, en la plaza de Do\u00f1a Elvira de Sevilla. <strong>La entrada es libre hasta completar aforo.<\/strong><\/p>\n<p>Esta representaci\u00f3n est\u00e1 dirigida por las profesoras del \u00c1rea de Filolog\u00eda Latina y Lengua Espa\u00f1ola de la Universidad Pablo de Olavide Rosario Moreno Soldevila y Mercedes de la Torre, e interpretada por Marta Cuevas, estudiante del Doble Grado en Humanidades y Traducci\u00f3n e Interpretaci\u00f3n, y es un anticipo del Proyecto Voces-Casandra, que se desarrollar\u00e1 a lo largo del curso 2016-2017.<\/p>\n<p><b>Furor Bacchicus Teatro<\/b> nace en 2012 en el seno de la Facultad de Humanidades de la Universidad Pablo de Olavide para explorar y difundir el teatro grecolatino y con ello reivindicar la cultura y los saberes human\u00edsticos como bienes de primera necesidad. Est\u00e1 formada por alumnos y egresados de los Grados en Humanidades, Geograf\u00eda e Historia, Traducci\u00f3n e Interpretaci\u00f3n y Doble Grado en Humanidades y Traducci\u00f3n e Interpretaci\u00f3n, y por primera vez durante el pasado curso expandi\u00f3 sus fronteras a otros universitarios de la Universidad Pablo de Olavide, coordinados por las profesoras Rosario Moreno y Mercedes de la Torre. \u201cRudens (La maroma)\u201d de Plauto fue, durante el pasado curso, el sexto montaje de la compa\u00f1\u00eda, que ya ha representado \u201cLa asamblea de las mujeres\u201d de Arist\u00f3fanes, \u201cC\u00e1sina\u201d y \u201cEl cartagin\u00e9s\u201d de Plauto, \u201cEl Juicio de Paris\u201d de Luciano de Samosata y \u201cLas troyanas\u201d, de Eur\u00edpides.<\/p>\n","protected":false},"excerpt":{"rendered":"<p>Furor Bacchicus Teatro, grupo de teatro grecolatino de la Facultad de Humanidades de la Universidad Pablo de Olavide, participa hoy viernes en La Noche en Blanco sevillana, con un mon\u00f3logo adaptado de la tragedia \u201cAgamen\u00f3n\u201d de S\u00e9neca. La cita ser\u00e1 a las 21:30 en la Casa-Museo de la Fundaci\u00f3n Pintor Amalio, en la plaza de Do\u00f1a Elvira de Sevilla. La entrada es libre hasta completar aforo.<\/p>\n","protected":false},"author":2,"featured_media":0,"comment_status":"closed","ping_status":"open","sticky":false,"template":"","format":"standard","meta":{"_monsterinsights_skip_tracking":false,"_monsterinsights_sitenote_active":false,"_monsterinsights_sitenote_note":"","_monsterinsights_sitenote_category":0,"footnotes":""},"categories":[7],"tags":[3607,96,1510,3608,95],"class_list":["post-15685904","post","type-post","status-publish","format-standard","hentry","category-cultura","tag-agamenon","tag-facultad-de-humanidades","tag-furor-bacchicus-teatro","tag-seneca","tag-teatro"],"_links":{"self":[{"href":"https:\/\/www.upo.es\/diario\/wp-json\/wp\/v2\/posts\/15685904","targetHints":{"allow":["GET"]}}],"collection":[{"href":"https:\/\/www.upo.es\/diario\/wp-json\/wp\/v2\/posts"}],"about":[{"href":"https:\/\/www.upo.es\/diario\/wp-json\/wp\/v2\/types\/post"}],"author":[{"embeddable":true,"href":"https:\/\/www.upo.es\/diario\/wp-json\/wp\/v2\/users\/2"}],"replies":[{"embeddable":true,"href":"https:\/\/www.upo.es\/diario\/wp-json\/wp\/v2\/comments?post=15685904"}],"version-history":[{"count":6,"href":"https:\/\/www.upo.es\/diario\/wp-json\/wp\/v2\/posts\/15685904\/revisions"}],"predecessor-version":[{"id":15754081,"href":"https:\/\/www.upo.es\/diario\/wp-json\/wp\/v2\/posts\/15685904\/revisions\/15754081"}],"wp:attachment":[{"href":"https:\/\/www.upo.es\/diario\/wp-json\/wp\/v2\/media?parent=15685904"}],"wp:term":[{"taxonomy":"category","embeddable":true,"href":"https:\/\/www.upo.es\/diario\/wp-json\/wp\/v2\/categories?post=15685904"},{"taxonomy":"post_tag","embeddable":true,"href":"https:\/\/www.upo.es\/diario\/wp-json\/wp\/v2\/tags?post=15685904"}],"curies":[{"name":"wp","href":"https:\/\/api.w.org\/{rel}","templated":true}]}}