{"id":15702590,"date":"2016-10-07T08:15:18","date_gmt":"2016-10-07T08:15:18","guid":{"rendered":"https:\/\/www.upo.es\/diario\/?p=15702590"},"modified":"2016-10-11T06:53:06","modified_gmt":"2016-10-11T06:53:06","slug":"concierto-de-zarzuela-con-motivo-de-la-apertura-del-curso-2016-2017-de-la-universidad-pablo-de-olavide","status":"publish","type":"post","link":"https:\/\/www.upo.es\/diario\/institucional\/2016\/10\/concierto-de-zarzuela-con-motivo-de-la-apertura-del-curso-2016-2017-de-la-universidad-pablo-de-olavide\/","title":{"rendered":"Concierto de Zarzuela con motivo de la apertura del curso 2016-2017 de la Universidad Pablo de Olavide"},"content":{"rendered":"<p style=\"text-align: justify;\"><a href=\"https:\/\/www.upo.es\/diario\/wp-content\/uploads\/2016\/10\/conciertozarzuela.jpg\"><img loading=\"lazy\" decoding=\"async\" class=\"aligncenter size-large wp-image-15702591\" alt=\"conciertozarzuela\" src=\"https:\/\/www.upo.es\/diario\/wp-content\/uploads\/2016\/10\/conciertozarzuela-600x400.jpg\" width=\"600\" height=\"400\" srcset=\"https:\/\/www.upo.es\/diario\/wp-content\/uploads\/2016\/10\/conciertozarzuela-600x400.jpg 600w, https:\/\/www.upo.es\/diario\/wp-content\/uploads\/2016\/10\/conciertozarzuela-320x213.jpg 320w\" sizes=\"auto, (max-width: 600px) 100vw, 600px\" \/><\/a>El Paraninfo de la Universidad Pablo de Olavide acogi\u00f3 ayer por la noche la celebraci\u00f3n del Concierto de Apertura del Curso 2016-2017 de la Universidad Pablo de Olavide, que estuvo a cargo de la Orquesta Titular del Proyecto Socio-Cultural de la Compa\u00f1\u00eda Sevillana de Zarzuela, y al que asisti\u00f3 el rector Vicente Guzm\u00e1n.<\/p>\n<p style=\"text-align: justify;\">El concierto, presentado por el presidente del Proyecto Socio-Cultural de la Compa\u00f1\u00eda Sevillana de Zarzuela, el profesor Javier S\u00e1nchez-Rivas, estuvo bajo la direcci\u00f3n musical de la primera directora de orquesta de Sevilla, Elena Mart\u00ednez Delgado, y con la actuaci\u00f3n de la soprano Carmen Jim\u00e9nez \u00c1lvarez y la concertina Claudia Gallardo Uriarte.<\/p>\n<figure id=\"attachment_15702592\" aria-describedby=\"caption-attachment-15702592\" style=\"width: 320px\" class=\"wp-caption alignright\"><a href=\"https:\/\/www.upo.es\/diario\/wp-content\/uploads\/2016\/10\/conciertozarzuela1.jpg\"><img loading=\"lazy\" decoding=\"async\" class=\"size-medium wp-image-15702592\" alt=\"De izq a dha: Francisco Guerrero, presidente institucional del Proyecto Socio-Cultural de la Compa\u00f1\u00eda Sevillana de Zarzuela, la concertina Claudia Gallardo, Pilar Rodr\u00edguez, vicerrectora de Relaciones Institucionales y Comunicaci\u00f3n de la UPO, la soprano Carmen Jim\u00e9nez, el rector de la UPO, Vicente Guzm\u00e1n, la directora de orquesta de Sevilla, Elena Mart\u00ednez, y el director del Proyecto Socio-Cultural de la Compa\u00f1\u00eda Sevillana de Zarzuela, Javier S\u00e1nchez-Rivas.\" src=\"https:\/\/www.upo.es\/diario\/wp-content\/uploads\/2016\/10\/conciertozarzuela1-320x213.jpg\" width=\"320\" height=\"213\" srcset=\"https:\/\/www.upo.es\/diario\/wp-content\/uploads\/2016\/10\/conciertozarzuela1-320x213.jpg 320w, https:\/\/www.upo.es\/diario\/wp-content\/uploads\/2016\/10\/conciertozarzuela1-600x399.jpg 600w, https:\/\/www.upo.es\/diario\/wp-content\/uploads\/2016\/10\/conciertozarzuela1.jpg 2000w\" sizes=\"auto, (max-width: 320px) 100vw, 320px\" \/><\/a><figcaption id=\"caption-attachment-15702592\" class=\"wp-caption-text\">De izq a dcha: Francisco Guerrero, presidente institucional del Proyecto Socio-Cultural de la Compa\u00f1\u00eda Sevillana de Zarzuela; la concertina Claudia Gallardo; Pilar Rodr\u00edguez, vicerrectora de Relaciones Institucionales y Comunicaci\u00f3n de la UPO; la soprano Carmen Jim\u00e9nez; el rector de la UPO, Vicente Guzm\u00e1n; la directora de orquesta, Elena Mart\u00ednez, y el director del Proyecto Socio-Cultural de la Compa\u00f1\u00eda Sevillana de Zarzuela, Javier S\u00e1nchez-Rivas.<\/figcaption><\/figure>\n<p style=\"text-align: justify;\">El programa del concierto estuvo conformado por un amplio repertorio con \u00a0obras como la Leyenda del Beso, de Reveriano Soutullo y Juan Vert; El Ni\u00f1o Jud\u00edo, de Pablo Luna; La Tempranica y Bodas de Luis Alonso, de Ger\u00f3nimo Gim\u00e9nez; Bohemios y Canci\u00f3n del Arlequ\u00edn, de Amadeo Vives; Vals de la Seguridad de la Gran V\u00eda, de Federico Chueca; Tambor de Granaderos, de Ruperto Chap\u00ed; Vals de la Corte del Fara\u00f3n, de Vicente LLe\u00f3, y Romanza de Pilar, de Manuel Fern\u00e1ndez Caballero.<\/p>\n<p style=\"text-align: justify;\">Por segundo a\u00f1o consecutivo, la Orquesta Titular del Proyecto Socio-Cultural de la Compa\u00f1\u00eda Sevillana de Zarzuela est\u00e1 presente en un acto institucional de la Universidad Pablo de Olavide, ya que el a\u00f1o pasado se celebr\u00f3 el primer concierto de Zarzuela en nuestra instituci\u00f3n para celebrar el 18 aniversario de la UPO.<\/p>\n<p><a title=\"Concierto de Apertura del Curso 2016-2017 de la UPO\" href=\"https:\/\/www.flickr.com\/photos\/pablodeolavide\/albums\/72157674781448366\" data-flickr-embed=\"true\" data-header=\"true\"><img loading=\"lazy\" decoding=\"async\" alt=\"Concierto de Apertura del Curso 2016-2017 de la UPO\" src=\"https:\/\/c7.staticflickr.com\/6\/5800\/30131325886_91424d3b00_z.jpg\" width=\"640\" height=\"427\" \/><\/a><script charset=\"utf-8\" type=\"text\/javascript\" src=\"\/\/embedr.flickr.com\/assets\/client-code.js\" async=\"\"><\/script><\/p>\n","protected":false},"excerpt":{"rendered":"<p>El Paraninfo de la Universidad Pablo de Olavide acogi\u00f3 la celebraci\u00f3n del Concierto de Apertura del Curso 2016-2017 de la Universidad Pablo de Olavide, que estuvo a cargo de la Orquesta Titular del Proyecto Socio-Cultural de la Compa\u00f1\u00eda Sevillana de Zarzuela, y al que asisti\u00f3 el rector Vicente Guzm\u00e1n. <\/p>\n","protected":false},"author":4,"featured_media":0,"comment_status":"closed","ping_status":"open","sticky":false,"template":"","format":"standard","meta":{"_monsterinsights_skip_tracking":false,"_monsterinsights_sitenote_active":false,"_monsterinsights_sitenote_note":"","_monsterinsights_sitenote_category":0,"footnotes":""},"categories":[6,7],"tags":[3611,403,3610,1684,3609],"class_list":["post-15702590","post","type-post","status-publish","format-standard","hentry","category-institucional","category-cultura","tag-apertura-curso","tag-concierto","tag-concierto-zarzuela","tag-paraninfo","tag-zarzuela"],"_links":{"self":[{"href":"https:\/\/www.upo.es\/diario\/wp-json\/wp\/v2\/posts\/15702590","targetHints":{"allow":["GET"]}}],"collection":[{"href":"https:\/\/www.upo.es\/diario\/wp-json\/wp\/v2\/posts"}],"about":[{"href":"https:\/\/www.upo.es\/diario\/wp-json\/wp\/v2\/types\/post"}],"author":[{"embeddable":true,"href":"https:\/\/www.upo.es\/diario\/wp-json\/wp\/v2\/users\/4"}],"replies":[{"embeddable":true,"href":"https:\/\/www.upo.es\/diario\/wp-json\/wp\/v2\/comments?post=15702590"}],"version-history":[{"count":6,"href":"https:\/\/www.upo.es\/diario\/wp-json\/wp\/v2\/posts\/15702590\/revisions"}],"predecessor-version":[{"id":15772571,"href":"https:\/\/www.upo.es\/diario\/wp-json\/wp\/v2\/posts\/15702590\/revisions\/15772571"}],"wp:attachment":[{"href":"https:\/\/www.upo.es\/diario\/wp-json\/wp\/v2\/media?parent=15702590"}],"wp:term":[{"taxonomy":"category","embeddable":true,"href":"https:\/\/www.upo.es\/diario\/wp-json\/wp\/v2\/categories?post=15702590"},{"taxonomy":"post_tag","embeddable":true,"href":"https:\/\/www.upo.es\/diario\/wp-json\/wp\/v2\/tags?post=15702590"}],"curies":[{"name":"wp","href":"https:\/\/api.w.org\/{rel}","templated":true}]}}