{"id":1572012,"date":"2013-09-13T10:39:21","date_gmt":"2013-09-13T10:39:21","guid":{"rendered":"https:\/\/www.upo.es\/diario\/?p=1572012"},"modified":"2013-09-13T10:39:21","modified_gmt":"2013-09-13T10:39:21","slug":"ampliado-el-plazo-del-ii-premio-de-ensayo-sobre-innovacion-en-la-historia-de-andalucia-convocado-por-cta","status":"publish","type":"post","link":"https:\/\/www.upo.es\/diario\/infoupo\/2013\/09\/ampliado-el-plazo-del-ii-premio-de-ensayo-sobre-innovacion-en-la-historia-de-andalucia-convocado-por-cta\/","title":{"rendered":"Ampliado el plazo del II Premio de Ensayo sobre Innovaci\u00f3n en la Historia de Andaluc\u00eda convocado por CTA"},"content":{"rendered":"<p><a href=\"http:\/\/www.corporaciontecnologica.com\/es\/index.html\">Corporaci\u00f3n Tecnol\u00f3gica de Andaluc\u00eda<\/a> (CTA) ha ampliado <b>hasta el 15 de noviembre<\/b> el plazo para presentar obras a la segunda edici\u00f3n del <b>Premio CTA de Ensayo sobre Innovaci\u00f3n en la Historia de Andaluc\u00eda<\/b>, dotado con seis mil euros adem\u00e1s de la publicaci\u00f3n del texto ganador.<\/p>\n<p>Los textos presentados deben ser divulgativos y girar en torno a la \u201cInnovaci\u00f3n y a los Avances Tecnol\u00f3gicos que se han producido a lo largo de la Historia en Andaluc\u00eda\u201d, seg\u00fan las bases del Premio. El objetivo es poner de manifiesto que Andaluc\u00eda ha sido un pueblo innovador a lo largo de la historia y que ha protagonizado avances trascendentales para la Humanidad. Las obras presentadas deben ser in\u00e9ditas y pueden ser individuales o elaboradas en colaboraci\u00f3n por varios autores.<\/p>\n<p>El Jurado, compuesto por personalidades relevantes vinculadas a la divulgaci\u00f3n cient\u00edfica y la innovaci\u00f3n, fallar\u00e1 el premio en el primer trimestre de 2014. La obra &#8216;Entre dos mundos: la aventura de la innovaci\u00f3n y la creaci\u00f3n de empresas en Andaluc\u00eda&#8217;, de In\u00e9s And\u00fajar Nagore, Ana Fern\u00e1ndez Zubieta y Manuel Fern\u00e1ndez Esquinas (CSIC), result\u00f3 ganadora de la primera edici\u00f3n de este Premio.<\/p>\n<ul>\n<li><strong><a href=\"http:\/\/www.corporaciontecnologica.com\/opencms\/export\/sites\/cta\/galerias\/galeria-de-descargas\/Basesmaquetadas_modf.pdf\">Premio CTA de Ensayo sobre Innovaci\u00f3n en la Historia de Andaluc\u00eda \u2013 bases (pdf)<\/a><\/strong><\/li>\n<\/ul>\n","protected":false},"excerpt":{"rendered":"<p>Corporaci\u00f3n Tecnol\u00f3gica de Andaluc\u00eda (CTA) ha ampliado hasta el 15 de noviembre el plazo para presentar obras a la segunda edici\u00f3n del Premio CTA de Ensayo sobre Innovaci\u00f3n en la Historia de Andaluc\u00eda, dotado con seis mil euros adem\u00e1s de la publicaci\u00f3n del texto ganador.<\/p>\n","protected":false},"author":6,"featured_media":0,"comment_status":"closed","ping_status":"open","sticky":false,"template":"","format":"standard","meta":{"_monsterinsights_skip_tracking":false,"_monsterinsights_sitenote_active":false,"_monsterinsights_sitenote_note":"","_monsterinsights_sitenote_category":0,"footnotes":""},"categories":[5],"tags":[],"class_list":["post-1572012","post","type-post","status-publish","format-standard","hentry","category-infoupo"],"_links":{"self":[{"href":"https:\/\/www.upo.es\/diario\/wp-json\/wp\/v2\/posts\/1572012","targetHints":{"allow":["GET"]}}],"collection":[{"href":"https:\/\/www.upo.es\/diario\/wp-json\/wp\/v2\/posts"}],"about":[{"href":"https:\/\/www.upo.es\/diario\/wp-json\/wp\/v2\/types\/post"}],"author":[{"embeddable":true,"href":"https:\/\/www.upo.es\/diario\/wp-json\/wp\/v2\/users\/6"}],"replies":[{"embeddable":true,"href":"https:\/\/www.upo.es\/diario\/wp-json\/wp\/v2\/comments?post=1572012"}],"version-history":[{"count":2,"href":"https:\/\/www.upo.es\/diario\/wp-json\/wp\/v2\/posts\/1572012\/revisions"}],"predecessor-version":[{"id":1572014,"href":"https:\/\/www.upo.es\/diario\/wp-json\/wp\/v2\/posts\/1572012\/revisions\/1572014"}],"wp:attachment":[{"href":"https:\/\/www.upo.es\/diario\/wp-json\/wp\/v2\/media?parent=1572012"}],"wp:term":[{"taxonomy":"category","embeddable":true,"href":"https:\/\/www.upo.es\/diario\/wp-json\/wp\/v2\/categories?post=1572012"},{"taxonomy":"post_tag","embeddable":true,"href":"https:\/\/www.upo.es\/diario\/wp-json\/wp\/v2\/tags?post=1572012"}],"curies":[{"name":"wp","href":"https:\/\/api.w.org\/{rel}","templated":true}]}}