{"id":1572559,"date":"2013-09-13T01:30:24","date_gmt":"2013-09-13T01:30:24","guid":{"rendered":"https:\/\/www.upo.es\/diario\/?p=1572559"},"modified":"2013-09-16T12:59:54","modified_gmt":"2013-09-16T12:59:54","slug":"el-proximo-lunes-comienza-en-la-upo-la-selectividad-de-septiembre","status":"publish","type":"post","link":"https:\/\/www.upo.es\/diario\/institucional\/2013\/09\/el-proximo-lunes-comienza-en-la-upo-la-selectividad-de-septiembre\/","title":{"rendered":"El pr\u00f3ximo lunes comienza en la UPO la Selectividad de septiembre"},"content":{"rendered":"<figure id=\"attachment_1021323\" aria-describedby=\"caption-attachment-1021323\" style=\"width: 320px\" class=\"wp-caption alignright\"><a href=\"https:\/\/www.upo.es\/diario\/wp-content\/uploads\/2013\/06\/selectividad1.jpg\"><img loading=\"lazy\" decoding=\"async\" class=\"size-medium wp-image-1021323\" alt=\"estudiantes examin\u00e1ndose de la Selectividad en la UPO el pasado a\u00f1o\" src=\"https:\/\/www.upo.es\/diario\/wp-content\/uploads\/2013\/06\/selectividad1-320x191.jpg\" width=\"320\" height=\"191\" srcset=\"https:\/\/www.upo.es\/diario\/wp-content\/uploads\/2013\/06\/selectividad1-320x191.jpg 320w, https:\/\/www.upo.es\/diario\/wp-content\/uploads\/2013\/06\/selectividad1-1024x613.jpg 1024w, https:\/\/www.upo.es\/diario\/wp-content\/uploads\/2013\/06\/selectividad1-600x359.jpg 600w\" sizes=\"auto, (max-width: 320px) 100vw, 320px\" \/><\/a><figcaption id=\"caption-attachment-1021323\" class=\"wp-caption-text\">Estudiantes examin\u00e1ndose de la Selectividad en la UPO<\/figcaption><\/figure>\n<p>Un total de 289 estudiantes de Bachillerato y de Ciclos Formativos de Grado Superior de Sevilla y provincia se examinar\u00e1n de Selectividad desde el pr\u00f3ximo lunes en la Universidad Pablo de Olavide. La Prueba de Acceso a la Universidad se celebrar\u00e1 los d\u00edas 16, 17, 18 y 19 de septiembre. La Olavide ha distribuido los 21centros educativos en una sede ubicada en el edificio 5 \u201cJos\u00e9 Mar\u00eda Blanco White\u201d.<\/p>\n<p>Los estudiantes est\u00e1n citados el pr\u00f3ximo lunes 16 de septiembre a las 8.00 horas, mientras que la Prueba de Acceso a la Universidad dar\u00e1 comienzo a las 8.30 horas, desarroll\u00e1ndose el primer examen de 8.30 a 10 horas. Los alumnos tendr\u00e1n un primer descanso desde las 10 hasta las 10.45 horas.<\/p>\n<p>De los 289 estudiantes que se presentan a las pruebas en la Universidad Pablo de Olavide, 163 son mujeres y 126 son hombres. Por su parte, 278 alumnos proceden de Bachillerato y 11 de Ciclos Formativos de Grado Superior. Respecto al n\u00famero de alumnos que se presentan a cada fase, 190 estudiantes realizar\u00e1n tanto la fase espec\u00edfica como la general, mientras que 28 se examinar\u00e1n \u00fanicamente de la fase general y 71 de la fase espec\u00edfica.<\/p>\n<p>El examen consta de una prueba general con 4 ejercicios: Lengua Castellana y Literatura; Lengua Extranjera; Historia o Filosof\u00eda, y una materia de la modalidad de Bachillerato elegida por el estudiante. No existe un m\u00ednimo para aprobar cada examen, pero la media de las cuatro asignaturas debe ser igual o superior a 4 para considerar la prueba aprobada. En esta fase se puede alcanzar una nota m\u00e1xima de 10 y su validez es de car\u00e1cter indefinido.<\/p>\n<p>No obstante, los estudiantes tendr\u00e1n la oportunidad de subir nota hasta 4 puntos examin\u00e1ndose de una prueba espec\u00edfica y voluntaria que realizar\u00e1 la UPO, en aquellas materias que est\u00e9n relacionadas con la rama del conocimiento de la carrera elegida. Podr\u00e1n examinarse de un m\u00e1ximo de 4 ex\u00e1menes, y solamente contar\u00e1n las 2 notas de mayor puntuaci\u00f3n. Las materias superadas en la fase espec\u00edfica tienen validez en el curso que se superan y los dos siguientes cursos (se podr\u00e1n usar en los procesos de admisi\u00f3n de tres cursos). Transcurridos esos dos siguientes cursos caducan las calificaciones de la fase espec\u00edfica.<\/p>\n<p>Los estudiantes que tengan un t\u00edtulo de t\u00e9cnico superior de Formaci\u00f3n Profesional (FP), t\u00e9cnico superior de Artes Pl\u00e1sticas y Dise\u00f1o o t\u00e9cnico Deportivo Superior y equivalentes tienen la posibilidad de presentarse a la fase espec\u00edfica de la Prueba de Acceso a la Universidad en Andaluc\u00eda aunque pueden acceder a los estudios universitarios sin necesidad de realizar la Selectividad. Los estudiantes que quieran ingresar en carreras superiores con exceso de demanda deben examinarse de esta fase para poder mejorar su nota de admisi\u00f3n.<\/p>\n<div>\n<p>En la UPO, se examinar\u00e1n de la Selectividad los estudiantes procedentes de <b>21 centros<\/b> de Ense\u00f1anza Secundaria y Formaci\u00f3n Profesional de Sevilla y provincia, distribuy\u00e9ndolos en una sede. Estos 21 centros son el colegio Escuelas Profesionales de la Sagrada Familia (Sevilla), el colegio Salesianos de San Pedro (Sevilla), el colegio San Fernando (Sevilla), el IES Vel\u00e1zquez (Sevilla), el IES Joaqu\u00edn Turina (Sevilla), el IES Miguel de Cervantes (Sevilla), el IES Ram\u00f3n del Valle Incl\u00e1n (Sevilla), el colegio Albaydar (Sevilla), el colegio Alberto Durero (Sevilla), el IES Ruiz Gij\u00f3n (Utrera), el IES Mateo Alem\u00e1n (San Juan de Aznalfarache), el IES Severo Ochoa (San Juan de Aznalfarache), el IES Camas (Camas), el IES Juan de Mairena (Mairena del Aljarafe), el IES Atenea (Mairena del Aljarafe), el IES Rodrigo Caro (Coria del R\u00edo), el IES Pepe Ruiz Vela (Villaverde del R\u00edo), el IES Carmen Laff\u00f3n (San Jos\u00e9 de la Rinconada) el IES Los \u00c1lamos (Bormujos), el colegio Antonio de Sol\u00eds (Sevilla), y el Centro de Estudios Sanitarios Dr. Ardu\u00e1n (Sevilla).<\/p>\n<\/div>\n<p>Por su parte, la Universidad Pablo de Olavide ha puesto en marcha un <b>portal web<\/b> espec\u00edfico dirigido a los futuros universitarios (<a href=\"http:\/\/www.upo.es\/guia-estudios\/index.html\">http:\/\/www.upo.es\/guia-estudios\/index.html<\/a>), que recoge la informaci\u00f3n relacionada con el acceso a la Universidad, as\u00ed como la oferta de grados y dobles grados, movilidad y actividades sociales, culturales y deportivas que ofrece la UPO en su campus universitario.<\/p>\n<p>La UPO ha distribuido para esta convocatoria de septiembre los centros educativos en 1 sede de Selectividad:<\/p>\n<p>&nbsp;<\/p>\n<table border=\"1\" cellspacing=\"0\" cellpadding=\"0\" align=\"left\">\n<tbody>\n<tr>\n<td valign=\"top\" width=\"483\"><b>SEDE 1<\/b><\/td>\n<td valign=\"top\" width=\"180\">\n<p align=\"center\"><b>\u00a0<\/b><\/p>\n<\/td>\n<\/tr>\n<tr>\n<td valign=\"top\" width=\"483\"><b>C.D.P. ANTONIO SOL\u00cdS<\/b><\/td>\n<td valign=\"top\" width=\"180\">\n<p align=\"center\"><b>EDIFICIO 5, AULA 1<\/b><\/p>\n<\/td>\n<\/tr>\n<tr>\n<td valign=\"top\" width=\"483\"><b>C.D.P. SALESIANOS SAN PEDRO<\/b><\/td>\n<td valign=\"top\" width=\"180\">\n<p align=\"center\"><b>EDIFICIO 5, AULA 1<\/b><\/p>\n<\/td>\n<\/tr>\n<tr>\n<td valign=\"top\" width=\"483\"><b>I.E.S. JOAQU\u00cdN TURINA <\/b><\/td>\n<td valign=\"top\" width=\"180\">\n<p align=\"center\"><b>EDIFICIO 5, AULA 1<\/b><\/p>\n<\/td>\n<\/tr>\n<tr>\n<td valign=\"top\" width=\"483\"><b>I.E.S JUAN DE MAIRENA <\/b><\/td>\n<td valign=\"top\" width=\"180\">\n<p align=\"center\"><b>EDIFICIO 5, AULA 1<\/b><\/p>\n<\/td>\n<\/tr>\n<tr>\n<td valign=\"top\" width=\"483\"><b>I.E.S. RODRIGO CARO<\/b><\/td>\n<td valign=\"top\" width=\"180\">\n<p align=\"center\"><b>EDIFICIO 5, AULA 1<\/b><\/p>\n<\/td>\n<\/tr>\n<tr>\n<td valign=\"top\" width=\"483\"><b>C.D.P. CENTRO DE ESTUDIOS SANITARIOS DR. ARDU\u00c1N <\/b><\/td>\n<td valign=\"top\" width=\"180\">\n<p align=\"center\"><b>EDIFICIO 5, AULA 2<\/b><\/p>\n<\/td>\n<\/tr>\n<tr>\n<td valign=\"top\" width=\"483\"><b>I.E.S. VALLE INCL\u00c1N<\/b><\/td>\n<td valign=\"top\" width=\"180\">\n<p align=\"center\"><b>EDIFICIO 5, AULA 2<\/b><\/p>\n<\/td>\n<\/tr>\n<tr>\n<td valign=\"top\" width=\"483\"><b>I.E.S. RUIZ GIJ\u00d3N<\/b><\/td>\n<td valign=\"top\" width=\"180\">\n<p align=\"center\"><b>EDIFICIO 5, AULA 2<\/b><\/p>\n<\/td>\n<\/tr>\n<tr>\n<td valign=\"top\" width=\"483\"><b>C.D.P. ALBAYDAR<\/b><\/td>\n<td valign=\"top\" width=\"180\">\n<p align=\"center\"><b>EDIFICIO 5, AULA 3<\/b><\/p>\n<\/td>\n<\/tr>\n<tr>\n<td valign=\"top\" width=\"483\"><b>C.D.P EE.PP. DE LA SAGRADA FAMILIA\u2013NUESTRA SE\u00d1ORA DE LOS REYES <\/b><\/td>\n<td valign=\"top\" width=\"180\">\n<p align=\"center\"><b>EDIFICIO 5, AULA 3<\/b><\/p>\n<\/td>\n<\/tr>\n<tr>\n<td valign=\"top\" width=\"483\"><b>C.D.P. SAN FERNANDO <\/b><\/td>\n<td valign=\"top\" width=\"180\">\n<p align=\"center\"><b>EDIFICIO 5, AULA 3<\/b><\/p>\n<\/td>\n<\/tr>\n<tr>\n<td valign=\"top\" width=\"483\"><b>I.E.S ATENEA<\/b><\/td>\n<td valign=\"top\" width=\"180\">\n<p align=\"center\"><b>EDIFICIO 5, AULA 3<\/b><\/p>\n<\/td>\n<\/tr>\n<tr>\n<td valign=\"top\" width=\"483\"><b>I.E.S. CARMEN LAFF\u00d3N<\/b><\/td>\n<td valign=\"top\" width=\"180\">\n<p align=\"center\"><b>EDIFICIO 5, AULA 3<\/b><\/p>\n<\/td>\n<\/tr>\n<tr>\n<td valign=\"top\" width=\"483\"><b>I.E.S. MIGUEL DE CERVANTES <\/b><\/td>\n<td valign=\"top\" width=\"180\">\n<p align=\"center\"><b>EDIFICIO 5, AULA 3<\/b><\/p>\n<\/td>\n<\/tr>\n<tr>\n<td width=\"483\"><b>C.D.P. ALBERTO DURERO<\/b><\/td>\n<td width=\"180\">\n<p align=\"center\"><b>EDIFICIO 5, AULA 4<\/b><\/p>\n<\/td>\n<\/tr>\n<tr>\n<td valign=\"top\" width=\"483\"><b>I.E.S. CAMAS<\/b><\/td>\n<td valign=\"top\" width=\"180\">\n<p align=\"center\"><b>EDIFICIO 5, AULA 4<\/b><\/p>\n<\/td>\n<\/tr>\n<tr>\n<td valign=\"top\" width=\"483\"><b>I.E.S. LOS \u00c1LAMOS<\/b><\/td>\n<td valign=\"top\" width=\"180\">\n<p align=\"center\"><b>EDIFICIO 5, AULA 4<\/b><\/p>\n<\/td>\n<\/tr>\n<tr>\n<td valign=\"top\" width=\"483\"><b>I.E.S. MATEO ALEM\u00c1N <\/b><\/td>\n<td valign=\"top\" width=\"180\">\n<p align=\"center\"><b>EDIFICIO 5, AULA 4<\/b><\/p>\n<\/td>\n<\/tr>\n<tr>\n<td valign=\"top\" width=\"483\"><b>I.E.S. PEPE RU\u00cdZ VELA<\/b><\/td>\n<td valign=\"top\" width=\"180\">\n<p align=\"center\"><b>EDIFICIO 5, AULA 4<\/b><\/p>\n<\/td>\n<\/tr>\n<tr>\n<td valign=\"top\" width=\"483\"><b>I.E.S. SEVERO OCHOA <\/b><\/td>\n<td valign=\"top\" width=\"180\">\n<p align=\"center\"><b>EDIFICIO 5, AULA 4<\/b><\/p>\n<\/td>\n<\/tr>\n<tr>\n<td valign=\"top\" width=\"483\"><b>I.E.S. VEL\u00c1ZQUEZ<\/b><\/td>\n<td valign=\"top\" width=\"180\">\n<p align=\"center\"><b>EDIFICIO 5, AULA 4<\/b><\/p>\n<\/td>\n<\/tr>\n<\/tbody>\n<\/table>\n<p>&nbsp;<\/p>\n<p>Todos los alumnos de Lenguaje y Pr\u00e1ctica Musical, Historia de la M\u00fasica y Danza y An\u00e1lisis Musical II se examinar\u00e1n en\u00a0 el: EDIFICIO 3 &#8211; AULA 4.<\/p>\n<p>Todos los alumnos de Dibujo Art\u00edstico II, Dise\u00f1o y T\u00e9cnicas de Expresi\u00f3n Gr\u00e1fico Pl\u00e1sticas se examinar\u00e1n en el: EDIFICIO 3\u00a0 SEMINARIO.<\/p>\n<p>Vocales Colaboradores de Centro: EDIFICIO 3 &#8211; AULA 2.<\/p>\n<p>Aula de Incidencias: EDIFICIO 3 \u2013 AULA 4.<\/p>\n<p>&nbsp;<\/p>\n<p>El calendario de las Pruebas de Acceso a la Universidad en la Universidad Pablo de Olavide es el siguiente:<\/p>\n<p>&nbsp;<\/p>\n<table border=\"1\" cellspacing=\"0\" cellpadding=\"0\">\n<tbody>\n<tr>\n<td valign=\"top\" width=\"84\">\n<p align=\"center\"><b>HORARIO<\/b><\/p>\n<\/td>\n<td valign=\"top\" width=\"132\">\n<p align=\"center\"><b>PRIMER D\u00cdA<\/b><\/p>\n<\/td>\n<td valign=\"top\" width=\"120\">\n<p align=\"center\"><b>SEGUNDO D\u00cdA<\/b><\/p>\n<\/td>\n<td valign=\"top\" width=\"144\">\n<p align=\"center\"><b>TERCER D\u00cdA<\/b><\/p>\n<\/td>\n<td valign=\"top\" width=\"144\">\n<p align=\"center\"><b>CUARTO D\u00cdA<\/b><\/p>\n<\/td>\n<\/tr>\n<tr>\n<td valign=\"top\" width=\"84\"><b>8:00-8:30 <\/b><\/td>\n<td valign=\"top\" width=\"132\"><b>Citaci\u00f3n<\/b><\/td>\n<td valign=\"top\" width=\"120\"><b>Citaci\u00f3n<\/b><\/td>\n<td valign=\"top\" width=\"144\">\n<p align=\"center\"><b>Citaci\u00f3n<\/b><\/p>\n<\/td>\n<td valign=\"top\" width=\"144\"><b>Citaci\u00f3n<\/b><\/td>\n<\/tr>\n<tr>\n<td valign=\"top\" width=\"84\"><b>8:30-10:00 <\/b><\/td>\n<td width=\"132\">COMENTARIO DE TEXTO RELACIONADO CON LA LENGUA CASTELLANA Y LA LITERATURA II<\/td>\n<td width=\"120\">HISTORIA DEL ARTE&nbsp;<\/p>\n<p>MATEM\u00c1TICAS II<\/td>\n<td width=\"144\">HISTORIA DE LA M\u00daSICA YLA D\u00c1NZA<\/p>\n<p>&nbsp;<\/p>\n<p>DIBUJO ART\u00cdSTICO II<\/p>\n<p>&nbsp;<\/p>\n<p>F\u00cdSICA<\/p>\n<p>&nbsp;<\/p>\n<p>LAT\u00cdN II<\/p>\n<p>&nbsp;<\/td>\n<td width=\"144\">A DISPOSICI\u00d3N DE LA COMISI\u00d3N COORDINADORA PARA POSIBLES INCOMPATIBILIDADES<\/td>\n<\/tr>\n<tr>\n<td valign=\"top\" width=\"84\"><b>10:00-10:45<\/b><\/td>\n<td width=\"132\"><b>DESCANSO<\/b><\/td>\n<td width=\"120\"><b>DESCANSO<\/b><\/td>\n<td width=\"144\"><b>DESCANSO<\/b><\/td>\n<td width=\"144\"><b>DESCANSO<\/b><\/td>\n<\/tr>\n<tr>\n<td valign=\"top\" width=\"84\"><b>10:45-12:15<\/b><\/td>\n<td width=\"132\">HISTORIA DE ESPA\u00d1A&nbsp;<\/p>\n<p>HISTORIA DE LA FILOSOF\u00cdA<\/td>\n<td width=\"120\">T\u00c9CNICAS DE EXPR. GR\u00c1FICO-PL\u00c1STICAS<\/p>\n<p>&nbsp;<\/p>\n<p>QU\u00cdMICA<\/p>\n<p>&nbsp;<\/p>\n<p>ELECTROT\u00c9CNIA<\/p>\n<p>&nbsp;<\/p>\n<p>LITERATURA UNIVERSAL<\/p>\n<p>&nbsp;<\/td>\n<td width=\"144\">AN\u00c1LISIS MUSICAL II&nbsp;<\/p>\n<p>DISE\u00d1O<\/p>\n<p>&nbsp;<\/p>\n<p>GEOGRAF\u00cdA<\/p>\n<p>&nbsp;<\/p>\n<p>BIOLOG\u00cdA<\/td>\n<td width=\"144\">A DISPOSICI\u00d3N DE LA COMISI\u00d3N COORDINADORA PARA POSIBLES INCOMPATIBILIDADES<\/td>\n<\/tr>\n<tr>\n<td valign=\"top\" width=\"84\"><b>12:15-13:00<\/b><\/td>\n<td width=\"132\"><b>DESCANSO<\/b><\/td>\n<td width=\"120\"><b>DESCANSO<\/b><\/td>\n<td width=\"144\"><b>DESCANSO<\/b><\/td>\n<td width=\"144\"><b>DESCANSO<\/b><\/td>\n<\/tr>\n<tr>\n<td valign=\"top\" width=\"84\"><b>13:00-14:30<\/b><\/td>\n<td width=\"132\">IDIOMA EXTRANJERO<\/td>\n<td width=\"120\">LENGUAJE Y PR\u00c1CTICA MUSICAL&nbsp;<\/p>\n<p>TECNOLOG\u00cdA INDUSTRIAL II<\/p>\n<p>&nbsp;<\/p>\n<p>MATEM\u00c1T. APLIC. A\u00a0 LAS CC. SOCIALES II<\/td>\n<td width=\"144\">DIBUJO T\u00c9CNICO II&nbsp;<\/p>\n<p>CIENCIAS DE LA TIERRA Y MEDIOAMBIENTALES<\/p>\n<p>&nbsp;<\/p>\n<p>ECONOM\u00cdA DE LA EMPRESA<\/p>\n<p>&nbsp;<\/p>\n<p>GRIEGO II<\/td>\n<td width=\"144\">A DISPOSICI\u00d3N DE LA COMISI\u00d3N COORDINADORA PARA POSIBLES INCOMPATIBILIDADES<\/td>\n<\/tr>\n<\/tbody>\n<\/table>\n<p>&nbsp;<\/p>\n<p>&nbsp;<\/p>\n<p>&nbsp;<\/p>\n","protected":false},"excerpt":{"rendered":"<p>Un total de 289 estudiantes de Bachillerato y de Ciclos Formativos de Grado Superior de Sevilla y provincia se examinar\u00e1n de Selectividad desde el pr\u00f3ximo lunes en la Universidad Pablo de Olavide. La Prueba de Acceso a la Universidad se celebrar\u00e1 los d\u00edas 16, 17, 18 y 19 de septiembre. La Olavide ha distribuido los 21 centros educativos en una sede ubicada en el edificio 5 \u201cJos\u00e9 Mar\u00eda Blanco White\u201d. <\/p>\n","protected":false},"author":2,"featured_media":0,"comment_status":"closed","ping_status":"open","sticky":false,"template":"","format":"standard","meta":{"_monsterinsights_skip_tracking":false,"_monsterinsights_sitenote_active":false,"_monsterinsights_sitenote_note":"","_monsterinsights_sitenote_category":0,"footnotes":""},"categories":[6],"tags":[501,21,690,665,39],"class_list":["post-1572559","post","type-post","status-publish","format-standard","hentry","category-institucional","tag-acceso","tag-estudiantes","tag-prueba-de-acceso-a-la-universidad","tag-selectividad","tag-universidades"],"_links":{"self":[{"href":"https:\/\/www.upo.es\/diario\/wp-json\/wp\/v2\/posts\/1572559","targetHints":{"allow":["GET"]}}],"collection":[{"href":"https:\/\/www.upo.es\/diario\/wp-json\/wp\/v2\/posts"}],"about":[{"href":"https:\/\/www.upo.es\/diario\/wp-json\/wp\/v2\/types\/post"}],"author":[{"embeddable":true,"href":"https:\/\/www.upo.es\/diario\/wp-json\/wp\/v2\/users\/2"}],"replies":[{"embeddable":true,"href":"https:\/\/www.upo.es\/diario\/wp-json\/wp\/v2\/comments?post=1572559"}],"version-history":[{"count":5,"href":"https:\/\/www.upo.es\/diario\/wp-json\/wp\/v2\/posts\/1572559\/revisions"}],"predecessor-version":[{"id":1572561,"href":"https:\/\/www.upo.es\/diario\/wp-json\/wp\/v2\/posts\/1572559\/revisions\/1572561"}],"wp:attachment":[{"href":"https:\/\/www.upo.es\/diario\/wp-json\/wp\/v2\/media?parent=1572559"}],"wp:term":[{"taxonomy":"category","embeddable":true,"href":"https:\/\/www.upo.es\/diario\/wp-json\/wp\/v2\/categories?post=1572559"},{"taxonomy":"post_tag","embeddable":true,"href":"https:\/\/www.upo.es\/diario\/wp-json\/wp\/v2\/tags?post=1572559"}],"curies":[{"name":"wp","href":"https:\/\/api.w.org\/{rel}","templated":true}]}}